{"id":20,"date":"2012-02-20T19:36:24","date_gmt":"2012-02-20T19:36:24","guid":{"rendered":"http:\/\/blogs.lasprovincias.es\/elfrancotirador\/?p=20"},"modified":"2012-02-20T19:36:24","modified_gmt":"2012-02-20T19:36:24","slug":"educar-a-porrazos","status":"publish","type":"post","link":"https:\/\/blogs.lasprovincias.es\/elfrancotirador\/2012\/02\/20\/educar-a-porrazos\/","title":{"rendered":"Educar a porrazos no es bueno"},"content":{"rendered":"<p>La violencia, venga de donde venga, no es un buen m\u00e9todo para educar. Y menos a porrazos.\u00a0Aquello de <strong>la letra con sangre<\/strong> <strong>entra, y\u00a0en este caso a borbotones con cabezas abiertas,<\/strong>\u00a0es propio de tiempos pasados que, afortunadamente, muchos no vivieron y otros\u00a0tantos lo pasamos enganchados a la teta. Crec\u00ed con la imagen del Cojo Manteca con chupa de cuero y muleta en mano a mamporros con el mobiliario urbano. Fotograf\u00edas de finales de los ochenta que para m\u00ed ya son en blanco y negro. Im\u00e1genes casi desterradas que ahora vuelven con fuerza y a la fuerza en pleno centro de Valencia con el tsunami de las redes sociales.<\/p>\n<p>No comparto\u00a0el todo\u00a0vale con cortes de tr\u00e1fico a las bravas. Pero detesto el abuso\u00a0de\u00a0la violencia a\u00a0tortazo limpio contra adolescentes que\u00a0atisban\u00a0un futuro sin futuro. <strong>Las\u00a0porras o defensas en este caso son ofensas<\/strong>. Lamento la intromisi\u00f3n de <strong>antisistemas, de\u00a0estudiantes sin estudios, de alborotadores incontrolados<\/strong>\u00a0que prostituyen una protesta que despierta a una juventud adormecida que, en definitiva, son los que tendr\u00e1n que sacar a este pa\u00eds de la crisis con cerebro o cojones. Me asusta que el m\u00e1ximo responsable de la Polic\u00eda Nacional aluda a los estudiantes como &#8220;el enemigo&#8221; como un Gila sin gracia, mientras el presidente de la Federaci\u00f3n Valenciana de Estudiantes ejerza de descerebrado al grito de que seguir\u00e1n quemando las calles de Valencia con la \u00fanica consecuencia de que el contenedor volcado le estropear\u00e1 la cena a m\u00e1s de un parado. Una declaraci\u00f3n de intenciones de un tonto de baba.\u00a0Y lamento <strong>que no haya una\u00a0decisi\u00f3n conjunta de los partidos pol\u00edticos e instituciones valencianas<\/strong> para intentar que termine la batalla campal. Y no entiendo que se hayan pasado el fin de semana a la sopa boba, de paella familiar o en menesteres m\u00e1s \u00edntimos sin intentar que el lunes no se repitiera lo del viernes.<\/p>\n<p>Esta ma\u00f1ana, tras dejar a mi hijo en el colegio, una madre, a t\u00edtulo personal, me ha entregado un escrito en que el ped\u00eda lo movilizaci\u00f3n de padres y madres por la calidad de la <strong>ense\u00f1anza p\u00fablica<\/strong>. Para que el comedor se pague, para que los nanos no estudien en aulas provisionales y para que el antiguo almac\u00e9n del centro no sea la clase de m\u00fasica. Los profesores, a los que se les ha tocado el plus de la antig\u00fcedad del sueldo, han acordado ce\u00f1irse a un horario que lo primero que se ha llevado por delante es la fiesta de carnaval del viernes. La madre, voluntariosa ella, ped\u00eda un esfuerzo. Invitaba a los padres a llevar a sus hijos disfrazados y a los profesores a participar del desfile. A\u00fan a riesgo, visto lo visto, de que los guardianes del orden la emprendan a discreci\u00f3n con Bob Esponjas, princesas, Supermanes sin superpoderes, ninjas con espadas del todo a 100, padres, hermanos y abuelos mientras los antisistema vestidos de Heidi y Marco revienten el derecho a protestar. Una fiesta en una cabalgata ilegal que, a este paso, no terminar\u00e1 en paz.<\/p>\n<p><a href=\"http:\/\/www.lasprovincias.es\/20120220\/comunitatvalenciana\/valencia\/jefe-policia-denuncia-radicales-201202201920.html\" rel=\"external nofollow\">http:\/\/www.lasprovincias.es\/20120220\/comunitatvalenciana\/valencia\/jefe-policia-denuncia-radicales-201202201920.html<\/a><\/p>\n<p><a href=\"http:\/\/www.lasprovincias.es\/20120220\/comunitatvalenciana\/valencia\/jefe-policia-denuncia-radicales-201202201920.html\" rel=\"external nofollow\">http:\/\/www.lasprovincias.es\/20120220\/comunitatvalenciana\/valencia\/jefe-policia-denuncia-radicales-201202201920.html<\/a><\/p>\n<p><a href=\"http:\/\/www.lasprovincias.es\/20120220\/comunitatvalenciana\/valencia\/federacio-estudiants-queman-calles-201202201959.html\" rel=\"external nofollow\">http:\/\/www.lasprovincias.es\/20120220\/comunitatvalenciana\/valencia\/federacio-estudiants-queman-calles-201202201959.html<\/a><\/p>\n<p>&nbsp;<\/p>\n<p>&nbsp;<\/p>\n<p>&nbsp;<\/p>\n<p>&nbsp;<\/p>\n<p>&nbsp;<\/p>\n<!-- AddThis Advanced Settings generic via filter on the_content --><!-- AddThis Share Buttons generic via filter on the_content -->","protected":false},"excerpt":{"rendered":"<p>La violencia, venga de donde venga, no es un buen m\u00e9todo para educar. Y menos a porrazos.\u00a0Aquello de la letra con sangre entra, y\u00a0en este caso a borbotones con cabezas abiertas,\u00a0es propio de tiempos pasados que, afortunadamente, muchos no vivieron y otros\u00a0tantos lo pasamos enganchados a la teta. Crec\u00ed con la imagen del Cojo Manteca [&hellip;]<!-- AddThis Advanced Settings generic via filter on get_the_excerpt --><!-- AddThis Share Buttons generic via filter on get_the_excerpt --><\/p>\n","protected":false},"author":22,"featured_media":0,"comment_status":"open","ping_status":"closed","sticky":false,"template":"","format":"standard","meta":[],"categories":[2],"tags":[],"_links":{"self":[{"href":"https:\/\/blogs.lasprovincias.es\/elfrancotirador\/wp-json\/wp\/v2\/posts\/20"}],"collection":[{"href":"https:\/\/blogs.lasprovincias.es\/elfrancotirador\/wp-json\/wp\/v2\/posts"}],"about":[{"href":"https:\/\/blogs.lasprovincias.es\/elfrancotirador\/wp-json\/wp\/v2\/types\/post"}],"author":[{"embeddable":true,"href":"https:\/\/blogs.lasprovincias.es\/elfrancotirador\/wp-json\/wp\/v2\/users\/22"}],"replies":[{"embeddable":true,"href":"https:\/\/blogs.lasprovincias.es\/elfrancotirador\/wp-json\/wp\/v2\/comments?post=20"}],"version-history":[{"count":0,"href":"https:\/\/blogs.lasprovincias.es\/elfrancotirador\/wp-json\/wp\/v2\/posts\/20\/revisions"}],"wp:attachment":[{"href":"https:\/\/blogs.lasprovincias.es\/elfrancotirador\/wp-json\/wp\/v2\/media?parent=20"}],"wp:term":[{"taxonomy":"category","embeddable":true,"href":"https:\/\/blogs.lasprovincias.es\/elfrancotirador\/wp-json\/wp\/v2\/categories?post=20"},{"taxonomy":"post_tag","embeddable":true,"href":"https:\/\/blogs.lasprovincias.es\/elfrancotirador\/wp-json\/wp\/v2\/tags?post=20"}],"curies":[{"name":"wp","href":"https:\/\/api.w.org\/{rel}","templated":true}]}}