{"id":22,"date":"2012-02-27T17:04:26","date_gmt":"2012-02-27T17:04:26","guid":{"rendered":"http:\/\/blogs.lasprovincias.es\/elfrancotirador\/?p=22"},"modified":"2012-02-27T17:04:26","modified_gmt":"2012-02-27T17:04:26","slug":"las-traductoras-rumanas","status":"publish","type":"post","link":"https:\/\/blogs.lasprovincias.es\/elfrancotirador\/2012\/02\/27\/las-traductoras-rumanas\/","title":{"rendered":"Las traductoras rumanas"},"content":{"rendered":"<p>La ola de fr\u00edo trajo a la Comunitat una <strong>primavera g\u00e9lida de palos<\/strong>, protestas y manifestaciones estudiantiles a las bravas donde unos y otros han hecho poco por mantener la calma. Todo ello con la banda sonora de una <strong>web politizada<\/strong> (o no) que ha servido para que hiervan almas ya de por s\u00ed calientes por su juventud o porque corren, corrieron y correr\u00e1n <strong>delante de los grises<\/strong> como aquellos que juran y perjuran que s\u00f3lo ven<strong> los documentales de La 2.<\/strong><\/p>\n<p>Y la semana tambi\u00e9n trajo una ola helada de <strong>detenciones en fr\u00edos calabozos<\/strong> por una solidaridad insolidaria que convirti\u00f3, al menos as\u00ed lo parece y si no ya se demostrar\u00e1 en un juzgado, <strong>pozos de agua en pisos en zonas residenciales<\/strong> con dinero p\u00fablico y a tocateja. Con una red de oeneg\u00e9s en el que no se sabe si <strong>Tauroni o la taurina<\/strong> mantiene a m\u00e1s de uno despierto y en vela por lo que pueda pasar.<\/p>\n<p>Entre los term\u00f3metros a bajo cero siempre hay asuntos calientes. Porque el morbo lo trajo la oposici\u00f3n parlamentaria al pedir que comparezcan en Les Corts las cuatro <strong>traductoras rumanas<\/strong> Lilica, Alina, Ionel y Catalina (que est\u00e1n ilocalizables)\u00a0por el apestoso<strong> caso Emarsa<\/strong>. Un asunto\u00a0de lodos y fango donde al parecer m\u00e1s de uno <strong>se ha llenado los bolsillos de billetes<\/strong> a modo de papel higi\u00e9nico. Nadie puede negar que el\u00a0culebr\u00f3n est\u00e1 servido si se acepta una comparecencia en la que la oposici\u00f3n est\u00e1 muy interesada en saber si entre otros idiomas <strong>dominan el franc\u00e9s<\/strong>.<\/p>\n<p>&nbsp;<\/p>\n<p>&nbsp;<br \/>\n<a href=\"https:\/\/twitter.com\/share\" class=\"twitter-share-button\" data-url=\"http:\/\/https:\/\/blogs.lasprovincias.es\/elfrancotirador\/\" data-text=\"Traductoras rumanas\" data-via=\"hesteban15\" data-lang=\"es\" rel=\"external nofollow\">Twittear<\/a><br \/>\n<script>!function(d,s,id){var js,fjs=d.getElementsByTagName(s)[0];if(!d.getElementById(id)){js=d.createElement(s);js.id=id;js.src=\"\/\/platform.twitter.com\/widgets.js\";fjs.parentNode.insertBefore(js,fjs);}}(document,\"script\",\"twitter-wjs\");<\/script><\/p>\n<!-- AddThis Advanced Settings generic via filter on the_content --><!-- AddThis Share Buttons generic via filter on the_content -->","protected":false},"excerpt":{"rendered":"<p>La ola de fr\u00edo trajo a la Comunitat una primavera g\u00e9lida de palos, protestas y manifestaciones estudiantiles a las bravas donde unos y otros han hecho poco por mantener la calma. Todo ello con la banda sonora de una web politizada (o no) que ha servido para que hiervan almas ya de por s\u00ed calientes [&hellip;]<!-- AddThis Advanced Settings generic via filter on get_the_excerpt --><!-- AddThis Share Buttons generic via filter on get_the_excerpt --><\/p>\n","protected":false},"author":22,"featured_media":0,"comment_status":"open","ping_status":"closed","sticky":false,"template":"","format":"standard","meta":[],"categories":[2],"tags":[6,163,236,612,647],"_links":{"self":[{"href":"https:\/\/blogs.lasprovincias.es\/elfrancotirador\/wp-json\/wp\/v2\/posts\/22"}],"collection":[{"href":"https:\/\/blogs.lasprovincias.es\/elfrancotirador\/wp-json\/wp\/v2\/posts"}],"about":[{"href":"https:\/\/blogs.lasprovincias.es\/elfrancotirador\/wp-json\/wp\/v2\/types\/post"}],"author":[{"embeddable":true,"href":"https:\/\/blogs.lasprovincias.es\/elfrancotirador\/wp-json\/wp\/v2\/users\/22"}],"replies":[{"embeddable":true,"href":"https:\/\/blogs.lasprovincias.es\/elfrancotirador\/wp-json\/wp\/v2\/comments?post=22"}],"version-history":[{"count":0,"href":"https:\/\/blogs.lasprovincias.es\/elfrancotirador\/wp-json\/wp\/v2\/posts\/22\/revisions"}],"wp:attachment":[{"href":"https:\/\/blogs.lasprovincias.es\/elfrancotirador\/wp-json\/wp\/v2\/media?parent=22"}],"wp:term":[{"taxonomy":"category","embeddable":true,"href":"https:\/\/blogs.lasprovincias.es\/elfrancotirador\/wp-json\/wp\/v2\/categories?post=22"},{"taxonomy":"post_tag","embeddable":true,"href":"https:\/\/blogs.lasprovincias.es\/elfrancotirador\/wp-json\/wp\/v2\/tags?post=22"}],"curies":[{"name":"wp","href":"https:\/\/api.w.org\/{rel}","templated":true}]}}