{"id":220,"date":"2012-09-27T20:34:57","date_gmt":"2012-09-27T20:34:57","guid":{"rendered":"http:\/\/blogs.lasprovincias.es\/elfrancotirador\/?p=220"},"modified":"2012-09-27T20:34:57","modified_gmt":"2012-09-27T20:34:57","slug":"baldovi-el-opaco-ii","status":"publish","type":"post","link":"https:\/\/blogs.lasprovincias.es\/elfrancotirador\/2012\/09\/27\/baldovi-el-opaco-ii\/","title":{"rendered":"Baldov\u00ed, el opaco (II)"},"content":{"rendered":"<p><a href=\"\/elfrancotirador\/wp-content\/uploads\/sites\/17\/2012\/09\/Baldo.jpg\"><img loading=\"lazy\" class=\"alignleft size-medium wp-image-221\" title=\"DOCU_LP PLENO CONGRESO\" src=\"\/elfrancotirador\/wp-content\/uploads\/sites\/17\/2012\/09\/Baldo.jpg\" alt=\"\" width=\"199\" height=\"300\" srcset=\"https:\/\/static-blogs.lasprovincias.es\/wp-content\/uploads\/sites\/17\/2012\/09\/Baldo.jpg 533w, https:\/\/static-blogs.lasprovincias.es\/wp-content\/uploads\/sites\/17\/2012\/09\/Baldo-200x300.jpg 200w, https:\/\/static-blogs.lasprovincias.es\/wp-content\/uploads\/sites\/17\/2012\/09\/Baldo-400x600.jpg 400w\" sizes=\"(max-width: 199px) 100vw, 199px\" \/><\/a>En marzo, <strong>el diputado de Comprom\u00eds-Equo, Joan Baldov\u00ed<\/strong>, el pol\u00edtico m\u00e1s transparente del mundo mundial, <strong>llam\u00f3 al peri\u00f3dico muy ofendido<\/strong> por la publicaci\u00f3n de este art\u00edculo:<a href=\"http:\/\/www.lasprovincias.es\/20120324\/mas-actualidad\/politica\/baldovi-compromis-alcalde-opaco-201203241120.html\" rel=\"external nofollow\"> &#8220;Baldov\u00ed, el alcalde m\u00e1s opaco de la Comunitat&#8221;<\/a><\/p>\n<p>La informaci\u00f3n simplemente contaba que<strong> Sueca no hab\u00eda rendido cuentas a la Sindicatura de Comptes desde 2006 hasta 2010<\/strong>. Baldov\u00ed, el ahora parlamentario en el Congreso de los Diputados, fue<strong> alcalde<\/strong> de la localidad de La Ribera en la legislatura <strong>2007 a 2011<\/strong>, que coincide b\u00e1sicamente con el periodo apuntado por el \u00f3rgano fiscalizador de la Generalitat.<\/p>\n<p>Baldo, como se le conoce en el partido,<strong> llam\u00f3 con voz de mando\u00a0exigiendo rectificaci\u00f3n y &#8220;una plana&#8221; en s\u00e1bado<\/strong>. Algunos creen que un esca\u00f1o les da para dominar el mundo.<\/p>\n<p>Los d\u00edas posteriores tuvieron <strong>una intrahistoria curiosa<\/strong> que dieron lugar a un post en este mismo blog: <a href=\"https:\/\/blogs.lasprovincias.es\/elfrancotirador\/2012\/04\/10\/baldovi-el-opaco\/\">&#8220;Baldov\u00ed, el opaco&#8221;.<\/a><\/p>\n<p>Ante tama\u00f1a ofensa,<strong> la maquinaria de Comprom\u00eds y Bloc<\/strong>\u00a0se puso a trabajar\u00a0en defensa de su inmaculado diputado con<strong> perlas<\/strong> como estas:<\/p>\n<p>Algunos calificaron a <strong>El\u00a0Francotirador<\/strong> de <a href=\"http:\/\/www.sentimentche.es\/foro\/viewtopic.php?f=3&#038;t=18992&#038;p=1179451\" rel=\"external nofollow\">&#8220;joputa&#8221;<\/a> (sic) para defender al transparente.<\/p>\n<p>Otros, como <a href=\"https:\/\/twitter.com\/RicardChulia\" rel=\"external nofollow\">@ricardchulia<\/a> (t\u00edo, no me mandes tuits de madrugada que los ni\u00f1os duermen),\u00a0escribieron\u00a0un post <strong>para defender<\/strong> al suecano: <a href=\"http:\/\/ricardchulia.wordpress.com\/2012\/04\/16\/el-franctirador-sempre-truca-dues-vegades\/\" rel=\"external nofollow\">&#8220;El franctirador sempre truca dues vegades&#8221;<\/a>\u00a0. \u00a1Qu\u00e9 lastima! Y yo que pensaba que hab\u00edamos<strong> limado asperezas en privado por twitter<\/strong> despu\u00e9s de que me pidieras que no pusiera el nombre de tu hermano como el responsable del servidor en el que se aloj\u00f3 la web de <a href=\"http:\/\/www.lasprovincias.es\/v\/20120222\/valencia\/compromis-registro-horas-antes-20120222.html\" rel=\"external nofollow\">#primaveravalenciana<\/a>. Te digo que s\u00ed y a las primeras de cambio me la metes sin avisar.<\/p>\n<p>Baldov\u00ed,<strong> como no ten\u00eda ni plana ni s\u00e1bado en el peri\u00f3dico<\/strong>, ofreci\u00f3 tambi\u00e9n su versi\u00f3n de los hechos en la web de Comprom\u00eds: <a href=\"http:\/\/joanbaldovi.com\/blog\/273\/en-defensa-del-meu-nom\/\" rel=\"external nofollow\">En defensa del meu nom<\/a><\/p>\n<p>A m\u00ed me parece bien que cada uno defienda su nombre con criterio y raz\u00f3n. Pero <strong>nadie dijo que las cuentas de Sueca fueran buenas ni malas<\/strong>. S\u00f3lo que no se presentaban.<\/p>\n<p>El pasado mi\u00e9rcoles, en el debate de pol\u00edtica general, <strong>Alfonso Rus<\/strong> sac\u00f3 a pasear a &#8216;Baldov\u00ed, el opaco&#8217; en la tribuna de Les Corts. Una an\u00e9cdota.<\/p>\n<p>Pero el jueves 27 de septiembre <strong>en la comisi\u00f3n de Econom\u00eda de Les Corts, el S\u00edndic de Comptes, Rafael Vicente Queralt<\/strong>, la m\u00e1xima instituci\u00f3n fiscalizadora de las cuentas de esta Comunitat fue muy claro (ah\u00ed estar\u00e1 el diario de sesiones):<\/p>\n<ul>\n<li>Lament\u00f3 que el Ayuntamiento de <strong>Sueca lleve desde 2006 sin rendir cuentas<\/strong>.<\/li>\n<li>Pidi\u00f3 a <strong>la Generalitat que no conceda subvenciones<\/strong> a los municipios que no\u00a0sean transparentes sobre su contabilidad. Puso como ejemplo a<strong> Sueca<\/strong>.<\/li>\n<li>Desvel\u00f3 que el<strong> Tribunal de Cuentas<\/strong>, (s\u00ed, desde Madrid), <strong>ha abierto un expediente<\/strong> de oficio al Ayuntamiento de Sueca (el de Baldov\u00ed) por no rendir cuentas. Igual que al <a href=\"http:\/\/www.lasprovincias.es\/20120414\/mas-actualidad\/politica\/tribunal-cuentas-bloc-2007-201204141242.html\" rel=\"external nofollow\">Bloc<\/a> por la campa\u00f1a electoral de 2007.<\/li>\n<li>Record\u00f3 que desde la Sindicatura se hab\u00eda hecho<strong> una visita a Sueca<\/strong> con el fin de ver lo qu\u00e9 pasaba y que, ni por esas, al a\u00f1o siguiente se present\u00f3 lo requerido.<\/li>\n<li>Y para colmo, <strong>desmont\u00f3 la teor\u00eda de Baldov\u00ed<\/strong> de que no enviaba los n\u00fameros porque no ten\u00eda la contabilidad del Consell Agrari. El S\u00edndic vino a decir que eso era una menudencia y que la \u00a0pod\u00eda enviar sin problema.<\/li>\n<\/ul>\n<p><strong>Repito<\/strong>: no s\u00e9 si las cuentas de Sueca en la etapa Baldov\u00ed son buenas o malas. S\u00f3lo digo que no las presenta.<\/p>\n<p>Por cierto, hay quien dice que el diputado utiliza los servicios del Ayuntamiento<a href=\"http:\/\/www.riberabaixa.info\/index.php\/inici\/2999-baldovi-bloc-compromis-torna-a-utilitzar-recursos-municipals-de-sueca-per-a-usos-del-seu-partit\" rel=\"external nofollow\"> para promocionar su actividad de diputado en Madrid<\/a>. Cuando el agua suena&#8230;<\/p>\n<p><strong>Por cierto Chuli\u00e0<\/strong>, El Francotirador llama las veces que haga falta.<\/p>\n<p><a class=\"twitter-follow-button\" href=\"https:\/\/twitter.com\/hesteban15\" data-show-count=\"false\" data-lang=\"es\" rel=\"external nofollow\">Seguir a @hesteban15<\/a><br \/>\n<script type=\"text\/javascript\">\/\/ <![CDATA[\n!function(d,s,id){var js,fjs=d.getElementsByTagName(s)[0];if(!d.getElementById(id)){js=d.createElement(s);js.id=id;js.src=\"\/\/platform.twitter.com\/widgets.js\";fjs.parentNode.insertBefore(js,fjs);}}(document,\"script\",\"twitter-wjs\");\n\/\/ ]]><\/script><\/p>\n<!-- AddThis Advanced Settings generic via filter on the_content --><!-- AddThis Share Buttons generic via filter on the_content -->","protected":false},"excerpt":{"rendered":"<p>En marzo, el diputado de Comprom\u00eds-Equo, Joan Baldov\u00ed, el pol\u00edtico m\u00e1s transparente del mundo mundial, llam\u00f3 al peri\u00f3dico muy ofendido por la publicaci\u00f3n de este art\u00edculo: &#8220;Baldov\u00ed, el alcalde m\u00e1s opaco de la Comunitat&#8221; La informaci\u00f3n simplemente contaba que Sueca no hab\u00eda rendido cuentas a la Sindicatura de Comptes desde 2006 hasta 2010. Baldov\u00ed, el [&hellip;]<!-- AddThis Advanced Settings generic via filter on get_the_excerpt --><!-- AddThis Share Buttons generic via filter on get_the_excerpt --><\/p>\n","protected":false},"author":22,"featured_media":0,"comment_status":"open","ping_status":"closed","sticky":false,"template":"","format":"standard","meta":[],"categories":[2],"tags":[59,82,152,158,167,370,371,372,621,649],"_links":{"self":[{"href":"https:\/\/blogs.lasprovincias.es\/elfrancotirador\/wp-json\/wp\/v2\/posts\/220"}],"collection":[{"href":"https:\/\/blogs.lasprovincias.es\/elfrancotirador\/wp-json\/wp\/v2\/posts"}],"about":[{"href":"https:\/\/blogs.lasprovincias.es\/elfrancotirador\/wp-json\/wp\/v2\/types\/post"}],"author":[{"embeddable":true,"href":"https:\/\/blogs.lasprovincias.es\/elfrancotirador\/wp-json\/wp\/v2\/users\/22"}],"replies":[{"embeddable":true,"href":"https:\/\/blogs.lasprovincias.es\/elfrancotirador\/wp-json\/wp\/v2\/comments?post=220"}],"version-history":[{"count":0,"href":"https:\/\/blogs.lasprovincias.es\/elfrancotirador\/wp-json\/wp\/v2\/posts\/220\/revisions"}],"wp:attachment":[{"href":"https:\/\/blogs.lasprovincias.es\/elfrancotirador\/wp-json\/wp\/v2\/media?parent=220"}],"wp:term":[{"taxonomy":"category","embeddable":true,"href":"https:\/\/blogs.lasprovincias.es\/elfrancotirador\/wp-json\/wp\/v2\/categories?post=220"},{"taxonomy":"post_tag","embeddable":true,"href":"https:\/\/blogs.lasprovincias.es\/elfrancotirador\/wp-json\/wp\/v2\/tags?post=220"}],"curies":[{"name":"wp","href":"https:\/\/api.w.org\/{rel}","templated":true}]}}