{"id":229,"date":"2012-10-03T20:31:11","date_gmt":"2012-10-03T20:31:11","guid":{"rendered":"http:\/\/blogs.lasprovincias.es\/elfrancotirador\/?p=229"},"modified":"2012-10-03T20:31:11","modified_gmt":"2012-10-03T20:31:11","slug":"monica-oltra-gobierna-el-rebano","status":"publish","type":"post","link":"https:\/\/blogs.lasprovincias.es\/elfrancotirador\/2012\/10\/03\/monica-oltra-gobierna-el-rebano\/","title":{"rendered":"M\u00f3nica Oltra gobierna el reba\u00f1o"},"content":{"rendered":"<p><a class=\"twitter-follow-button\" href=\"https:\/\/twitter.com\/hesteban15\" data-show-count=\"false\" data-lang=\"es\" rel=\"external nofollow\">Seguir a @hesteban15<\/a><br \/>\n<script type=\"text\/javascript\">\/\/ <![CDATA[\n!function(d,s,id){var js,fjs=d.getElementsByTagName(s)[0];if(!d.getElementById(id)){js=d.createElement(s);js.id=id;js.src=\"\/\/platform.twitter.com\/widgets.js\";fjs.parentNode.insertBefore(js,fjs);}}(document,\"script\",\"twitter-wjs\");\n\/\/ ]]><\/script><br \/>\nEl pasado s\u00e1bado, <strong>uno de los nuevos ricos del PSPV<\/strong>, minutos antes de que comenzara el Comit\u00e9 Nacional,\u00a0apuntaba hacia\u00a0una reuni\u00f3n tranquila. Sin casi contestaci\u00f3n interna.\u00a0Con tono ufano y cierta sorna coment\u00f3 que las bases, poco a poco, han comenzado<strong> a seguir el paso que marca\u00a0el jefe de la manada, <a href=\"http:\/\/www.lasprovincias.es\/20120929\/mas-actualidad\/politica\/puig-primarias-abiertas-presidencia-201209291748.html\" rel=\"external nofollow\">Ximo Puig<\/a><\/strong>. &#8220;Poto pom, poto pom&#8221;, dec\u00eda mientras balanceaba su cintura\u00a0como el coronel Hathi en El Libro de la Selva.<\/p>\n<p><a href=\"\/elfrancotirador\/wp-content\/uploads\/sites\/17\/2012\/10\/contubernio-dos4.jpg\"><img loading=\"lazy\" class=\"alignleft size-full wp-image-236\" title=\"contubernio-dos\" src=\"\/elfrancotirador\/wp-content\/uploads\/sites\/17\/2012\/10\/contubernio-dos4.jpg\" alt=\"\" width=\"647\" height=\"426\" srcset=\"https:\/\/static-blogs.lasprovincias.es\/wp-content\/uploads\/sites\/17\/2012\/10\/contubernio-dos4.jpg 647w, https:\/\/static-blogs.lasprovincias.es\/wp-content\/uploads\/sites\/17\/2012\/10\/contubernio-dos4-300x198.jpg 300w\" sizes=\"(max-width: 647px) 100vw, 647px\" \/><\/a>En el pleno del mi\u00e9rcoles 3 de octubre,\u00a0una mirada\u00a0a vista de p\u00e1jaro de <em>Txema Rodr\u00edguez<\/em>\u00a0en Les Corts fue suficiente para descubrir <strong>al pastor espiritual del reba\u00f1o opositor<\/strong>. Aqu\u00ed la que parte el bacalao es la portavoz adjunta de Comprom\u00eds, <strong><a href=\"https:\/\/blogs.lasprovincias.es\/elfrancotirador\/2012\/04\/15\/miss-camiseta-mojada\/\">M\u00f3nica Oltra<\/a><\/strong>. Se quiera o no. <strong>En su esca\u00f1o se arm\u00f3 la estrategia<\/strong> para dar respuesta al PP en la votaci\u00f3n de los consejeros de RTVV.\u00a0All\u00ed <strong>pasaron a despachar todos<\/strong>, desde los generales hasta los chusqueros. Oltra, m\u00e1s a base de espect\u00e1culo que de propuestas, se ha ganado impartir doctrina y que todo el mundo pida cita. No se sabe si la estrategia la orden\u00f3 Oltra. Quiz\u00e1 fue de otros. Pero todo se coci\u00f3 en la\u00a0faldas de la diputada, como se ve en la imagen.<\/p>\n<p>Por la bancada de <strong>Comprom\u00eds<\/strong>, con Oltra de anfitriona y Morera de apoyo, desfilaron el portavoz socialista, <strong><a href=\"http:\/\/www.lasprovincias.es\/v\/20120911\/politica\/mesa-corts-pendiente-euros-20120911.html\" rel=\"external nofollow\">Antonio Torres<\/a><\/strong>, y la s\u00edndica\u00a0de Esquerra Unida, <strong>Marga Sanz<\/strong>. Ambos aportaron su opini\u00f3n. Luego se unieron unos cuantos m\u00e1s. Ignacio Blanco por EU y algunos de los socialistas m\u00e1s beligerantes como <strong>Josep Moreno<\/strong> o <strong>Juan Soto<\/strong>, que atend\u00eda desde su esca\u00f1o. Francesc Signes y Vicenta Crespo tampoco se lo quisieron perder. <strong>Hasta <a href=\"http:\/\/www.lasprovincias.es\/v\/20100928\/politica\/eclipse-luna-20100928.html\" rel=\"external nofollow\">\u00c1ngel Luna<\/a> baj\u00f3 de la Mesa\u00a0<\/strong>para ver qu\u00e9 se coc\u00eda por all\u00ed porque igual no sab\u00eda ni lo que ten\u00eda que votar. Paco Toledo fue el \u00faltimo en aparecer, quiz\u00e1 para confrontar con Sergio, su hijo, de Nuevas Generaciones.<\/p>\n<p>\u00bfEsquerra Unida no se acuerda que <strong>sus <a href=\"http:\/\/www.lasprovincias.es\/valencia\/20070724\/politica\/confirma-expulsion-oltra-molla_200707241400.html\" rel=\"external nofollow\">excompa\u00f1eras<\/a> de Iniciativa y su exsocios del Bloc los dejaron a pan y agua<\/strong> casi una legislatura? \u00bfY el<strong> PSPV<\/strong>? <a href=\"http:\/\/www.lasprovincias.es\/v\/20100815\/politica\/oltra-suspira-pspv-20100815.html\" rel=\"external nofollow\">Que ponga directamente a Oltra<\/a> como cabeza de lista a las auton\u00f3micas. Les ir\u00eda mejor fijo.<\/p>\n<p>La reuni\u00f3n de escalera se plasm\u00f3 en la votaci\u00f3n.<strong> La respuesta fue sonora<\/strong>. Cada vez que el presidente de Les Corts, Juan Cotino, le\u00eda los cuatro\u00a0nombres de las papeletas del PP, los grupos de la oposici\u00f3n aporrearon y patalearon sus esca\u00f1os. Risas, <strong>sesi\u00f3n bullanguera para animar al personal<\/strong>. \u00a1Maaammbo!<\/p>\n<p>Los m\u00e1s ruidosos, los de Comprom\u00eds. En EU tambi\u00e9n, hasta que se perdieron bajo las pantallas de sus port\u00e1tiles. En el PSPV, <strong>aquellos diputados que parece que estar\u00edan m\u00e1s a gusto con Oltra<\/strong> y compa\u00f1\u00eda que bajo el yugo lermista se lo pasaron chupi: &#8220;pom, pom, pom&#8230;&#8221;. As\u00ed una y otra vez.<\/p>\n<p>&nbsp;<\/p>\n<div id=\"attachment_237\" style=\"width: 310px\" class=\"wp-caption aligncenter\"><a href=\"\/elfrancotirador\/wp-content\/uploads\/sites\/17\/2012\/10\/aisla1.jpg\"><img aria-describedby=\"caption-attachment-237\" loading=\"lazy\" class=\"size-medium wp-image-237\" title=\"03-10-2012. Comunidad Valenciana. Valencia. Pleno de Les Corts (Cortes Valencianas), en el que tras una reuni\u00f3n previa del grupo popular se nombr\u00f3 al diputado Jorge Bellver como nuevo portavoz en sustituci\u00f3n de Rafael Blasco, imputado por el caso Cooperac\" src=\"\/elfrancotirador\/wp-content\/uploads\/sites\/17\/2012\/10\/aisla1.jpg\" alt=\"\" width=\"300\" height=\"193\" srcset=\"https:\/\/static-blogs.lasprovincias.es\/wp-content\/uploads\/sites\/17\/2012\/10\/aisla1.jpg 800w, https:\/\/static-blogs.lasprovincias.es\/wp-content\/uploads\/sites\/17\/2012\/10\/aisla1-300x194.jpg 300w, https:\/\/static-blogs.lasprovincias.es\/wp-content\/uploads\/sites\/17\/2012\/10\/aisla1-768x495.jpg 768w\" sizes=\"(max-width: 300px) 100vw, 300px\" \/><\/a><p id=\"caption-attachment-237\" class=\"wp-caption-text\">Moll\u00e0 r\u00ede la gracia de Soto<\/p><\/div>\n<p><strong>Oltra no es tonta<\/strong>. Ni mucho menos. <strong><a href=\"http:\/\/www.lasprovincias.es\/v\/20110524\/politica\/coalicion-votos-quitarle-diputado-20110524.html\" rel=\"external nofollow\">Ram\u00f3n Vilar<\/a> todav\u00eda debe so\u00f1ar con ella<\/strong>. En el 2003, el socialista prometi\u00f3 como diputado y d\u00edas despu\u00e9s vio como l&#8217;Entesa de Rib\u00f3 le birl\u00f3 el asiento por una decena de votos. La que gan\u00f3 aquel esca\u00f1o fue una joven, con el pelo muy largo, suelto, algo encrespado, que <strong>como una hormiguita fue rascando\u00a0papeleta a papeleta\u00a0al PSPV<\/strong> para quit\u00e1rselo a Vilar y d\u00e1rselo a Dolors P\u00e9rez de l&#8217;Entesa. Luego<strong> se merend\u00f3 a Gl\u00f2ria Marcos<\/strong>, que si no se deja el esca\u00f1o <a href=\"http:\/\/www.lasprovincias.es\/valencia\/20070717\/valenciana\/gloria-marcos-desmayada-tras_200707171223.html\" rel=\"external nofollow\">se deja la vida en Les Corts<\/a>. Y ahora, ya tiene pieza de caza mayor en la mirilla.<\/p>\n<p>Aquella joven hoy\u00a0ya no es una hormiguita. Tiene un apetito voraz. <strong>El Bloc y Morera saben que no son nada sin ella<\/strong>. Los nacionalistas la temen y ella no quiere ser una segundona. En el PSPV, siguen a los suyo, ri\u00e9ndole la gracia, y lo que no entienden es que <strong>cada voto que pierde Blanquer\u00edas va directo a la saca de la coalici\u00f3n<\/strong>.<\/p>\n<p><strong>Oltra sabe que domina la partida<\/strong>.<\/p>\n<p><strong>P. D.<\/strong> Mientras algunos socialistas participaron del jolgorio, otros muchos, con cara seria se dedicaron a lo suyo. No todo el mundo r\u00ede las gracias y piensan que la pol\u00edtica, independientemente de todo, es algo serio. Hay gente que el esp\u00edritu del recordado <strong>Antonio\u00a0Moreno<\/strong> lo tiene m\u00e1s que presente.<\/p>\n<!-- AddThis Advanced Settings generic via filter on the_content --><!-- AddThis Share Buttons generic via filter on the_content -->","protected":false},"excerpt":{"rendered":"<p>Seguir a @hesteban15 El pasado s\u00e1bado, uno de los nuevos ricos del PSPV, minutos antes de que comenzara el Comit\u00e9 Nacional,\u00a0apuntaba hacia\u00a0una reuni\u00f3n tranquila. Sin casi contestaci\u00f3n interna.\u00a0Con tono ufano y cierta sorna coment\u00f3 que las bases, poco a poco, han comenzado a seguir el paso que marca\u00a0el jefe de la manada, Ximo Puig. &#8220;Poto [&hellip;]<!-- AddThis Advanced Settings generic via filter on get_the_excerpt --><!-- AddThis Share Buttons generic via filter on get_the_excerpt --><\/p>\n","protected":false},"author":22,"featured_media":0,"comment_status":"open","ping_status":"closed","sticky":false,"template":"","format":"standard","meta":[],"categories":[2],"tags":[82,152,242,253,428,432,539,579,690],"_links":{"self":[{"href":"https:\/\/blogs.lasprovincias.es\/elfrancotirador\/wp-json\/wp\/v2\/posts\/229"}],"collection":[{"href":"https:\/\/blogs.lasprovincias.es\/elfrancotirador\/wp-json\/wp\/v2\/posts"}],"about":[{"href":"https:\/\/blogs.lasprovincias.es\/elfrancotirador\/wp-json\/wp\/v2\/types\/post"}],"author":[{"embeddable":true,"href":"https:\/\/blogs.lasprovincias.es\/elfrancotirador\/wp-json\/wp\/v2\/users\/22"}],"replies":[{"embeddable":true,"href":"https:\/\/blogs.lasprovincias.es\/elfrancotirador\/wp-json\/wp\/v2\/comments?post=229"}],"version-history":[{"count":0,"href":"https:\/\/blogs.lasprovincias.es\/elfrancotirador\/wp-json\/wp\/v2\/posts\/229\/revisions"}],"wp:attachment":[{"href":"https:\/\/blogs.lasprovincias.es\/elfrancotirador\/wp-json\/wp\/v2\/media?parent=229"}],"wp:term":[{"taxonomy":"category","embeddable":true,"href":"https:\/\/blogs.lasprovincias.es\/elfrancotirador\/wp-json\/wp\/v2\/categories?post=229"},{"taxonomy":"post_tag","embeddable":true,"href":"https:\/\/blogs.lasprovincias.es\/elfrancotirador\/wp-json\/wp\/v2\/tags?post=229"}],"curies":[{"name":"wp","href":"https:\/\/api.w.org\/{rel}","templated":true}]}}