{"id":241,"date":"2012-10-05T19:57:55","date_gmt":"2012-10-05T19:57:55","guid":{"rendered":"http:\/\/blogs.lasprovincias.es\/elfrancotirador\/?p=241"},"modified":"2012-10-05T19:57:55","modified_gmt":"2012-10-05T19:57:55","slug":"la-diputada-que-nos-echo-del-ascensor","status":"publish","type":"post","link":"https:\/\/blogs.lasprovincias.es\/elfrancotirador\/2012\/10\/05\/la-diputada-que-nos-echo-del-ascensor\/","title":{"rendered":"La diputada que nos ech\u00f3 del ascensor"},"content":{"rendered":"<p><a class=\"twitter-follow-button\" href=\"https:\/\/twitter.com\/hesteban15\" data-lang=\"es\" data-show-count=\"false\" rel=\"external nofollow\">Seguir a @hesteban15<\/a><br \/>\n<script type=\"text\/javascript\">\/\/ <![CDATA[\n!function(d,s,id){var js,fjs=d.getElementsByTagName(s)[0];if(!d.getElementById(id)){js=d.createElement(s);js.id=id;js.src=\"\/\/platform.twitter.com\/widgets.js\";fjs.parentNode.insertBefore(js,fjs);}}(document,\"script\",\"twitter-wjs\");\n\/\/ ]]><\/script><br \/>\n<span style=\"text-decoration: underline;\"><em>Mi\u00e9rcoles, 5 de octubre. 10 horas. \u00a0Les Corts Valencianes.<\/em><\/span><\/p>\n<p><strong>El presidente del Consell, Alberto Fabra<\/strong>, iba a informar a su grupo de que <a href=\"http:\/\/www.lasprovincias.es\/v\/20121004\/politica\/fabra-premia-bellver-tras-20121004.html\" rel=\"external nofollow\">Jorge Bellver sustituir\u00eda a Rafael Blasco <\/a>como portavoz en el grupo popular.<\/p>\n<p>Mi compa\u00f1era <a href=\"https:\/\/twitter.com\/MartaHortelano\" rel=\"external nofollow\">@MartaHortelano<\/a> y yo <strong>esper\u00e1bamos la llegada del ascensor<\/strong> para subir a la sala Vinatea de Les Corts, lugar en el que se reuni\u00f3 el PP.<\/p>\n<p>&nbsp;<\/p>\n<p><a href=\"\/elfrancotirador\/wp-content\/uploads\/sites\/17\/2012\/10\/Ascensor2.jpg\"><img loading=\"lazy\" class=\"aligncenter size-full wp-image-249\" title=\"Ascensor\" src=\"\/elfrancotirador\/wp-content\/uploads\/sites\/17\/2012\/10\/Ascensor2.jpg\" alt=\"\" width=\"589\" height=\"155\" srcset=\"https:\/\/static-blogs.lasprovincias.es\/wp-content\/uploads\/sites\/17\/2012\/10\/Ascensor2.jpg 589w, https:\/\/static-blogs.lasprovincias.es\/wp-content\/uploads\/sites\/17\/2012\/10\/Ascensor2-300x79.jpg 300w\" sizes=\"(max-width: 589px) 100vw, 589px\" \/><\/a><\/p>\n<p>&nbsp;<\/p>\n<p>Segundos antes de que el ascensor parara en la planta del hemiciclo, se escuch\u00f3 cierto barullo.<\/p>\n<p>Las puertas se abrieron <strong>y&#8230; la cabina iba de bote en bote de cargos populares<\/strong>.<\/p>\n<p>Miradas. Los diputados del PP y los periodistas frente a frente. Las risas y los comentarios, inevitables. Al fondo,<strong> sobresal\u00eda la cabeza del presidente Fabra, que tambi\u00e9n\u00a0sonri\u00f3 por la escena<\/strong>.<\/p>\n<p>Nosotros,<strong> inm\u00f3viles<\/strong>, apostamos por esperar.<\/p>\n<p>En ese momento,<strong> el vicepresidente Jos\u00e9 C\u00edscar<\/strong>, con naturalidad, apostado en la cabina\u00a0en la\u00a0primera fila a la izquierda de cara a nosotros nos dijo:<\/p>\n<p><strong>&#8220;\u00bfQuer\u00e9is subir? Pasad, pasad que cab\u00e9is&#8221;<\/strong><\/p>\n<p>Educados, <strong>respondimos\u00a0a la invitaci\u00f3n del vicepresidente<\/strong> y ciudadano C\u00edscar. Es cierto que a la derecha, junto al mando de botones, <strong>hab\u00eda un hueco<\/strong> en el que cab\u00edamos. Y sin peligro de sobrepeso porque nos mantenemos. Dimos un paso al frente, pusimos un pie en el ascensor y cuando nos dispon\u00edamos a entrar ya&#8230; <strong>la diputada del PP\u00a0Marisol Linares tom\u00f3 el tim\u00f3n<\/strong>:<\/p>\n<p><strong>&#8220;\u00bfC\u00f3omoo que suban? Naaadaaa de eso. \u00a1Fuera de aqu\u00ed! \u00a1Fuera! \u00a1Faltar\u00eda m\u00e1s! S\u00f3lo faltaba esto&#8221;.<\/strong><\/p>\n<p>Instintivamente, <strong>ambos sacamos el \u00fanico pie que ten\u00edamos dentro del ascensor<\/strong>. Las puertas mec\u00e1nicas se cerraron. Y Marta Hortelano y un servidor<strong>\u00a0todav\u00eda no sabemos si nos quedamos con cara de tontos<\/strong> o de besugos.<\/p>\n<p>&nbsp;<\/p>\n<div id=\"attachment_250\" style=\"width: 410px\" class=\"wp-caption aligncenter\"><a href=\"\/elfrancotirador\/wp-content\/uploads\/sites\/17\/2012\/10\/foto2.jpg\"><img aria-describedby=\"caption-attachment-250\" loading=\"lazy\" class=\"size-full wp-image-250\" title=\"foto2\" src=\"\/elfrancotirador\/wp-content\/uploads\/sites\/17\/2012\/10\/foto2.jpg\" alt=\"\" width=\"400\" height=\"299\" srcset=\"https:\/\/static-blogs.lasprovincias.es\/wp-content\/uploads\/sites\/17\/2012\/10\/foto2.jpg 400w, https:\/\/static-blogs.lasprovincias.es\/wp-content\/uploads\/sites\/17\/2012\/10\/foto2-300x224.jpg 300w\" sizes=\"(max-width: 400px) 100vw, 400px\" \/><\/a><p id=\"caption-attachment-250\" class=\"wp-caption-text\">Marta inmortaliza la cara de besugo de un servidor<\/p><\/div>\n<p><strong>He esperado unos d\u00edas para publicar este post<\/strong> como medida de gracia a la se\u00f1or\u00eda para ver si durante las jornadas de pleno se disculpaba por el trato. Ni pruna.<\/p>\n<p>\u00bfEntienden ahora aquello <strong>de la desafecci\u00f3n de la pol\u00edtica<\/strong>?, \u00bflo\u00a0de\u00a0estar <strong>alejados de la calle<\/strong>?, \u00bfeso de que sean los pol\u00edticos, <strong>seg\u00fan el CIS<\/strong>, uno de los grandes problemas de la sociedad? Si\u00a0hay alguno que ni nos brinda ni un huequecito en un ascensor c\u00f3mo vamos a esperar que alguien solucione nuestras penas m\u00e1s dom\u00e9sticas como el paro y la crisis.<\/p>\n<p>Lo sentimos, <strong>pero hemos dejado de creer<\/strong>.<\/p>\n<p><strong>P. D.<\/strong> Tanto Marta Hortelano como yo <strong>queremos agradecer a Rafael Maluenda y Ricardo Costa<\/strong> que, tras volver a subir el ascensor, <strong>nos acogieran<\/strong> todav\u00eda en estado de shock y nos permitieran subir con ellos a la planta de la sala Vinatea. <strong>Se portaron como unos ciudadanos<\/strong>.<\/p>\n<p>&nbsp;<\/p>\n<!-- AddThis Advanced Settings generic via filter on the_content --><!-- AddThis Share Buttons generic via filter on the_content -->","protected":false},"excerpt":{"rendered":"<p>Seguir a @hesteban15 Mi\u00e9rcoles, 5 de octubre. 10 horas. \u00a0Les Corts Valencianes. El presidente del Consell, Alberto Fabra, iba a informar a su grupo de que Jorge Bellver sustituir\u00eda a Rafael Blasco como portavoz en el grupo popular. Mi compa\u00f1era @MartaHortelano y yo esper\u00e1bamos la llegada del ascensor para subir a la sala Vinatea de [&hellip;]<!-- AddThis Advanced Settings generic via filter on get_the_excerpt --><!-- AddThis Share Buttons generic via filter on get_the_excerpt --><\/p>\n","protected":false},"author":22,"featured_media":0,"comment_status":"open","ping_status":"closed","sticky":false,"template":"","format":"standard","meta":[],"categories":[2],"tags":[26,123,266,297,356,377,486,522,524,573],"_links":{"self":[{"href":"https:\/\/blogs.lasprovincias.es\/elfrancotirador\/wp-json\/wp\/v2\/posts\/241"}],"collection":[{"href":"https:\/\/blogs.lasprovincias.es\/elfrancotirador\/wp-json\/wp\/v2\/posts"}],"about":[{"href":"https:\/\/blogs.lasprovincias.es\/elfrancotirador\/wp-json\/wp\/v2\/types\/post"}],"author":[{"embeddable":true,"href":"https:\/\/blogs.lasprovincias.es\/elfrancotirador\/wp-json\/wp\/v2\/users\/22"}],"replies":[{"embeddable":true,"href":"https:\/\/blogs.lasprovincias.es\/elfrancotirador\/wp-json\/wp\/v2\/comments?post=241"}],"version-history":[{"count":0,"href":"https:\/\/blogs.lasprovincias.es\/elfrancotirador\/wp-json\/wp\/v2\/posts\/241\/revisions"}],"wp:attachment":[{"href":"https:\/\/blogs.lasprovincias.es\/elfrancotirador\/wp-json\/wp\/v2\/media?parent=241"}],"wp:term":[{"taxonomy":"category","embeddable":true,"href":"https:\/\/blogs.lasprovincias.es\/elfrancotirador\/wp-json\/wp\/v2\/categories?post=241"},{"taxonomy":"post_tag","embeddable":true,"href":"https:\/\/blogs.lasprovincias.es\/elfrancotirador\/wp-json\/wp\/v2\/tags?post=241"}],"curies":[{"name":"wp","href":"https:\/\/api.w.org\/{rel}","templated":true}]}}