{"id":294,"date":"2012-11-04T18:40:19","date_gmt":"2012-11-04T18:40:19","guid":{"rendered":"http:\/\/blogs.lasprovincias.es\/elfrancotirador\/?p=294"},"modified":"2012-11-04T18:40:19","modified_gmt":"2012-11-04T18:40:19","slug":"el-vampirismo-de-la-politica","status":"publish","type":"post","link":"https:\/\/blogs.lasprovincias.es\/elfrancotirador\/2012\/11\/04\/el-vampirismo-de-la-politica\/","title":{"rendered":"El vampirismo de la pol\u00edtica"},"content":{"rendered":"<p><a class=\"twitter-follow-button\" href=\"https:\/\/twitter.com\/hesteban15\" data-lang=\"es\" data-show-count=\"false\" rel=\"external nofollow\">Seguir a @hesteban15<\/a><br \/>\n<script type=\"text\/javascript\">\/\/ <![CDATA[\n!function(d,s,id){var js,fjs=d.getElementsByTagName(s)[0];if(!d.getElementById(id)){js=d.createElement(s);js.id=id;js.src=\"\/\/platform.twitter.com\/widgets.js\";fjs.parentNode.insertBefore(js,fjs);}}(document,\"script\",\"twitter-wjs\");\n\/\/ ]]><\/script><\/p>\n<p>Hay d\u00edas en los que <strong>la pol\u00edtica\u00a0da asco<\/strong>. No hay otro calificativo. La rastrera, la de la foto f\u00e1cil, la que alimenta con mucha raz\u00f3n\u00a0una <strong>desafecci\u00f3n<\/strong> que hace que el ciudadano ya no crea en los cargos p\u00fablicos.<\/p>\n<p>El pasado s\u00e1bado, la socialista <strong>Elena Valenciano<\/strong> protagoniz\u00f3 uno de los actos m\u00e1s repugnantes que he visto en los\u00a0m\u00e1s de diez a\u00f1os\u00a0que llevo cubriendo informaci\u00f3n pol\u00edtica. Me dio verg\u00fcenza ajena y he de reconocer que el desprecio que sent\u00ed herv\u00eda a borbotones dentro de m\u00ed. Un rechazo profundo\u00a0al\u00a0ver\u00a0su desmedido inter\u00e9s\u00a0por <strong>publicitar la caridad<\/strong>.<\/p>\n<p>El PSOE convoc\u00f3 a los medios de comunicaci\u00f3n\u00a0en el Banco de Alimentos de la Pobla de Vallbona. Elena Valenciano, con jeans, botas camel, chaqueta rosa\u00a0chicle y pa\u00f1uelo a juego quiso ejercer <strong>de falsa samaritana<\/strong>.<\/p>\n<p>En una peque\u00f1a calle de un pol\u00edgono industral del municipio, una cola de personas esperaba su turno para llevarse a casa\u00a0<strong>un carro de alimentos de primera necesidad<\/strong>. Comida para mantener a\u00a0la familia durante unos d\u00edas. <strong>Un viaje que siempre es de ida y vuelta<\/strong>.\u00a0Gente de todo tipo. Mujeres, hombres, ni\u00f1os que, seguramente, hicieron\u00a0la visita\u00a0al<strong> Banco de Alimentos sin la necesidad de que nadie publicitara su angustia<\/strong>, su desesperaci\u00f3n. Porque no es gente que pide, es gente a la que le dan, a la que ayudan desde una organizaci\u00f3n compuesta por muchos <strong>voluntarios an\u00f3nimos<\/strong> con un presidente, llamado Jaume Serra, que se desvive desde hace veinte a\u00f1os por los dem\u00e1s.<\/p>\n<p>El PSOE, en un ejercicio de <strong>carro\u00f1erismo pol\u00edtico<\/strong>, mont\u00f3 desde Madrid un sarao para dar publicidad a su c\u00ednico buen hacer. Valenciano, la guapa que <a href=\"http:\/\/www.lasprovincias.es\/20120624\/mas-actualidad\/politica\/elena-valenciano-ribery-201206240939.html\" rel=\"external nofollow\">llam\u00f3 feo al futbolista\u00a0Ribery<\/a> sin saber que el franc\u00e9s tiene el rostro desfigurado por un accidente de tr\u00e1fico, baj\u00f3 de su <strong><a href=\"https:\/\/blogs.lasprovincias.es\/elfrancotirador\/2012\/03\/07\/multas-y-coches-oficiales\/\">coche oficial<\/a><\/strong> dispuesta a protagonizar el acto vomitivo del d\u00eda.<\/p>\n<p>&nbsp;<\/p>\n<div id=\"attachment_301\" style=\"width: 519px\" class=\"wp-caption aligncenter\"><a href=\"\/elfrancotirador\/wp-content\/uploads\/sites\/17\/2012\/11\/iduser1042iddb1MA0__QUAY___Fotos_8_6_____M13-44633255016.jpg\"><img aria-describedby=\"caption-attachment-301\" loading=\"lazy\" class=\"size-full wp-image-301\" title=\"Ximo Puig y Elena Valenciano en el Banco de Alimentos\" src=\"\/elfrancotirador\/wp-content\/uploads\/sites\/17\/2012\/11\/iduser1042iddb1MA0__QUAY___Fotos_8_6_____M13-44633255016.jpg\" alt=\"\" width=\"509\" height=\"560\" srcset=\"https:\/\/static-blogs.lasprovincias.es\/wp-content\/uploads\/sites\/17\/2012\/11\/iduser1042iddb1MA0__QUAY___Fotos_8_6_____M13-44633255016.jpg 509w, https:\/\/static-blogs.lasprovincias.es\/wp-content\/uploads\/sites\/17\/2012\/11\/iduser1042iddb1MA0__QUAY___Fotos_8_6_____M13-44633255016-273x300.jpg 273w\" sizes=\"(max-width: 509px) 100vw, 509px\" \/><\/a><p id=\"caption-attachment-301\" class=\"wp-caption-text\">La imagen m\u00e1s pobre<\/p><\/div>\n<p>Arropada por un s\u00e9quito de cargos p\u00fablicos, la vicesecretaria de Ferraz se plant\u00f3 primero en la nave en la que se repart\u00edan los alimentos. Los de la cola, los que iban a por la comida, no derrocharon ni una media sonrisa ante aquella intrusa, pero <strong>demostraron tener mucha m\u00e1s dignidad que\u00a0una se\u00f1ora<\/strong> que, a las primeras de cambio, cogi\u00f3 una caja cargada de alimentos que le acerc\u00f3 uno de sus colaboradores para hacerse<strong> la foto m\u00e1s rastrera del d\u00eda<\/strong>. Un chico de la caravana\u00a0socialista se encarg\u00f3 de inmortalizar todo aquello con su iPad y ella de publicitarlo despu\u00e9s en su<a href=\"http:\/\/www.facebook.com\/home.php#!\/ElenaValencianoPSOE\" rel=\"external nofollow\"> facebook<\/a>.<\/p>\n<p>Valenciano, una vez satisfecho su ego, se march\u00f3 de aquella nave sin acercarse a la cola y reconocer sus culpas: <strong>&#8220;Se\u00f1ores, ustedes est\u00e1n aqu\u00ed porque nosotros\u00a0tambi\u00e9n lo hicimos mal&#8221;.<\/strong><\/p>\n<p>&nbsp;<\/p>\n<div id=\"attachment_303\" style=\"width: 650px\" class=\"wp-caption aligncenter\"><a href=\"\/elfrancotirador\/wp-content\/uploads\/sites\/17\/2012\/11\/iduser1042iddb1MA0__QUAY___Fotos_7_B_____M13-44633253911.jpg\"><img aria-describedby=\"caption-attachment-303\" loading=\"lazy\" class=\"size-full wp-image-303\" title=\"Ximo Puig y Elena Valenciano en el Banco de Alimentos - Psoe\" src=\"\/elfrancotirador\/wp-content\/uploads\/sites\/17\/2012\/11\/iduser1042iddb1MA0__QUAY___Fotos_7_B_____M13-44633253911.jpg\" alt=\"\" width=\"640\" height=\"427\" srcset=\"https:\/\/static-blogs.lasprovincias.es\/wp-content\/uploads\/sites\/17\/2012\/11\/iduser1042iddb1MA0__QUAY___Fotos_7_B_____M13-44633253911.jpg 640w, https:\/\/static-blogs.lasprovincias.es\/wp-content\/uploads\/sites\/17\/2012\/11\/iduser1042iddb1MA0__QUAY___Fotos_7_B_____M13-44633253911-300x200.jpg 300w\" sizes=\"(max-width: 640px) 100vw, 640px\" \/><\/a><p id=\"caption-attachment-303\" class=\"wp-caption-text\">Signes retrat\u00f3 el planeado plat\u00f3 de televisi\u00f3n<\/p><\/div>\n<p>La desfachatez lleg\u00f3 a su m\u00e1ximo exponente segundos despu\u00e9s. En la otra nave,<strong> el PSOE mont\u00f3 un plat\u00f3 de televisi\u00f3n<\/strong>. Una furgoneta lleg\u00f3\u00a0para colocar dos torres\u00a0con focos,\u00a0varios altavoces y micr\u00f3fono para la prensa. El escenario, decenas de cajas de comida apiladas en pal\u00e9s para darle m\u00e1s realismo al asunto. Valenciano, muy mona ella,<strong> lament\u00f3 en su propio <em>reality<\/em>\u00a0que la gente pase hambre como si aquello no fuera con ella<\/strong>.<\/p>\n<p>La chica anunci\u00f3 a bombo y platillo que<strong> el sueldo de los diputados de su grupo el 14-N, d\u00eda de la huelga general, ir\u00eda para el Banco de Alimentos<\/strong>, y desvel\u00f3 que Jaume Serra, segundos antes, le hab\u00eda dicho que uno de los productos del que m\u00e1s carecen es del aceite. El presidente del Banco de Alimentos le pidi\u00f3 que no utilizara el secreto en su intervenci\u00f3n\u00a0pero a ella le dio igual. Lo dijo y se qued\u00f3 tan ancha. &#8220;Sin aceite no se puede cocinar&#8221;, se\u00f1al\u00f3.\u00a0La diputada\u00a0necesitaba el marco perfecto para promocionar su caridad.<\/p>\n<p>Valenciano no entendi\u00f3 nada del mensaje que dio despu\u00e9s\u00a0<strong>Jaume Serra<\/strong>. El presidente del Banco de Alimentos, <strong>un se\u00f1or de pies a cabeza<\/strong>, inici\u00f3 su discurso con una frase demoledora para la<em> clac<\/em> all\u00ed reunida:<strong> &#8220;Somos apol\u00edticos y aconfesionales&#8221;.<\/strong> La pol\u00edtica, como si oyera llover. Y tras ser preguntado por los periodistas, el m\u00e1ximo responsable de la entidad, tir\u00f3 de iron\u00eda fina:<strong> &#8220;\u00bfLos pol\u00edticos?, ya se sabe. Una vez venido, nada de lo prometido&#8221;.<\/strong><\/p>\n<p>La socialista no debi\u00f3 entender aquello porque sigui\u00f3 a la suya, <strong>con sus focos, sus fotos y sus Ipads<\/strong>. Cumpli\u00f3 la papeleta, se subi\u00f3 al coche oficial y hasta la pr\u00f3xima. Me consta que hasta los socialistas del terreno se quedaron anonadados con el montaje de la se\u00f1ora.<\/p>\n<p>All\u00ed se quedaron los voluntarios, a lo suyo, que no es otra cosa que ayudar a los que m\u00e1s necesitan. Ojipl\u00e1ticos con lo que acababan de ver y con una aparente calma por aquello de que la pol\u00edtica es as\u00ed. Los chicos de los focos desmontaron en dos minutos y se largaron con su plat\u00f3 hollywodiense por donde hab\u00edan venido.<\/p>\n<p>Jaume Serra, con su grupo de colaboradores, sigui\u00f3 a la faena: <strong>ordenando productos, apilando pal\u00e9s y cargando carros para poder comer<\/strong>.<\/p>\n<p>Horas despu\u00e9s de la publicitada caridad de Valenciano, desde el Banco de Alimentos<a href=\"http:\/\/www.lasprovincias.es\/v\/20121104\/politica\/banco-alimentos-desmarca-donacin-20121104.html\" rel=\"external nofollow\"> se emiti\u00f3 un comunicado rechazando con mucha educaci\u00f3n el donativo<\/a>: &#8220;Somos apol\u00edticos&#8221;. Adem\u00e1s, se pidi\u00f3 que los partidos se abstengan de montar nuevos saraos de este estilo. Chap\u00f3.<\/p>\n<p><strong>No vi pobres en aquellas naves<\/strong>. Sent\u00ed la dignidad de muchas personas,\u00a0el orgullo de la gente\u00a0que formaba aquella cola para poder comer y la dedicaci\u00f3n de las que ayudan desinteresadamente desde hace muchos a\u00f1os.<\/p>\n<p><strong>La \u00fanica miseria que percib\u00ed fue la del esp\u00edritu de la se\u00f1ora Valenciano<\/strong>, que no s\u00e9 si don\u00f3 algo a t\u00edtulo personal. Si lo hizo, la verdad, me da igual. Odio el vampirismo pol\u00edtico.<\/p>\n<p>&nbsp;<\/p>\n<p>&nbsp;<\/p>\n<!-- AddThis Advanced Settings generic via filter on the_content --><!-- AddThis Share Buttons generic via filter on the_content -->","protected":false},"excerpt":{"rendered":"<p>Seguir a @hesteban15 Hay d\u00edas en los que la pol\u00edtica\u00a0da asco. No hay otro calificativo. La rastrera, la de la foto f\u00e1cil, la que alimenta con mucha raz\u00f3n\u00a0una desafecci\u00f3n que hace que el ciudadano ya no crea en los cargos p\u00fablicos. El pasado s\u00e1bado, la socialista Elena Valenciano protagoniz\u00f3 uno de los actos m\u00e1s repugnantes [&hellip;]<!-- AddThis Advanced Settings generic via filter on get_the_excerpt --><!-- AddThis Share Buttons generic via filter on get_the_excerpt --><\/p>\n","protected":false},"author":22,"featured_media":0,"comment_status":"open","ping_status":"closed","sticky":false,"template":"","format":"standard","meta":[],"categories":[2],"tags":[62,114,175,233,274,313,384,538,539,580],"_links":{"self":[{"href":"https:\/\/blogs.lasprovincias.es\/elfrancotirador\/wp-json\/wp\/v2\/posts\/294"}],"collection":[{"href":"https:\/\/blogs.lasprovincias.es\/elfrancotirador\/wp-json\/wp\/v2\/posts"}],"about":[{"href":"https:\/\/blogs.lasprovincias.es\/elfrancotirador\/wp-json\/wp\/v2\/types\/post"}],"author":[{"embeddable":true,"href":"https:\/\/blogs.lasprovincias.es\/elfrancotirador\/wp-json\/wp\/v2\/users\/22"}],"replies":[{"embeddable":true,"href":"https:\/\/blogs.lasprovincias.es\/elfrancotirador\/wp-json\/wp\/v2\/comments?post=294"}],"version-history":[{"count":0,"href":"https:\/\/blogs.lasprovincias.es\/elfrancotirador\/wp-json\/wp\/v2\/posts\/294\/revisions"}],"wp:attachment":[{"href":"https:\/\/blogs.lasprovincias.es\/elfrancotirador\/wp-json\/wp\/v2\/media?parent=294"}],"wp:term":[{"taxonomy":"category","embeddable":true,"href":"https:\/\/blogs.lasprovincias.es\/elfrancotirador\/wp-json\/wp\/v2\/categories?post=294"},{"taxonomy":"post_tag","embeddable":true,"href":"https:\/\/blogs.lasprovincias.es\/elfrancotirador\/wp-json\/wp\/v2\/tags?post=294"}],"curies":[{"name":"wp","href":"https:\/\/api.w.org\/{rel}","templated":true}]}}