{"id":318,"date":"2012-11-19T17:53:59","date_gmt":"2012-11-19T17:53:59","guid":{"rendered":"http:\/\/blogs.lasprovincias.es\/elfrancotirador\/?p=318"},"modified":"2012-11-19T17:53:59","modified_gmt":"2012-11-19T17:53:59","slug":"baldovi-el-opaco-y-iii","status":"publish","type":"post","link":"https:\/\/blogs.lasprovincias.es\/elfrancotirador\/2012\/11\/19\/baldovi-el-opaco-y-iii\/","title":{"rendered":"Baldov\u00ed, el opaco (y III)"},"content":{"rendered":"<p><a class=\"twitter-follow-button\" href=\"https:\/\/twitter.com\/hesteban15\" data-show-count=\"false\" data-lang=\"es\" rel=\"external nofollow\">Seguir a @hesteban15<\/a><br \/>\n<script type=\"text\/javascript\">\/\/ <![CDATA[\n!function(d,s,id){var js,fjs=d.getElementsByTagName(s)[0];if(!d.getElementById(id)){js=d.createElement(s);js.id=id;js.src=\"\/\/platform.twitter.com\/widgets.js\";fjs.parentNode.insertBefore(js,fjs);}}(document,\"script\",\"twitter-wjs\");\n\/\/ ]]><\/script><\/p>\n<div id=\"mpf0_readMsgBodyContainer\">\n<div id=\"mpf0_MsgContainer\">\n<div dir=\"ltr\">\u00a0<\/div>\n<div dir=\"ltr\"><a href=\"https:\/\/blogs.lasprovincias.es\/elfrancotirador\/2012\/11\/19\/baldovi-el-opaco-y-iii\/docu_lp-elecciones-generales-2011-2\/\" rel=\"attachment wp-att-321\"><img loading=\"lazy\" class=\"aligncenter size-full wp-image-321\" title=\"DOCU_LP ELECCIONES GENERALES 2011\" src=\"\/elfrancotirador\/wp-content\/uploads\/sites\/17\/2012\/11\/Bald021.jpg\" alt=\"\" width=\"560\" height=\"374\" srcset=\"https:\/\/static-blogs.lasprovincias.es\/wp-content\/uploads\/sites\/17\/2012\/11\/Bald021.jpg 560w, https:\/\/static-blogs.lasprovincias.es\/wp-content\/uploads\/sites\/17\/2012\/11\/Bald021-300x200.jpg 300w\" sizes=\"(max-width: 560px) 100vw, 560px\" \/><\/a><\/div>\n<div dir=\"ltr\">\u00a0<\/div>\n<div dir=\"ltr\"><a href=\"http:\/\/www.lasprovincias.es\/20120324\/mas-actualidad\/politica\/baldovi-compromis-alcalde-opaco-201203241120.html\" rel=\"external nofollow\">Joan Baldov\u00ed<\/a>, el alcalde<strong> m\u00e1s opaco de la Comunitat<\/strong>, puso el grito en el cielo\u00a0cuando <a href=\"https:\/\/blogs.lasprovincias.es\/elfrancotirador\/2012\/04\/10\/baldovi-el-opaco\/\">LAS PROVINCIAS denunci\u00f3<\/a> la falta de transparencia\u00a0de su gesti\u00f3n al frente del Ayuntamiento de Sueca. &#8216;Baldo&#8217;, nombre de guerra del ahora diputado nacional de Comprom\u00eds, reclam\u00f3 un derecho a la pataleta\u00a0que aire\u00f3 por las redes sociales para tratar de blanquear su oculta gesti\u00f3n. La Sindicatura ha demostrado que sigue sin rendir cuentas.<\/div>\n<div dir=\"ltr\">\u00a0<\/div>\n<div dir=\"ltr\">El enfado inicial\u00a0no le sirvi\u00f3\u00a0para nada a pesar de que <a href=\"http:\/\/lasprovincias.kioskoymas.com\/epaper\/viewer.aspx\" rel=\"external nofollow\">peg\u00f3 patadas y se reboz\u00f3<\/a> por el suelo como el ni\u00f1o al que no le compran chuches en el centro comercial. Movi\u00f3 su <strong>inconsistente respuesta<\/strong> por twitter y facebook\u00a0y cont\u00f3 con la inestimable colaboraci\u00f3n de esas <strong>huestes nacionalistas de Comprom\u00eds,<\/strong> que con la bandera de la libertad de expresi\u00f3n como referente tratan de machacar (sin conseguirlo) todo aquello que se posiciona en su contra. En ocasiones pregonar <strong>un exceso de falsa democracia te arrastra a la mayor de las intolerancias<\/strong>.<\/div>\n<div dir=\"ltr\">\u00a0<\/div>\n<div dir=\"ltr\"><strong>Baldov\u00ed es el alcalde m\u00e1s opaco de la Comunitat<\/strong>. No lo digo yo. Lo reflejan los informes de la <strong>Sindicatura<\/strong> de Comptes y del <strong>Tribunal<\/strong> <strong>de Cuentas<\/strong>.<\/div>\n<p dir=\"ltr\">El pasado 31 de octubre finaliz\u00f3 el plazo marcado por el \u00f3rgano fiscalizador de la Generalitat para que los ayuntamientos valencianos rindieran las cuentas del ejercicio de 2011. Un total de <strong>59 municipios<\/strong> optaron, nunca mejor dicho,\u00a0por hacerse el sueco. El municipio de <strong>Sueca<\/strong> fue, como\u00a0ya es\u00a0tradici\u00f3n, uno los Consistorios que prefiri\u00f3 no cumplir con sus obligaciones. La gesti\u00f3n de Baldov\u00ed, otra vez, bajo la nebulosa de la opacidad.\u00a0Tampoco han cumplido Gandia, Torrent u Orihuela, que se suelen retrasar en sus obligaciones.<\/p>\n<p dir=\"ltr\"><a href=\"https:\/\/blogs.lasprovincias.es\/elfrancotirador\/2012\/11\/19\/baldovi-el-opaco-y-iii\/docu_lp-los-cuatro-candidatos-al-congreso-por-valencia-con-el-moderador-2\/\" rel=\"attachment wp-att-323\"><img loading=\"lazy\" class=\"alignleft size-large wp-image-323\" title=\"DOCU_LP Los Cuatro Candidatos Al Congreso Por Valencia Con El Moderador\" src=\"\/elfrancotirador\/wp-content\/uploads\/sites\/17\/2012\/11\/Baldo1.jpg\" alt=\"\" width=\"225\" height=\"600\" srcset=\"https:\/\/static-blogs.lasprovincias.es\/wp-content\/uploads\/sites\/17\/2012\/11\/Baldo1.jpg 300w, https:\/\/static-blogs.lasprovincias.es\/wp-content\/uploads\/sites\/17\/2012\/11\/Baldo1-113x300.jpg 113w, https:\/\/static-blogs.lasprovincias.es\/wp-content\/uploads\/sites\/17\/2012\/11\/Baldo1-225x600.jpg 225w\" sizes=\"(max-width: 225px) 100vw, 225px\" \/><\/a>La localidad ribere\u00f1a <strong>lleva desde 2006 sin presentar las cuentas<\/strong>. S\u00f3lo entreg\u00f3 las de 2008 y muy fuera de plazo. De los 6 ejercicios de opacidad, <strong>en cinco est\u00e1 la mano de Baldov\u00ed como alcalde<\/strong>. De 2008 a 2010 al completo. En 2007, su responsabilidad fue desde mayo y en 2011, hasta mayo. En la actualidad es <strong>primer teniente alcalde<\/strong> del equipo de Salvador Campillo y concejal&#8230; \u00a1\u00a1\u00a1DE PRESUPUESTOS!!!.<\/p>\n<p dir=\"ltr\">\u00bfC\u00f3mo se puede dejar el \u00e1rea de Presupuestos en manos de una persona que no ha presentado las cuentas de su gesti\u00f3n en toda una legislatura? <strong>Los pactos de gobierno<\/strong>, casi siempre, se cincelan a base de euros y sobre el tapete el Bloc es un artista en este juego. Lo importante no es mandar sino manejar el dinero.<strong> Baldov\u00ed, ahora desde Madrid, controla hasta el \u00faltimo\u00a0c\u00e9ntimo de su Ayuntamiento<\/strong>.<\/p>\n<p dir=\"ltr\">El Tribunal de Cuentas<strong> abri\u00f3 de oficio<\/strong>, como desvel\u00f3 el S\u00edndic de Comptes en Les Corts, un expediente contra el Ayuntamiento de Sueca. El \u00f3rgano fiscalizador del Estado, como si de una \u00faltima oportunidad se tratara, <strong>concedi\u00f3 una moratoria<\/strong> al municipio por expresa petici\u00f3n del actual alcalde, Salvador Campillo, para que no se ejecutara la sanci\u00f3n. Ahora, por reincidente,<strong> la Sindicatura pedir\u00e1 al Tribunal que retome el expediente sancionador contra el Consistorio de Baldov\u00ed<\/strong>.<\/p>\n<p dir=\"ltr\">El S\u00edndic vino a decir en Les Corts que <a href=\"https:\/\/blogs.lasprovincias.es\/elfrancotirador\/2012\/09\/27\/baldovi-el-opaco-ii\/\">todas las excusas que dio el Ayuntamiento de Sueca<\/a> para no presentar las cuentas eran baratijas de mal pagador. Igual la Generalitat deber\u00eda empezar a tomarse en serio la recomendaci\u00f3n de su instituci\u00f3n de que no se otorguen subvenciones a los Consistorios que no rinden cuentas.<\/p>\n<p dir=\"ltr\">P. D: Para que nadie venga con la monserga de lo bien que gestiona Baldov\u00ed y que cierra en positivo. Este post NO cuestiona sus cuentas. S\u00f3lo apunta que no las presenta. Lo de gestionar bien o mal s\u00f3lo se podr\u00eda comprobar si entregara sus n\u00fameros.<\/p>\n<p dir=\"ltr\">P.D. 2: Cuando se atisban irregularidades econ\u00f3micas que afectan a cargos del <a href=\"http:\/\/www.lasprovincias.es\/20121116\/comunitatvalenciana\/provincia_alicante\/alcoy-bloc-gobierno-201211161659.html\" rel=\"external nofollow\">Bloc como es el caso de Alcoy<\/a>, \u00bfpor qu\u00e9 los nacionalistas siempre tiran por la calle de enmedio?<\/p>\n<p dir=\"ltr\">\u00a0<\/p>\n<\/div>\n<\/div>\n<div>\u00a0<\/div>\n<!-- AddThis Advanced Settings generic via filter on the_content --><!-- AddThis Share Buttons generic via filter on the_content -->","protected":false},"excerpt":{"rendered":"<p>Seguir a @hesteban15 \u00a0 \u00a0 Joan Baldov\u00ed, el alcalde m\u00e1s opaco de la Comunitat, puso el grito en el cielo\u00a0cuando LAS PROVINCIAS denunci\u00f3 la falta de transparencia\u00a0de su gesti\u00f3n al frente del Ayuntamiento de Sueca. &#8216;Baldo&#8217;, nombre de guerra del ahora diputado nacional de Comprom\u00eds, reclam\u00f3 un derecho a la pataleta\u00a0que aire\u00f3 por las redes [&hellip;]<!-- AddThis Advanced Settings generic via filter on get_the_excerpt --><!-- AddThis Share Buttons generic via filter on get_the_excerpt --><\/p>\n","protected":false},"author":22,"featured_media":0,"comment_status":"open","ping_status":"closed","sticky":false,"template":"","format":"standard","meta":[],"categories":[2],"tags":[59,82,152,158,245,607,621,649],"_links":{"self":[{"href":"https:\/\/blogs.lasprovincias.es\/elfrancotirador\/wp-json\/wp\/v2\/posts\/318"}],"collection":[{"href":"https:\/\/blogs.lasprovincias.es\/elfrancotirador\/wp-json\/wp\/v2\/posts"}],"about":[{"href":"https:\/\/blogs.lasprovincias.es\/elfrancotirador\/wp-json\/wp\/v2\/types\/post"}],"author":[{"embeddable":true,"href":"https:\/\/blogs.lasprovincias.es\/elfrancotirador\/wp-json\/wp\/v2\/users\/22"}],"replies":[{"embeddable":true,"href":"https:\/\/blogs.lasprovincias.es\/elfrancotirador\/wp-json\/wp\/v2\/comments?post=318"}],"version-history":[{"count":0,"href":"https:\/\/blogs.lasprovincias.es\/elfrancotirador\/wp-json\/wp\/v2\/posts\/318\/revisions"}],"wp:attachment":[{"href":"https:\/\/blogs.lasprovincias.es\/elfrancotirador\/wp-json\/wp\/v2\/media?parent=318"}],"wp:term":[{"taxonomy":"category","embeddable":true,"href":"https:\/\/blogs.lasprovincias.es\/elfrancotirador\/wp-json\/wp\/v2\/categories?post=318"},{"taxonomy":"post_tag","embeddable":true,"href":"https:\/\/blogs.lasprovincias.es\/elfrancotirador\/wp-json\/wp\/v2\/tags?post=318"}],"curies":[{"name":"wp","href":"https:\/\/api.w.org\/{rel}","templated":true}]}}