{"id":354,"date":"2012-12-16T16:56:23","date_gmt":"2012-12-16T16:56:23","guid":{"rendered":"http:\/\/blogs.lasprovincias.es\/elfrancotirador\/?p=354"},"modified":"2012-12-16T16:56:23","modified_gmt":"2012-12-16T16:56:23","slug":"la-diputada-que-escribio-hironia","status":"publish","type":"post","link":"https:\/\/blogs.lasprovincias.es\/elfrancotirador\/2012\/12\/16\/la-diputada-que-escribio-hironia\/","title":{"rendered":"La diputada que escribi\u00f3 con &#8220;hiron\u00eda&#8221;"},"content":{"rendered":"<p><a href=\"https:\/\/twitter.com\/share\" class=\"twitter-share-button\" data-via=\"hesteban15\" data-lang=\"es\" rel=\"external nofollow\">Twittear<\/a><br \/>\n<script>!function(d,s,id){var js,fjs=d.getElementsByTagName(s)[0];if(!d.getElementById(id)){js=d.createElement(s);js.id=id;js.src=\"\/\/platform.twitter.com\/widgets.js\";fjs.parentNode.insertBefore(js,fjs);}}(document,\"script\",\"twitter-wjs\");<\/script><\/p>\n<p><a class=\"twitter-follow-button\" href=\"https:\/\/twitter.com\/hesteban15\" data-lang=\"es\" data-show-count=\"false\" rel=\"external nofollow\">Seguir a @hesteban15<\/a><br \/>\n<script type=\"text\/javascript\">\/\/ <![CDATA[\n!function(d,s,id){var js,fjs=d.getElementsByTagName(s)[0];if(!d.getElementById(id)){js=d.createElement(s);js.id=id;js.src=\"\/\/platform.twitter.com\/widgets.js\";fjs.parentNode.insertBefore(js,fjs);}}(document,\"script\",\"twitter-wjs\");\n\/\/ ]]><\/script><br \/>\n<a href=\"https:\/\/blogs.lasprovincias.es\/elfrancotirador\/2012\/12\/16\/la-diputada-que-escribio-hironia\/ortografia\/\" rel=\"attachment wp-att-356\"><img loading=\"lazy\" class=\"alignleft size-medium wp-image-356\" title=\"ortograf\u00eda\" src=\"\/elfrancotirador\/wp-content\/uploads\/sites\/17\/2012\/12\/ortograf\u00eda.jpg\" alt=\"\" width=\"216\" height=\"300\" srcset=\"https:\/\/static-blogs.lasprovincias.es\/wp-content\/uploads\/sites\/17\/2012\/12\/ortograf\u00eda.jpg 354w, https:\/\/static-blogs.lasprovincias.es\/wp-content\/uploads\/sites\/17\/2012\/12\/ortograf\u00eda-216x300.jpg 216w\" sizes=\"(max-width: 216px) 100vw, 216px\" \/><\/a><strong>El fracaso escolar es un debate a flor de piel<\/strong>. Cada cambio de Gobierno es una moneda al aire con un <strong>nuevo plan educativo<\/strong> en el que prima m\u00e1s la pol\u00e9mica que la base para dotar a los estudiantes de los mimbres\u00a0para lograr un objetivo m\u00ednimo: <strong>buscarse la vida en un futuro extra\u00f1o<\/strong>. A bote pronto recuerdo aquello de la LODE, la LOGSE, Educaci\u00f3n para la Ciudadan\u00eda y<strong> ahora <a href=\"http:\/\/www.lasprovincias.es\/agencias\/20121214\/mas-actualidad\/sociedad\/wert-agita-aulas-politica-autonomias_201212141149.html\" rel=\"external nofollow\">las reformas<\/a> de <a href=\"http:\/\/es.wikipedia.org\/wiki\/Jos%C3%A9_Ignacio_Wert\" rel=\"external nofollow\">Wert<\/a><\/strong>. Pol\u00e9micas y m\u00e1s pol\u00e9micas que lo \u00fanico que hacen es engordar<strong> las listas de potenciales analfabetos<\/strong>. La nueva <strong>ortograf\u00eda\u00a0de\u00a0los mensajes de m\u00f3vil\u00a0<\/strong>aliment\u00f3 a las hordas de palurdos que\u00a0hicieron de la falta una bandera. Un vicio que luego <strong>se extendi\u00f3 a Twitter<\/strong>, la red social de los 140 caracteres, donde aquellos que <strong>confunden &#8220;a ver&#8221; y &#8220;haber&#8221;<\/strong>\u00a0fusionaron los t\u00e9rminos\u00a0hasta parir &#8220;haver&#8221; para sentirse a gusto en cualquier escenario.<\/p>\n<p>Los que debaten sobre el fracaso escolar, lejos de buscar soluciones, lo fomentan. Pol\u00edticos y cargos p\u00fablicos\u00a0fardan de oratoria en la tarjeta y luego torturan a la lengua espa\u00f1ola con absoluta impunidad. <strong>Asesinatos ling\u00fc\u00edsticos<\/strong> que ellos mismos delatan y lanzan a las redes sociales para ser\u00a0sentenciados por un jurado popular implacable. El tuit que figura a continuaci\u00f3n\u00a0fue enviado esta misma semana\u00a0<strong>por una diputada del Congreso<\/strong>, con un ampl\u00edsimo curr\u00edculum, que fue <strong>n\u00famero uno por Valencia<\/strong>\u00a0en las \u00faltimas\u00a0elecciones generales y que en su d\u00eda ostent\u00f3 cargos de relevancia. Por lo que se intuye, ni fue un error ni se le puede echar la culpa al teclado.<\/p>\n<p>&nbsp;<\/p>\n<p><a href=\"https:\/\/blogs.lasprovincias.es\/elfrancotirador\/2012\/12\/16\/la-diputada-que-escribio-hironia\/rodriguez-pinero\/\" rel=\"attachment wp-att-355\"><img loading=\"lazy\" class=\"aligncenter size-large wp-image-355\" title=\"Rodriguez-Pi\u00f1ero\" src=\"\/elfrancotirador\/wp-content\/uploads\/sites\/17\/2012\/12\/Rodriguez-Pi\u00f1ero.jpg\" alt=\"\" width=\"399\" height=\"600\" srcset=\"https:\/\/static-blogs.lasprovincias.es\/wp-content\/uploads\/sites\/17\/2012\/12\/Rodriguez-Pi\u00f1ero.jpg 511w, https:\/\/static-blogs.lasprovincias.es\/wp-content\/uploads\/sites\/17\/2012\/12\/Rodriguez-Pi\u00f1ero-200x300.jpg 200w, https:\/\/static-blogs.lasprovincias.es\/wp-content\/uploads\/sites\/17\/2012\/12\/Rodriguez-Pi\u00f1ero-399x600.jpg 399w\" sizes=\"(max-width: 399px) 100vw, 399px\" \/><\/a><\/p>\n<p>La <strong>barbaridad ortogr\u00e1fica<\/strong> de Inmaculada Rodr\u00edguez-Pi\u00f1ero duele. Como un punz\u00f3n en pleno iris. Alguien le debi\u00f3 de advertir de la aberraci\u00f3n.<strong> Sin ruido, elimin\u00f3 el tuit poco despu\u00e9s<\/strong>. Por lo menos tuvo la decencia de no culpar al hijo de <a href=\"http:\/\/www.lasprovincias.es\/rc\/20120707\/gente\/santi-canizares-foto-mujer-201207072037.html\" rel=\"external nofollow\">Santiago Ca\u00f1izares<\/a>, que ya se encarg\u00f3 de mostrar al mundo a su madre en la ducha. En cambio, <strong>Rodr\u00edguez-Pi\u00f1ero todav\u00eda mantiene ese &#8220;deshaucio&#8221;<\/strong> en su cuenta cuando ella es una de las encargadas de negociar soluciones al drama de los desahucios.<\/p>\n<p>Ni es la primera ni ser\u00e1 la \u00faltima vez que<strong> Twitter desnuda las\u00a0carencias de nuestros pol\u00edticos<\/strong>. La exministra <strong><a href=\"http:\/\/es.wikipedia.org\/wiki\/Leire_Paj%C3%ADn\" rel=\"external nofollow\">Leire Paj\u00edn<\/a><\/strong>, en su d\u00eda, ya <a href=\"https:\/\/blogs.lasprovincias.es\/elfrancotirador\/2012\/03\/02\/pajin-revelde-con-causa\/\">fue &#8216;revelde&#8217; con causa<\/a>. Lo peor es que\u00a0culp\u00f3 al corrector. El presidente extreme\u00f1o, <strong><a href=\"http:\/\/es.wikipedia.org\/wiki\/Jos%C3%A9_Antonio_Monago\" rel=\"external nofollow\">Jos\u00e9 Antonio Monago<\/a><\/strong>, dej\u00f3 de piar tras batir un r\u00e9cord de 2.215 puntos <a href=\"http:\/\/www.lasprovincias.es\/rc\/20120821\/mas-actualidad\/tecnologia\/monago-cancela-cuenta-twitter-201208211153.html\" rel=\"external nofollow\">matando marcianitos en DoodleJump<\/a>. Semanas antes, la ministra de Empleo, <strong><a href=\"http:\/\/es.wikipedia.org\/wiki\/F%C3%A1tima_B%C3%A1%C3%B1ez\" rel=\"external nofollow\">F\u00e1tima B\u00e1\u00f1ez<\/a><\/strong>, ret\u00f3 a sus seguidores: &#8220;\u00a1Obtuve 5.390 puntos en <a href=\"http:\/\/www.lasprovincias.es\/20120613\/mas-actualidad\/tecnologia\/shoot-bubble-mejor-angli-201206131834.html\" rel=\"external nofollow\">Bubble Shooter Adventures<\/a>! \u00bfPuedes mejorarlo?&#8221; <strong>Los ni\u00f1os cargaron con el mochuelo <\/strong>sin saber que Twitter\u00a0lo carga el diablo.<\/p>\n<p>El otro d\u00eda, el periodista <a href=\"https:\/\/twitter.com\/VictorMaceda\" rel=\"external nofollow\">@VictorMaceda<\/a> se hac\u00eda eco de la nota de prensa de la secretaria de Pol\u00edtica Ling\u00fc\u00edstica del PSPV, <strong>Carmelina Pla<\/strong>, sobre la sentencia del Supremo respecto a los repetidores de Acci\u00f3 Cultural para ver <a href=\"http:\/\/www.lasprovincias.es\/v\/20121215\/politica\/pueblo-ximo-puig-consell-20121215.html\" rel=\"external nofollow\">TV3<\/a>: <strong>&#8220;19 faltas (de ortograf\u00eda) en 163 palabras&#8221;.<\/strong><\/p>\n<p>Nada extra\u00f1o en una clase pol\u00edtica en la que muchos de sus miembros <strong>apuestan por &#8220;targiversar&#8221; y\u00a0&#8220;tregiversar&#8221;<\/strong> por ser incapaces de pronunciar correctamente <strong>&#8220;tergiversar&#8221;<\/strong> en una tribuna de oradores.<\/p>\n<p>No voy a ser ni hip\u00f3crita ni c\u00ednico. Yo tambi\u00e9n me he equivocado pero nunca he llegado a ironizar con h.<\/p>\n<p>Para cualquier duda, dos enlaces:<\/p>\n<p><strong>El Diccionario de la Real Academia<\/strong>: <a href=\"http:\/\/www.rae.es\/rae.html\" rel=\"external nofollow\">http:\/\/www.rae.es\/rae.html<\/a><\/p>\n<p><strong>El Diccionario Panhisp\u00e1nico de Dudas<\/strong>: <a href=\"http:\/\/lema.rae.es\/dpd\/\" rel=\"external nofollow\">http:\/\/lema.rae.es\/dpd\/<\/a>\u00a0<\/p>\n<p>&nbsp;<\/p>\n<p>&nbsp;<\/p>\n<!-- AddThis Advanced Settings generic via filter on the_content --><!-- AddThis Share Buttons generic via filter on the_content -->","protected":false},"excerpt":{"rendered":"<p>Twittear Seguir a @hesteban15 El fracaso escolar es un debate a flor de piel. Cada cambio de Gobierno es una moneda al aire con un nuevo plan educativo en el que prima m\u00e1s la pol\u00e9mica que la base para dotar a los estudiantes de los mimbres\u00a0para lograr un objetivo m\u00ednimo: buscarse la vida en un [&hellip;]<!-- AddThis Advanced Settings generic via filter on get_the_excerpt --><!-- AddThis Share Buttons generic via filter on get_the_excerpt --><\/p>\n","protected":false},"author":22,"featured_media":0,"comment_status":"open","ping_status":"closed","sticky":false,"template":"","format":"standard","meta":[],"categories":[2],"tags":[65,158,217,345,431,467,480,538,576,654],"_links":{"self":[{"href":"https:\/\/blogs.lasprovincias.es\/elfrancotirador\/wp-json\/wp\/v2\/posts\/354"}],"collection":[{"href":"https:\/\/blogs.lasprovincias.es\/elfrancotirador\/wp-json\/wp\/v2\/posts"}],"about":[{"href":"https:\/\/blogs.lasprovincias.es\/elfrancotirador\/wp-json\/wp\/v2\/types\/post"}],"author":[{"embeddable":true,"href":"https:\/\/blogs.lasprovincias.es\/elfrancotirador\/wp-json\/wp\/v2\/users\/22"}],"replies":[{"embeddable":true,"href":"https:\/\/blogs.lasprovincias.es\/elfrancotirador\/wp-json\/wp\/v2\/comments?post=354"}],"version-history":[{"count":0,"href":"https:\/\/blogs.lasprovincias.es\/elfrancotirador\/wp-json\/wp\/v2\/posts\/354\/revisions"}],"wp:attachment":[{"href":"https:\/\/blogs.lasprovincias.es\/elfrancotirador\/wp-json\/wp\/v2\/media?parent=354"}],"wp:term":[{"taxonomy":"category","embeddable":true,"href":"https:\/\/blogs.lasprovincias.es\/elfrancotirador\/wp-json\/wp\/v2\/categories?post=354"},{"taxonomy":"post_tag","embeddable":true,"href":"https:\/\/blogs.lasprovincias.es\/elfrancotirador\/wp-json\/wp\/v2\/tags?post=354"}],"curies":[{"name":"wp","href":"https:\/\/api.w.org\/{rel}","templated":true}]}}