{"id":387,"date":"2013-01-19T20:19:50","date_gmt":"2013-01-19T20:19:50","guid":{"rendered":"http:\/\/blogs.lasprovincias.es\/elfrancotirador\/?p=387"},"modified":"2013-01-19T20:19:50","modified_gmt":"2013-01-19T20:19:50","slug":"regeneracion-democratica-ya","status":"publish","type":"post","link":"https:\/\/blogs.lasprovincias.es\/elfrancotirador\/2013\/01\/19\/regeneracion-democratica-ya\/","title":{"rendered":"Regeneraci\u00f3n democr\u00e1tica YA"},"content":{"rendered":"<p><a class=\"twitter-follow-button\" href=\"https:\/\/twitter.com\/hesteban15\" data-show-count=\"false\" data-lang=\"es\" rel=\"external nofollow\">Seguir a @hesteban15<\/a><br \/>\n<script type=\"text\/javascript\">\/\/ <![CDATA[\n!function(d,s,id){var js,fjs=d.getElementsByTagName(s)[0];if(!d.getElementById(id)){js=d.createElement(s);js.id=id;js.src=\"\/\/platform.twitter.com\/widgets.js\";fjs.parentNode.insertBefore(js,fjs);}}(document,\"script\",\"twitter-wjs\");\n\/\/ ]]><\/script><\/p>\n<p><a href=\"https:\/\/blogs.lasprovincias.es\/elfrancotirador\/2013\/01\/19\/regeneracion-democratica-ya\/docu_grupo-6\/\" rel=\"attachment wp-att-391\"><img loading=\"lazy\" class=\"alignleft size-medium wp-image-391\" title=\"DOCU_GRUPO\" src=\"\/elfrancotirador\/wp-content\/uploads\/sites\/17\/2013\/01\/Voto3.jpg\" alt=\"\" width=\"300\" height=\"246\" srcset=\"https:\/\/static-blogs.lasprovincias.es\/wp-content\/uploads\/sites\/17\/2013\/01\/Voto3.jpg 800w, https:\/\/static-blogs.lasprovincias.es\/wp-content\/uploads\/sites\/17\/2013\/01\/Voto3-300x246.jpg 300w, https:\/\/static-blogs.lasprovincias.es\/wp-content\/uploads\/sites\/17\/2013\/01\/Voto3-768x631.jpg 768w, https:\/\/static-blogs.lasprovincias.es\/wp-content\/uploads\/sites\/17\/2013\/01\/Voto3-731x600.jpg 731w\" sizes=\"(max-width: 300px) 100vw, 300px\" \/><\/a>La distancia entre la pol\u00edtica y el inter\u00e9s general <strong>se abre cada d\u00eda<\/strong> m\u00e1s como una &#8220;i griega&#8221; infinita. La cola del paro, los desahucios, los rescates bancarios, los <strong>sueldos indecentes para dilapidadores p\u00fablicos<\/strong>, los enchufes, los <strong>cargos vitalicios<\/strong>, las<strong> comisiones ensobradas<\/strong> y el <strong>chocolate suizo<\/strong> llaman a gritos a una regeneraci\u00f3n democr\u00e1tica para alumbrar no s\u00e9 si una sociedad m\u00e1s justa, pero <strong>sin duda s\u00ed que m\u00e1s limpia<\/strong>. La <strong>regeneraci\u00f3n democr\u00e1tica<\/strong> pasa por claves que he escuchado a gente de uno y otro partido. Unas bases en las que muchos est\u00e1n de acuerdo y sobre las que deber\u00eda circular <strong>el nuevo orden pol\u00edtico<\/strong> al que crisis y corruptelas nos han abocado.<\/p>\n<ol>\n<li><strong>Limitaci\u00f3n de mandatos en cargo p\u00fablico.<\/strong> Debe de ser pilar fundamental para salvaguardar la<strong> esencia de la democracia<\/strong>. Una regeneraci\u00f3n que pasa por fijar <strong>en ocho a\u00f1os<\/strong> el m\u00e1ximo\u00a0de tiempo en el que una\u00a0persona puede ostentar el mismo cargo. Si posteriormente quiere volver a presentarse, deber\u00eda estar un m\u00ednimo de cuatro a\u00f1os en barbecho y demostrar que en el <em>impasse<\/em> ha sabido ganarse las habichuelas al margen de la pol\u00edtica.<\/li>\n<li><strong>Listas abiertas.<\/strong> Que cada ciudadano <strong>pueda elegir<\/strong> a sus representantes. Evitar que los partidos impongan sus nombres. La mayor\u00eda de edad de la democracia espa\u00f1ola permite al ciudadano elegir siglas y nombre. La regeneraci\u00f3n debe de pasar por las propias sedes. El pol\u00edtico se ganar\u00eda el voto por su trabajo.<\/li>\n<li><strong>Cambio de sistema electoral.<\/strong> La ley d&#8217;Hondt para el reparto de esca\u00f1os quiz\u00e1 no sea la m\u00e1s justa en estos momentos. Se adopt\u00f3 para garantizar gobiernos fuertes tras la transici\u00f3n pero favorece las mayor\u00edas absolutas. Adem\u00e1s, el sistema de reparto es injusto al premiarse los votos por provincia. Partidos con mayor respaldo electoral en Espa\u00f1a luego tienen menor representaci\u00f3n frente, por ejemplo,\u00a0a nacionalismos fuertes en determinados territorios. El Congreso no es una C\u00e1mara auton\u00f3mica. <strong>El voto de un ciudadano debe de valer lo mismo.<\/strong><\/li>\n<li><strong>Fin a las subvenciones a los partidos.<\/strong> Con dinero p\u00fablico no habr\u00eda que\u00a0financiar la actividad de las formaciones pol\u00edticas. Que <strong>vivan de sus cuotas y donaciones<\/strong> supervisadas bajo el estricto control legal y del Tribunal de Cuentas. Aqu\u00ed, en Valencia, en 2012<strong> se repartir\u00e1n casi 6 millones de euros<\/strong>.<\/li>\n<li><strong>No\u00a0a la dualidad de cargos.<\/strong> Que en ning\u00fan caso un pol\u00edtico pueda ser a la vez alcalde y diputado, por ejemplo.<\/li>\n<li><strong>Prohibir la recolocaci\u00f3n.<\/strong> Evitar que un diputado que deje de ir en listas o no sea reelegido pueda ser recolocado en la mara\u00f1a del segundo escal\u00f3n de la Administraci\u00f3n.<\/li>\n<li><strong>Transparencia en la declaraci\u00f3n de bienes.<\/strong> Que los cargos que tienen que hacer p\u00fablicas sus actividades y patrimonio\u00a0detallen hasta el \u00faltimo euro. Muchos salvan la obligaci\u00f3n a granel. Ejemplos de buenas pr\u00e1cticas han sido los del popular Jos\u00e9 Mar\u00ed Olano y el socialista Jos\u00e9 Camarasa, que especificaron hasta el dinero de la hucha del ni\u00f1o.<\/li>\n<li><strong>Sueldos dignos para pol\u00edticos dignos.<\/strong> La <strong>retribuci\u00f3n debe estar al nivel de la responsabilidad<\/strong>. Y los pol\u00edticos tambi\u00e9n. Hay que poner fin a los <strong>cargos de baratija<\/strong> con falta de preparaci\u00f3n.<\/li>\n<li><strong>Asesores al margen de las\u00a0siglas<\/strong>. En ning\u00fan caso puede haber\u00a0personal de confianza afiliado, con lazos familiares y sin conocimientos espec\u00edficos para el cargo. Acabar con <strong>la lacra de los enchufados<\/strong>.<\/li>\n<li><strong>Medios p\u00fablicos plurales<\/strong>. Garantizar la<strong> objetividad y\u00a0la pluralidad\u00a0<\/strong> en las informaciones de todos aquellos medios pagados con dinero p\u00fablico.<\/li>\n<li><strong>Prohibida la colocaci\u00f3n en grandes firmas.<\/strong> Por un lado, prohibir que los pol\u00edticos se coloquen con <strong>sueldos millonarios<\/strong>\u00a0en grandes empresas que tengan aspiraciones p\u00fablicas. El mismo ejemplo sirve para los bancos tras los Rato y Olivas. Que los partidos no elijan a parte de los consejeros de las entidades de cr\u00e9dito.\u00a0De la misma manera, vetar la contrataci\u00f3n de familiares.<\/li>\n<li><strong>Fin de privilegios.<\/strong> Buenos sueldos para los cargos p\u00fablicos dignos\u00a0con el fin de suprimir prebendas como pluses para pisos, factura del m\u00f3vil, aparcamientos y peajes gratuitos, dietas desorbitadas&#8230;<\/li>\n<li><strong>Experiencia previa.<\/strong> Evitar el <strong>oficio de pol\u00edtico<\/strong>. Que nadie salte a la arena del hemiciclo por tener carn\u00e9 de partido. Cargos con recorrido y bagaje. No postadolescentes aleccionados en las ramas juveniles.<\/li>\n<li><strong>Participaci\u00f3n ciudadana<\/strong>. Abrir puertas al ciudadano en la decisi\u00f3n y articulaci\u00f3n de las leyes. Hacer normas efectivas, directas y claras. En ning\u00fan caso leyes a peso.<\/li>\n<li><strong>Suspensi\u00f3n de cargo p\u00fablico.<\/strong> A la apertura de juicio y si son declarados culpables, condenas ejemplarizantes para evitar futuras tentaciones por empat\u00eda.<\/li>\n<\/ol>\n<!-- AddThis Advanced Settings generic via filter on the_content --><!-- AddThis Share Buttons generic via filter on the_content -->","protected":false},"excerpt":{"rendered":"<p>Seguir a @hesteban15 La distancia entre la pol\u00edtica y el inter\u00e9s general se abre cada d\u00eda m\u00e1s como una &#8220;i griega&#8221; infinita. La cola del paro, los desahucios, los rescates bancarios, los sueldos indecentes para dilapidadores p\u00fablicos, los enchufes, los cargos vitalicios, las comisiones ensobradas y el chocolate suizo llaman a gritos a una regeneraci\u00f3n [&hellip;]<!-- AddThis Advanced Settings generic via filter on get_the_excerpt --><!-- AddThis Share Buttons generic via filter on get_the_excerpt --><\/p>\n","protected":false},"author":22,"featured_media":0,"comment_status":"open","ping_status":"closed","sticky":false,"template":"","format":"standard","meta":[],"categories":[2],"tags":[68,158,167,193,518,522,538,559],"_links":{"self":[{"href":"https:\/\/blogs.lasprovincias.es\/elfrancotirador\/wp-json\/wp\/v2\/posts\/387"}],"collection":[{"href":"https:\/\/blogs.lasprovincias.es\/elfrancotirador\/wp-json\/wp\/v2\/posts"}],"about":[{"href":"https:\/\/blogs.lasprovincias.es\/elfrancotirador\/wp-json\/wp\/v2\/types\/post"}],"author":[{"embeddable":true,"href":"https:\/\/blogs.lasprovincias.es\/elfrancotirador\/wp-json\/wp\/v2\/users\/22"}],"replies":[{"embeddable":true,"href":"https:\/\/blogs.lasprovincias.es\/elfrancotirador\/wp-json\/wp\/v2\/comments?post=387"}],"version-history":[{"count":0,"href":"https:\/\/blogs.lasprovincias.es\/elfrancotirador\/wp-json\/wp\/v2\/posts\/387\/revisions"}],"wp:attachment":[{"href":"https:\/\/blogs.lasprovincias.es\/elfrancotirador\/wp-json\/wp\/v2\/media?parent=387"}],"wp:term":[{"taxonomy":"category","embeddable":true,"href":"https:\/\/blogs.lasprovincias.es\/elfrancotirador\/wp-json\/wp\/v2\/categories?post=387"},{"taxonomy":"post_tag","embeddable":true,"href":"https:\/\/blogs.lasprovincias.es\/elfrancotirador\/wp-json\/wp\/v2\/tags?post=387"}],"curies":[{"name":"wp","href":"https:\/\/api.w.org\/{rel}","templated":true}]}}