{"id":44,"date":"2012-03-23T13:02:12","date_gmt":"2012-03-23T13:02:12","guid":{"rendered":"http:\/\/blogs.lasprovincias.es\/elfrancotirador\/?p=44"},"modified":"2012-03-23T13:02:12","modified_gmt":"2012-03-23T13:02:12","slug":"zaplana-y-el-real-madrid-inspiran-al-pspv","status":"publish","type":"post","link":"https:\/\/blogs.lasprovincias.es\/elfrancotirador\/2012\/03\/23\/zaplana-y-el-real-madrid-inspiran-al-pspv\/","title":{"rendered":"Zaplana y el Real Madrid inspiran al PSPV"},"content":{"rendered":"<p>&#8220;Tuve antes conciencia futbol\u00edstica que nacionalista. <strong>Por eso soy del Real Madrid y del Bloc<\/strong>&#8220;. Esta fue la respuesta que me dio hace ya una d\u00e9cada el concejal de Comprom\u00eds del Ayuntamiento de Gandia Josep Miquel Moya al preguntarle <strong>c\u00f3mo un nacionalista pod\u00eda ser del equipo del r\u00e9gimen\u00a0<\/strong>en el que &#8220;de\u00a0las\u00a0glorias deportivas, que campean por Espa\u00f1a, va el Madrid con su bandera&#8230;&#8221;.<\/p>\n<p>Pero <strong>ser del Real Madrid parece que en la Comunitat es garant\u00eda de \u00e9xito<\/strong> y por eso los socialistas valencianos han entendido que si quieren recuperar el Palau de la Generalitat <strong>tienen que imitar el modelo Zaplana<\/strong>. El &#8216;campe\u00f3n&#8217; -en este caso no el equipo sino el exministro, al\u00a0que se le conoc\u00eda por este sobrenombre- fue presidente de la Comunitat <strong>en maridaje con el valencianismo unionista\u00a0de Gonz\u00e1lez-Lizondo<\/strong> (al que despu\u00e9s fagocit\u00f3, al partido porque a Lizondo se lo cargaron sus compa\u00f1eros), con un discurso reivindicativo contra viento\u00a0y marea y <strong>gozando en la intimidad de los triunfos merengones<\/strong> mientras p\u00fablicamente sentaba sus posaderas en el palco de Mestalla para ver a un equipo que nunca am\u00f3. Incluso Rafael Maluenda desvel\u00f3 en una entrevista en LAS PROVINCIAS que si el Real Madrid perd\u00eda no se pod\u00eda hablar de f\u00fatbol con el jefe. <a href=\"http:\/\/www.lasprovincias.es\/valencia\/20090621\/politica\/cierto-zaplana-madrid-20090621.html\" rel=\"external nofollow\">http:\/\/www.lasprovincias.es\/valencia\/20090621\/politica\/cierto-zaplana-madrid-20090621.html<\/a><\/p>\n<p><a href=\"\/elfrancotirador\/wp-content\/uploads\/sites\/17\/2012\/03\/iduser1042iddb1MA0__QUAY___Fotos_C_4_____M1-18084141481.jpg\"><img loading=\"lazy\" class=\"aligncenter size-medium wp-image-45\" title=\"\" src=\"\/elfrancotirador\/wp-content\/uploads\/sites\/17\/2012\/03\/iduser1042iddb1MA0__QUAY___Fotos_C_4_____M1-18084141481.jpg\" alt=\"Zaplana, un malabarista del bal\u00f3n\" width=\"300\" height=\"231\" srcset=\"https:\/\/static-blogs.lasprovincias.es\/wp-content\/uploads\/sites\/17\/2012\/03\/iduser1042iddb1MA0__QUAY___Fotos_C_4_____M1-18084141481.jpg 800w, https:\/\/static-blogs.lasprovincias.es\/wp-content\/uploads\/sites\/17\/2012\/03\/iduser1042iddb1MA0__QUAY___Fotos_C_4_____M1-18084141481-300x231.jpg 300w, https:\/\/static-blogs.lasprovincias.es\/wp-content\/uploads\/sites\/17\/2012\/03\/iduser1042iddb1MA0__QUAY___Fotos_C_4_____M1-18084141481-768x592.jpg 768w, https:\/\/static-blogs.lasprovincias.es\/wp-content\/uploads\/sites\/17\/2012\/03\/iduser1042iddb1MA0__QUAY___Fotos_C_4_____M1-18084141481-778x600.jpg 778w\" sizes=\"(max-width: 300px) 100vw, 300px\" \/><\/a><\/p>\n<p><strong>Ximo Puig, el candidato renovador (jiji) a la secretaria general del PSPV<\/strong>, lanz\u00f3 ayer un mensaje valencianista como la p\u00f3cima de un \u00e9xito made in Zaplana. Puig se ha convertido al valencianismo ac\u00e9rrimo pese a que en 2007, <strong>en compa\u00f1\u00eda de Joan Baldov\u00ed<\/strong> (entonces alcalde de Sueca y hoy azote de Rajoy en el Congreso) y <strong>Jos\u00e9 Manuel Orengo<\/strong> (fiel colaborador y alcalde de Gandia), pos\u00f3 junto <strong>al director del instituto Ram\u00f3n Llull, Josep Bargall\u00f3<\/strong>, para promocionar las esencias catalanovalencianas o viceversa en la feria de Fr\u00e1ncfort. Entre ellas, <strong>que la paella (mixta o no) era propia de Catalu\u00f1a<\/strong> y otras cosas por el estilo que recuerdan a otras \u00e9pocas. Incluso Morella, junto a Gandia, Vinar\u00f2s y Sueca se unieron al Consejo General de los Pirineos Orientales, un hecho que celebr\u00f3 el entonces vicepresidente catal\u00e1n <strong>Josep Lluis Carod-Rovira <a href=\"http:\/\/www.lasprovincias.es\/valencia\/20090116\/politica\/sueca-gandia-morella-vinaros-20090116.html\" rel=\"external nofollow\">http:\/\/www.lasprovincias.es\/valencia\/20090116\/politica\/sueca-gandia-morella-vinaros-20090116.html<\/a><\/strong>.<\/p>\n<p><a href=\"\/elfrancotirador\/wp-content\/uploads\/sites\/17\/2012\/03\/iduser1042iddb1MA0__QUAY___Fotos_6_6_____M13-4455937021.jpg\"><img loading=\"lazy\" class=\"aligncenter size-medium wp-image-46\" title=\"\" src=\"\/elfrancotirador\/wp-content\/uploads\/sites\/17\/2012\/03\/iduser1042iddb1MA0__QUAY___Fotos_6_6_____M13-4455937021.jpg\" alt=\"El valencianismo de Puig junto a Bargall\u00f3, Baldov\u00ed y Orengo\" width=\"300\" height=\"199\" srcset=\"https:\/\/static-blogs.lasprovincias.es\/wp-content\/uploads\/sites\/17\/2012\/03\/iduser1042iddb1MA0__QUAY___Fotos_6_6_____M13-4455937021.jpg 800w, https:\/\/static-blogs.lasprovincias.es\/wp-content\/uploads\/sites\/17\/2012\/03\/iduser1042iddb1MA0__QUAY___Fotos_6_6_____M13-4455937021-300x200.jpg 300w, https:\/\/static-blogs.lasprovincias.es\/wp-content\/uploads\/sites\/17\/2012\/03\/iduser1042iddb1MA0__QUAY___Fotos_6_6_____M13-4455937021-768x512.jpg 768w\" sizes=\"(max-width: 300px) 100vw, 300px\" \/><\/a><\/p>\n<p>El jueves, en la presentaci\u00f3n de su manifiesto valencianista de marca blanca, <strong>Puig se olvid\u00f3 del t\u00e9rmino Pa\u00eds Valenci\u00e0<\/strong> para refinar su estilo con un estatutario Comunitat Valenciana. \u00bfQu\u00e9 dir\u00edan hoy Bargall\u00f3 y Baldov\u00ed de todo aquello? Un manifiesto que incluso cuenta con el apoyo de gente tan diversa como la <strong>exdiputada\u00a0Isabel Escudero, profesora y del Bar\u00e7a<\/strong>, que en su d\u00eda echaba pestes del propio Puig y que hay quien apunta que firm\u00f3 (semi)enga\u00f1ada ese dec\u00e1logo auspiciado por Vicent Soler.<\/p>\n<p>Puig, ahora, en ese arranque valencianista <strong>quiere m\u00e1s &#8220;agua para todos&#8221; que el PP<\/strong>, m\u00e1s infraestructuras, la financiaci\u00f3n por encima de la media y que se luche <strong>contra la corrupci\u00f3n m\u00e1s que nadie y m\u00e1s que Alarte<\/strong>. Y lo dice \u00e9l.<strong> Un amante de Serrat, alcalde de Morella y uno de los\u00a0de &#8220;volem TV3&#8221;.<\/strong> Y que en silencio, como se sufren las verdaderas intimidades con colchoneta o no en las posaderas, devora sus puros con<strong> las derrotas y triunfos del Real Madrid<\/strong>. Porque Puig, para el que no lo sepa, es mereng\u00f3n. Y a lo mejor, los socialistas valencianos han encontrado la clave. M\u00e1s por que por el candidato por el equipo de sus amores.<strong> \u00a1Hala Madrid!<\/strong><\/p>\n<p>Lo que est\u00e1 claro es que lo que no triunfa es ser del Valencia. <strong>Francisco Camps e Ignasi Pla, forofos ch\u00e9s hasta la m\u00e9dula, salieron por la puerta de atr\u00e1s.<\/strong> Uno para entrar en el TSJ y salir no culpable a carcajadas en la intimidad del asiento de atr\u00e1s. El otro, apu\u00f1alado por la espalda en su propio partido por unos miles de euros al alicatarse la cocina y algo m\u00e1s sin pagar la factura de rigor y tener los pelendengues de reconocerlo. Camps y Pla, dos sufridores del valencianismo que debatir\u00e1n sobre el futuro de Emery en el calor del Consell Jur\u00eddic Consultiu mientras Alarte, que no tiene mucha pinta de mediocentro fajador, se enfrenta a un futuro incierto.<\/p>\n<p><strong>Quiz\u00e1 llegue el d\u00eda en que Zaplana y Puig, nublados por las glorias deportivas, entonen juntos aquello de:<\/strong><\/p>\n<p>Los domingos por la tarde,<br \/>\ncaminando a Chamart\u00edn,<br \/>\n<strong>las mocitas madrile\u00f1as,<\/strong><br \/>\nlas mocitas madrile\u00f1as<br \/>\nvan alegres y risue\u00f1as<br \/>\nporque hoy juega su Madrid<\/p>\n<p><a class=\"twitter-share-button\" href=\"https:\/\/twitter.com\/share\" data-url=\"https:\/\/blogs.lasprovincias.es\/elfrancotirador\/2012\/03\/23\/zaplana-y-el-real-madrid-inspiran-al-pspv\/\" data-via=\"hesteban15\" data-lang=\"es\" rel=\"external nofollow\">Twittear<\/a><br \/>\n<script type=\"text\/javascript\">\/\/ <![CDATA[\n!function(d,s,id){var js,fjs=d.getElementsByTagName(s)[0];if(!d.getElementById(id)){js=d.createElement(s);js.id=id;js.src=\"\/\/platform.twitter.com\/widgets.js\";fjs.parentNode.insertBefore(js,fjs);}}(document,\"script\",\"twitter-wjs\");\n\/\/ ]]><\/script><\/p>\n<!-- AddThis Advanced Settings generic via filter on the_content --><!-- AddThis Share Buttons generic via filter on the_content -->","protected":false},"excerpt":{"rendered":"<p>&#8220;Tuve antes conciencia futbol\u00edstica que nacionalista. Por eso soy del Real Madrid y del Bloc&#8220;. Esta fue la respuesta que me dio hace ya una d\u00e9cada el concejal de Comprom\u00eds del Ayuntamiento de Gandia Josep Miquel Moya al preguntarle c\u00f3mo un nacionalista pod\u00eda ser del equipo del r\u00e9gimen\u00a0en el que &#8220;de\u00a0las\u00a0glorias deportivas, que campean por [&hellip;]<!-- AddThis Advanced Settings generic via filter on get_the_excerpt --><!-- AddThis Share Buttons generic via filter on get_the_excerpt --><\/p>\n","protected":false},"author":22,"featured_media":0,"comment_status":"open","ping_status":"closed","sticky":false,"template":"","format":"standard","meta":[],"categories":[2],"tags":[],"_links":{"self":[{"href":"https:\/\/blogs.lasprovincias.es\/elfrancotirador\/wp-json\/wp\/v2\/posts\/44"}],"collection":[{"href":"https:\/\/blogs.lasprovincias.es\/elfrancotirador\/wp-json\/wp\/v2\/posts"}],"about":[{"href":"https:\/\/blogs.lasprovincias.es\/elfrancotirador\/wp-json\/wp\/v2\/types\/post"}],"author":[{"embeddable":true,"href":"https:\/\/blogs.lasprovincias.es\/elfrancotirador\/wp-json\/wp\/v2\/users\/22"}],"replies":[{"embeddable":true,"href":"https:\/\/blogs.lasprovincias.es\/elfrancotirador\/wp-json\/wp\/v2\/comments?post=44"}],"version-history":[{"count":0,"href":"https:\/\/blogs.lasprovincias.es\/elfrancotirador\/wp-json\/wp\/v2\/posts\/44\/revisions"}],"wp:attachment":[{"href":"https:\/\/blogs.lasprovincias.es\/elfrancotirador\/wp-json\/wp\/v2\/media?parent=44"}],"wp:term":[{"taxonomy":"category","embeddable":true,"href":"https:\/\/blogs.lasprovincias.es\/elfrancotirador\/wp-json\/wp\/v2\/categories?post=44"},{"taxonomy":"post_tag","embeddable":true,"href":"https:\/\/blogs.lasprovincias.es\/elfrancotirador\/wp-json\/wp\/v2\/tags?post=44"}],"curies":[{"name":"wp","href":"https:\/\/api.w.org\/{rel}","templated":true}]}}