{"id":477,"date":"2013-04-14T18:40:57","date_gmt":"2013-04-14T18:40:57","guid":{"rendered":"http:\/\/blogs.lasprovincias.es\/elfrancotirador\/?p=477"},"modified":"2013-04-14T18:40:57","modified_gmt":"2013-04-14T18:40:57","slug":"los-asesores-hooligan-ana-pastor-y-el-ku-klux-klan","status":"publish","type":"post","link":"https:\/\/blogs.lasprovincias.es\/elfrancotirador\/2013\/04\/14\/los-asesores-hooligan-ana-pastor-y-el-ku-klux-klan\/","title":{"rendered":"Los asesores hooligan, Ana Pastor y el Ku Klux Klan"},"content":{"rendered":"<p><a class=\"twitter-follow-button\" href=\"https:\/\/twitter.com\/hesteban15\" data-show-count=\"false\" data-lang=\"es\" rel=\"external nofollow\">Seguir a @hesteban15<\/a><br \/>\n<script type=\"text\/javascript\">\/\/ <![CDATA[\n!function(d,s,id){var js,fjs=d.getElementsByTagName(s)[0],p=\/^http:\/.test(d.location)?'http':'https';if(!d.getElementById(id)){js=d.createElement(s);js.id=id;js.src=p+':\/\/platform.twitter.com\/widgets.js';fjs.parentNode.insertBefore(js,fjs);}}(document, 'script', 'twitter-wjs');\n\/\/ ]]><\/script><\/p>\n<p style=\"text-align: right;\"><em>Una vez entr\u00e9 en el despacho de una persona. Sobre la mesa, una copa con una rodaja de lim\u00f3n y un botell\u00edn de cola vac\u00edo. D\u00edas despu\u00e9s volv\u00ed. En el mismo sitio, la copa, la rodaja de lim\u00f3n mustia y el botell\u00edn. Aquel tipo, repantigado en su sill\u00f3n de cuero, no hab\u00eda sido capaz ni siquiera de retirar aquello. Aquel tipo era asesor pol\u00edtico.<\/em><\/p>\n<p>&nbsp;<\/p>\n<p>Muchos jueves por la ma\u00f1ana, durante la<strong> sesi\u00f3n de control al presidente de la Generalitat<\/strong>, <a href=\"http:\/\/es.wikipedia.org\/wiki\/Alberto_Fabra\" rel=\"external nofollow\">Alberto Fabra<\/a>, dirijo mi mirada hacia la<strong> tribuna de invitados de Les Corts<\/strong> Valencianes. All\u00ed, con el cartel de no hay billetes, se amontonan cargos del segundo escal\u00f3n y asesores que, durante hora y media, <strong>asisten mudos<\/strong> a las preguntas de los grupos parlamentarios. Cada vez que los miro siempre pienso lo mismo: \u00bfEstos no tienen trabajo hoy? Estar all\u00ed sin hacer nada, sin ni siquiera poder aplaudir o abuchear, es de todo menos productivo. <strong>\u00a1Con la faena que queda por hacer!<\/strong><\/p>\n<p>Hoy en d\u00eda, con el boom de las nuevas tecnolog\u00edas y las redes sociales,<strong> dale un tel\u00e9fono m\u00f3vil y una cuenta de twitter a un asesor pol\u00edtico<\/strong> y no dudes que te hundir\u00e1 el mundo. El asesor, una figura que supuestamente debe aconsejar e ilustrar al pol\u00edtico de turno en sus decisiones, <strong>ha derivado en algunos casos en un enchufado, amigo o familar<\/strong> capaz de echar por la borda el trabajo del partido al que representa. <strong>El asesor forofo<\/strong>, aquel que es premiado con un sueldo p\u00fablico por exceso de militancia,<strong> da\u00f1a la labor del pol\u00edtico<\/strong> y alimenta la desafecci\u00f3n ciudadana.<\/p>\n<p>Al primero que<strong> le explot\u00f3 <\/strong>el c\u00f3ctel tel\u00e9fono m\u00f3vil y redes sociales fue a \u00c1ngel M\u00ednguez <a href=\"https:\/\/twitter.com\/angelminguez\" rel=\"external nofollow\">(@angelminguez)<\/a>, personal de confianza del presidente de Les Corts, Juan Cotino, al inicio de la legislatura. Este es el tuit:<\/p>\n<p><a href=\"https:\/\/blogs.lasprovincias.es\/elfrancotirador\/2013\/04\/14\/los-asesores-hooligan-ana-pastor-y-el-ku-klux-klan\/minguez\/\" rel=\"attachment wp-att-478\"><img loading=\"lazy\" class=\"aligncenter size-full wp-image-478\" title=\"M\u00ednguez\" src=\"\/elfrancotirador\/wp-content\/uploads\/sites\/17\/2013\/04\/M\u00ednguez.jpg\" alt=\"\" width=\"361\" height=\"220\" srcset=\"https:\/\/static-blogs.lasprovincias.es\/wp-content\/uploads\/sites\/17\/2013\/04\/M\u00ednguez.jpg 361w, https:\/\/static-blogs.lasprovincias.es\/wp-content\/uploads\/sites\/17\/2013\/04\/M\u00ednguez-300x183.jpg 300w\" sizes=\"(max-width: 361px) 100vw, 361px\" \/><\/a><\/p>\n<p>&nbsp;<\/p>\n<p>A M\u00ednguez el asunto se le escap\u00f3 de las manos. Su tuit contra <a href=\"http:\/\/es.wikipedia.org\/wiki\/Ana_Pastor_Garc%C3%ADa\" rel=\"external nofollow\">Ana Pastor<\/a>\u00a0<a href=\"https:\/\/twitter.com\/_anapastor_\" rel=\"external nofollow\">(@_anapastor_)<\/a>\u00a0<strong>h\u00e1bilmente respondido por la periodista<\/strong>, gener\u00f3 un tsunami de reacciones. Medios de toda Espa\u00f1a le dieron a M\u00ednguez una relevancia\u00a0 incluso superior a la del presidente de la Generalitat y hasta gente como <a href=\"https:\/\/twitter.com\/AlejandroSanz\" rel=\"external nofollow\">Alejandro Sanz<\/a> <a href=\"https:\/\/twitter.com\/AlejandroSanz\" rel=\"external nofollow\">(@AlejandroSanz<\/a>), el espa\u00f1ol con m\u00e1s seguidores en Twitter con casi 9 millones, participaron de la pol\u00e9mica:<\/p>\n<p>&nbsp;<\/p>\n<blockquote class=\"twitter-tweet\" lang=\"es\"><p>Lo que ha dicho el se\u00f1or Angel Minguez de @<a href=\"https:\/\/twitter.com\/anapastor_tve\" rel=\"external nofollow\">anapastor_tve<\/a> en twitter no es digno de un dirigente politico a (cont) <a title=\"http:\/\/tl.gd\/dj0ao5\" href=\"http:\/\/t.co\/oXvBnJYv\" rel=\"external nofollow\">tl.gd\/dj0ao5<\/a><\/p>\n<p>\u2014 Alejandro Sanz(@AlejandroSanz) <a href=\"https:\/\/twitter.com\/AlejandroSanz\/status\/123870713361858560\" rel=\"external nofollow\">11 de octubre de 2011<\/a><\/p>\n<p>&nbsp;<\/p><\/blockquote>\n<p>&nbsp;<\/p>\n<p>Hoy, M\u00ednguez, est\u00e1 alejado del sueldo p\u00fablico. Dej\u00f3 Les Corts y se gana la vida como odont\u00f3logo.<\/p>\n<p>Otro de los <strong>asesores de referencia en este tipo de pol\u00e9micas<\/strong> es Luis Salom <a href=\"https:\/\/twitter.com\/search?q=luis%20salom&#038;src=typd\" rel=\"external nofollow\">(@LuisSalom)<\/a>. En su &#8220;cuenta PERSONAL que gestiona con absoluta libertad&#8221; acumula <strong>casi 43.000 tuits<\/strong>. Esa carga de trabajo implica que uno dedique una buena parte del d\u00eda a avivar el debate en las redes sociales. Lo compaginar\u00e1 con su trabajo, digo yo. <strong>Salom se ha convertido en el azote<\/strong> (t\u00e9rmino de moda) de los partidos de izquierda como PSPV y Comprom\u00eds, con los que mantiene encarnizadas luchas en las redes sociales.<\/p>\n<p>A Salom, en ocasiones la dupla Twitter y m\u00f3vil tambi\u00e9n se le va de las manos como cuando insinu\u00f3 <a href=\"https:\/\/blogs.lasprovincias.es\/elfrancotirador\/2012\/03\/27\/la-coca-del-asesor-del-pp\/\">un consumo de coca\u00edna desmesurado en Andaluc\u00eda<\/a> tras el resultado de las elecciones andaluzas. Se supone que ser\u00eda una apreciaci\u00f3n al hilo del caso de los EREs.<\/p>\n<p><strong>Otro de los asesores que tuitea a tumba abierta<\/strong> es Giuseppe Grezzi <a href=\"https:\/\/twitter.com\/giuseppegrezzi\" rel=\"external nofollow\">(@giuseppegrezzi)<\/a> , <strong>el chico travieso de Comprom\u00eds<\/strong>, que combate en las redes sociales con su militancia como bandera. Grezzi encontr\u00f3 acomodo como asesor tras ir en la lista municipal de 2011 al Ayuntamiento de Valencia y no salir elegido. El abrigo de un sueldo p\u00fablico es maravilloso en tiempos de crisis. Hoy, su labor es m\u00e1s conocida <strong>por sus bromas a los cofrades de la semana santa y por sus camisetas<\/strong> <a href=\"https:\/\/blogs.lasprovincias.es\/elfrancotirador\/2013\/04\/02\/los-politicos-sectarios\/\">que por sus consejos <\/a>a <a href=\"http:\/\/es.wikipedia.org\/wiki\/Joan_Rib%C3%B3\" rel=\"external nofollow\">Joan Rib\u00f3<\/a>.<\/p>\n<p>&nbsp;<\/p>\n<blockquote class=\"twitter-tweet\" lang=\"es\"><p>Sant\u00edsima Hermandad del <a href=\"https:\/\/twitter.com\/search\/%23KuKluxKlan\" rel=\"external nofollow\">#KuKluxKlan<\/a>? <a href=\"https:\/\/twitter.com\/search\/%23Cabanyal\" rel=\"external nofollow\">#Cabanyal<\/a> <a href=\"https:\/\/twitter.com\/search\/%23Valencia\" rel=\"external nofollow\">#Valencia<\/a> <a title=\"http:\/\/instagram.com\/p\/XcyoXXFV04\/\" href=\"http:\/\/t.co\/pO9kJLdkNK\" rel=\"external nofollow\">instagram.com\/p\/XcyoXXFV04\/<\/a><\/p>\n<p>\u2014 Giuseppe Grezzi(@giuseppegrezzi) <a href=\"https:\/\/twitter.com\/giuseppegrezzi\/status\/317690425211236354\" rel=\"external nofollow\">29 de marzo de 2013<\/a><\/p><\/blockquote>\n<p>&nbsp;<\/p>\n<p>Por cierto,<strong> tanto Salom como Grezzi<\/strong>, enemigos pol\u00edticos \u00edntimos, nunca se cuestionan el sueldo: <strong>los dos ganan 4.000 euros brutos al mes<\/strong>.<\/p>\n<p>Cuando aterric\u00e9 en esto de la informaci\u00f3n pol\u00edtica hace m\u00e1s de una d\u00e9cada me encontr\u00e9 con tres personas: Jos\u00e9 Mart\u00ed, Fabrizio Muzzati y Xavier Aliaga. Eran los responsables de prensa de los tres grupos parlamentarios de Les Corts.\u00a0Los dos primeros siguen en el tajo mientras\u00a0el tercero\u00a0hace tiempo que inici\u00f3 una aventura de escritor y con \u00e9xito. Pero por encima de todo\u00a0<strong>son tres profesionales<\/strong> y ejemplo de c\u00f3mo se hace un trabajo. Los tres me ense\u00f1aron.<\/p>\n<p>Hoy, en la administraci\u00f3n, hay dignos herederos\u00a0de estas\u00a0tres personas. Conozco a muchos periodistas (que es mi negociado)\u00a0en el otro lado que realizan su labor\u00a0de manera sobresaliente.\u00a0<strong>Gente discreta<\/strong>, que se cree su trabajo, que\u00a0ilustra con acierto y que se\u00a0gana el sueldo que le pagan. Pero tambi\u00e9n ha proliferado como setas\u00a0<strong>el asesor enchufado<\/strong>, colocado por su ideolog\u00eda pol\u00edtica, sin preparaci\u00f3n, familiares y amigos,\u00a0sin capacidad de aconsejar y que <strong>le debe el puesto al trabajado peloteo<\/strong>. De estos, muchos son\u00a0j\u00f3venes. De la misma\u00a0generaci\u00f3n que\u00a0se gana los cuartos en tierra extra\u00f1a\u00a0mientras ellos\u00a0<strong>se acurrucan al calor del sueldo<\/strong> de varios miles de euros y sin sentir la soledad de la cola del paro.<\/p>\n<p>Y junto a ellos,<strong> veteranos y aprovechados como el socialista Miguel Soler<\/strong>, personal eventual de Les Corts Valencianes, que <strong>fue a su puesto de trabajo por primera vez seis meses despu\u00e9s de ser nombrado<\/strong> y<a href=\"http:\/\/www.lasprovincias.es\/v\/20121204\/politica\/asesor-pspv-corts-cobra-20121204.html\" rel=\"external nofollow\"> tras cobrar 12.000 euros por ello<\/a>. Un Miguel Soler que necesita c0mo el agua ese puesto de asesor p\u00fablico para salvaguardar, con la correspondiente excedencia forzosa, su puesto de funcionario. Es decir, para que si lo tiran del partido pueda volver a su anterior trabajo. Porque el PSPV tampoco se salva y si no que se lo pregunten a la <em>troupe<\/em> que se trajo la nueva direcci\u00f3n de Gandia.<\/p>\n<p>En la desafecci\u00f3n de la pol\u00edtica ha tenido mucho que ver la figura del asesor. Si quiere saber lo que cobran en la Comunitat pinche aqu\u00ed: <a href=\"http:\/\/www.lasprovincias.es\/v\/20121231\/politica\/asesor-tiempo-crisis-20121231.html\" rel=\"external nofollow\">sueldos<\/a>. <strong>Las sospechas del enchufismo descarado<\/strong> y bien pagado ha generado mucha bilis en una sociedad muy tocada.<strong> La regeneraci\u00f3n tambi\u00e9n pasa por darle al asesor el verdadero sentido<\/strong>, la definici\u00f3n que da la Real Acad\u00e9mia Espa\u00f1ola, que en ninguna de sus acepciones recoge la de est\u00f3magos agradecidos.<\/p>\n<p>P. D: Si alg\u00fan <a href=\"http:\/\/www.lasprovincias.es\/20120227\/mas-actualidad\/politica\/asesores-publicos-cuestan-millonada-201202270105.html\" rel=\"external nofollow\">asesor pol\u00edtico <\/a>lee esto que libremente se sit\u00fae en el lado que quiera.<\/p>\n<p>&nbsp;<\/p>\n<!-- AddThis Advanced Settings generic via filter on the_content --><!-- AddThis Share Buttons generic via filter on the_content -->","protected":false},"excerpt":{"rendered":"<p>Seguir a @hesteban15 Una vez entr\u00e9 en el despacho de una persona. Sobre la mesa, una copa con una rodaja de lim\u00f3n y un botell\u00edn de cola vac\u00edo. D\u00edas despu\u00e9s volv\u00ed. En el mismo sitio, la copa, la rodaja de lim\u00f3n mustia y el botell\u00edn. Aquel tipo, repantigado en su sill\u00f3n de cuero, no hab\u00eda [&hellip;]<!-- AddThis Advanced Settings generic via filter on get_the_excerpt --><!-- AddThis Share Buttons generic via filter on get_the_excerpt --><\/p>\n","protected":false},"author":22,"featured_media":0,"comment_status":"open","ping_status":"closed","sticky":false,"template":"","format":"standard","meta":[],"categories":[2],"tags":[29,37,51,52,152,238,518,523,560],"_links":{"self":[{"href":"https:\/\/blogs.lasprovincias.es\/elfrancotirador\/wp-json\/wp\/v2\/posts\/477"}],"collection":[{"href":"https:\/\/blogs.lasprovincias.es\/elfrancotirador\/wp-json\/wp\/v2\/posts"}],"about":[{"href":"https:\/\/blogs.lasprovincias.es\/elfrancotirador\/wp-json\/wp\/v2\/types\/post"}],"author":[{"embeddable":true,"href":"https:\/\/blogs.lasprovincias.es\/elfrancotirador\/wp-json\/wp\/v2\/users\/22"}],"replies":[{"embeddable":true,"href":"https:\/\/blogs.lasprovincias.es\/elfrancotirador\/wp-json\/wp\/v2\/comments?post=477"}],"version-history":[{"count":0,"href":"https:\/\/blogs.lasprovincias.es\/elfrancotirador\/wp-json\/wp\/v2\/posts\/477\/revisions"}],"wp:attachment":[{"href":"https:\/\/blogs.lasprovincias.es\/elfrancotirador\/wp-json\/wp\/v2\/media?parent=477"}],"wp:term":[{"taxonomy":"category","embeddable":true,"href":"https:\/\/blogs.lasprovincias.es\/elfrancotirador\/wp-json\/wp\/v2\/categories?post=477"},{"taxonomy":"post_tag","embeddable":true,"href":"https:\/\/blogs.lasprovincias.es\/elfrancotirador\/wp-json\/wp\/v2\/tags?post=477"}],"curies":[{"name":"wp","href":"https:\/\/api.w.org\/{rel}","templated":true}]}}