{"id":480,"date":"2013-04-19T19:39:19","date_gmt":"2013-04-19T19:39:19","guid":{"rendered":"http:\/\/blogs.lasprovincias.es\/elfrancotirador\/?p=480"},"modified":"2013-04-19T19:39:19","modified_gmt":"2013-04-19T19:39:19","slug":"la-responsabilidad-de-cada-uno-en-esta-crisis","status":"publish","type":"post","link":"https:\/\/blogs.lasprovincias.es\/elfrancotirador\/2013\/04\/19\/la-responsabilidad-de-cada-uno-en-esta-crisis\/","title":{"rendered":"La responsabilidad de cada uno en esta crisis"},"content":{"rendered":"<p><a class=\"twitter-follow-button\" href=\"https:\/\/twitter.com\/hesteban15\" data-show-count=\"false\" data-lang=\"es\" rel=\"external nofollow\">Seguir a @hesteban15<\/a><br \/>\n<script type=\"text\/javascript\">\/\/ <![CDATA[\n!function(d,s,id){var js,fjs=d.getElementsByTagName(s)[0],p=\/^http:\/.test(d.location)?'http':'https';if(!d.getElementById(id)){js=d.createElement(s);js.id=id;js.src=p+':\/\/platform.twitter.com\/widgets.js';fjs.parentNode.insertBefore(js,fjs);}}(document, 'script', 'twitter-wjs');\n\/\/ ]]><\/script><\/p>\n<p style=\"text-align: right;\"><em>&#8220;Endeudados, sin f\u00e1bricas, sin empleos y atrapados por el corralito&#8221;<\/em><\/p>\n<p style=\"text-align: right;\"><em>\u00a0Este es\u00a0 el subt\u00edtulo que acompa\u00f1a al libro &#8220;Espa\u00f1a, destino Tercer Mundo&#8221;, del periodista Ram\u00f3n Mu\u00f1oz.<\/em><\/p>\n<p style=\"text-align: right;\"><em>Imprescindible lectura. Puro realismo<\/em><\/p>\n<p>&nbsp;<\/p>\n<p>Escribir esto no es f\u00e1cil. Desde la primera l\u00ednea. Pero en el todopoderoso debate de la crisis todav\u00eda no he escuchado a nadie, <strong>ni pol\u00edtico ni banquero ni ciudadano<\/strong>, que asuma su responsabilidad. A nadie que diga: &#8220;S\u00ed, soy culpable de lo que pasa&#8221;. \u00bfD\u00f3nde est\u00e1 la responsabilidad?<\/p>\n<p><strong>La responsabilidad est\u00e1<\/strong> en ese director de banco que estaf\u00f3 a mileuristas con una serie de extras en sus hipotecas y que no les advirti\u00f3 de que si las cosas ven\u00edan mal dadas no pagar\u00edan la casa ni con cromos del Coyote. En la firma de aquel ciudadano que se sent\u00f3 frente al director del banco, que fue a hipotecarse para comprar una vivienda y sali\u00f3 de la oficina con su r\u00fabrica para la casa, los muebles, lo que quedaba por pagar del coche y las vacaciones veraniegas con un todo incluido. En el constructor \u00e1varo que multiplic\u00f3 por mucho la venta de sus pisos para ganar dinero sin escr\u00fapulos a costa del trabajador<\/p>\n<p><strong>La responsabilidad est\u00e1<\/strong> en esos trabajadores de oficina que\u00a0timaron a conciencia\u00a0a venerables ancianos con un enga\u00f1o llamado <a href=\"http:\/\/www.lasprovincias.es\/rc\/20130418\/economia\/bankia-comienza-proceso-arbitraje-201304180804.html\" rel=\"external nofollow\">preferentes<\/a> y que luego desbordaron arrepentimiento cuando el mal estaba hecho.<\/p>\n<p><strong>La responsabilidad est\u00e1<\/strong> en aquellos pol\u00edticos que, como veo\u00a0muchos d\u00edas\u00a0en la comisi\u00f3n de <a href=\"http:\/\/www.lasprovincias.es\/20120611\/mas-actualidad\/politica\/consejero-cort-comparecencia-201206111130.html\" rel=\"external nofollow\">investigaci\u00f3n de la CAM<\/a>, no asumen que ellos fueron los que votaron y colocaron a la pandilla de ineptos que gobernaba una de las mayores cajas de\u00a0Espa\u00f1a. Unos consejeros que no tienen verg\u00fcenza ni\u00a0para pedir perd\u00f3n.<\/p>\n<p><strong>La responsabilidad est\u00e1<\/strong> en muchos de los que integran <a href=\"http:\/\/www.lasprovincias.es\/v\/20130409\/politica\/escrache-casa-gonzalez-pons-20130409.html\" rel=\"external nofollow\">los escraches<\/a>, que cometieron mucho de estos pecados y que no entienden que la esencia de la PAH est\u00e1 en defender al desahuciado en la puerta de su domicilio, y en muchos de los <a href=\"http:\/\/www.lasprovincias.es\/rc\/20130419\/mas-actualidad\/sociedad\/escrache-montoro-201304192009.html\" rel=\"external nofollow\">pol\u00edticos asediados <\/a>que convirtieron su incontinencia verbal en mentiras. En aquellos que han tenido que ver<a href=\"http:\/\/www.lasprovincias.es\/rc\/20121128\/mas-actualidad\/sociedad\/hombre-proceso-desahucio-suicida-201211281415.html\" rel=\"external nofollow\"> saltos al vac\u00edo <\/a>de personas desesperadas para tomar medidas. Personas a las que les oblig\u00f3 el sistema a vivir por encima de sus posibilidades.<\/p>\n<p><strong>La responsabilidad est\u00e1<\/strong> en aquellos que optaron por salvar el culo a unos <a href=\"http:\/\/www.lasprovincias.es\/20120411\/comunitatvalenciana\/comunitat\/bankia-requena-cajero-dinero-201204112328.html\" rel=\"external nofollow\">bancos<\/a> que todav\u00eda tienen la desfachatez de anunciar que les queda &#8220;cuerda&#8221; para Rato y en los que los colocados por su excondici\u00f3n de presidentes no asumen su mala gesti\u00f3n.<\/p>\n<p><iframe loading=\"lazy\" src=\"\/\/www.youtube.com\/embed\/fmDQbbkenlE\" frameborder=\"0\" width=\"560\" height=\"315\"><\/iframe><\/p>\n<p><strong>La responsabilidad est\u00e1<\/strong> en esos ministros que cultivaron <a href=\"http:\/\/www.que.es\/ultimas-noticias\/espana\/200905191842-elena-salgado-dice-que-semanas.html\" rel=\"external nofollow\">brotes verdes<\/a> que nunca germinaron,\u00a0en el Gobierno que\u00a0silenci\u00f3 una\u00a0crisis para reeditar\u00a0\u00e9xitos electorales\u00a0y <a href=\"http:\/\/www.lasprovincias.es\/rc\/20130221\/mas-actualidad\/sociedad\/rajoy-vida-crisis-201302211233.html\" rel=\"external nofollow\">en el aspirante<\/a> que engatus\u00f3 con mentiras a un electorado que se aferr\u00f3 a \u00e9l como soluci\u00f3n para el d\u00eda despu\u00e9s del 20-N.<\/p>\n<p><strong><strong>La responsabilidad <\/strong><\/strong>est\u00e1 en aquellos que quisieron dejar de ser machacas y que con \u00ednfulas de empresarios montaron su empresa de encofrado con el BMW y el adosado como primera inversi\u00f3n. Porque si ganaban 6.000 euros al mes a destajo al servicio de otros podr\u00edan multiplicar por mucho esa cifra con su ordeno y mando pero sin tener ni idea de gestionar un negocio.<\/p>\n<p><strong>La responsabilidad est\u00e1\u00a0<\/strong>en el\u00a0que vende la barra de pan a 0,20 y\u00a0en el\u00a0que la compra sin importarle la calidad de la materia prima y sin caer en la posibilidad de que el resto de negocios cierren por defunci\u00f3n para hacer a otro el m\u00e1s rico del pueblo.<\/p>\n<p><strong>La responsabilidad est\u00e1<\/strong> en la peregrinaci\u00f3n a grandes superficies para comprar, transportar y montar muebles baratos sin tener en cuenta que minaba el futuro de empresarios del mueble, transportistas y montadores.<\/p>\n<p><strong>La responsabilidad est\u00e1<\/strong> en aquellos que se lamentan de que Iberia se fuera al garete mientras viajan en <a href=\"http:\/\/www.lasprovincias.es\/20121031\/mas-actualidad\/sociedad\/ryanair-expulsa-mujer-libro-201210311924.html\" rel=\"external nofollow\">vuelos baratos\u00a0de compa\u00f1\u00edas de bajo<\/a> coste que extorsionan y se\u00a0venden al mejor postor p\u00fablico para volar desde sus aeropuertos con subvenciones millonarias.<\/p>\n<p>&nbsp;<\/p>\n<p><strong><a href=\"https:\/\/blogs.lasprovincias.es\/elfrancotirador\/2013\/04\/19\/la-responsabilidad-de-cada-uno-en-esta-crisis\/docu_lp-docu_grupo-docu_grupo\/\" rel=\"attachment wp-att-483\"><img loading=\"lazy\" class=\"aligncenter size-full wp-image-483\" title=\"DOCU_LP DOCU_GRUPO DOCU_GRUPO\" src=\"\/elfrancotirador\/wp-content\/uploads\/sites\/17\/2013\/04\/chino.jpg\" alt=\"\" width=\"560\" height=\"312\" srcset=\"https:\/\/static-blogs.lasprovincias.es\/wp-content\/uploads\/sites\/17\/2013\/04\/chino.jpg 560w, https:\/\/static-blogs.lasprovincias.es\/wp-content\/uploads\/sites\/17\/2013\/04\/chino-300x167.jpg 300w\" sizes=\"(max-width: 560px) 100vw, 560px\" \/><\/a><\/strong><\/p>\n<p><strong>La responsabilidad est\u00e1<\/strong> en el consumidor, en usted y yo, que ha convertido los bazares asi\u00e1ticos en su para\u00edso personal jodiendo sin remedio al kiosquero, al de la ferreter\u00eda, al de la papeler\u00eda, al de la\u00a0casa de regalos, al de la tienda de ropa, al de la mercer\u00eda del barrio sin tener en cuenta la calidad del producto ni las consecuencias de la compra.<\/p>\n<p><strong><strong>La responsabilidad est\u00e1<\/strong> <\/strong>en el pol\u00edtico de turno, que con un esp\u00edritu berlanguiano, se fotografiaba frente a gigantescos buques rebosantes de contenedores con material chino en el puerto de su ciudad sin tener en cuenta el paro generado cada vez que se descargaba una de las cajas.<\/p>\n<p><strong>La responsabilidad est\u00e1<\/strong> en aquellos que un d\u00eda rechazaron un sueldo de mileurista por ser chabacano, despreciable y poco acorde a su preparaci\u00f3n sin saber que casi siempre en los trabajos se progresa desde abajo. En aquellos que\u00a0prometieron que los aut\u00f3nomos no pagar\u00edan el IVA de las facturas\u00a0no cobradas y a d\u00eda de hoy mienten como bellacos. En los que promocionaron el\u00a0I+D+i como la panacea y despreciaron la mano de obra.<\/p>\n<p><strong>La responsabilidad est\u00e1<\/strong> en esas organizaciones sindicales y l\u00edderes pleistoc\u00e9nicos que vivieron, viven y vivir\u00e1n subvencionados sin l\u00edmites.<\/p>\n<p><strong>La responsabilidad est\u00e1<\/strong> en el que consider\u00f3 que la administraci\u00f3n es una ristra de empresas p\u00fablicas para colgar asesores de medio pelo. Al que consider\u00f3 que en lo p\u00fablico hab\u00eda una m\u00e1quina de hacer billetes para caprichos varios.<\/p>\n<p><strong>La responsabilidad est\u00e1<\/strong> en los que se hipotecaron, prometieron, mintieron, vendieron, compraron, gestionaron, enga\u00f1aron, estafaron&#8230; por encima de sus posibilidades.<\/p>\n<p>No hay que ser hip\u00f3critas. El examen de conciencia es el paso fundamental para salir de la crisis.<\/p>\n<p>No me hipotequ\u00e9 por encima de mis posibilidades; nunca mir\u00e9 primero el coche y luego el dinero; nunca opt\u00e9 a caprichos que no pod\u00eda pagar;\u00a0<strong>pero s\u00ed jugu\u00e9 a especular porque\u00a0en\u00a0su d\u00eda\u00a0yo tambi\u00e9n quise\u00a0ganar dinero por encima de mis posibilidades<\/strong> y me salv\u00e9 por los pelos sin ganar ni perder. <strong>Aprend\u00ed la lecci\u00f3n<\/strong>.<\/p>\n<p><strong>No vivo ajeno al paro, a los desahucios, a pasarlas putas pero asumo parte de mi responsabilidad.<\/strong><\/p>\n<p>No soy ni positivo ni negativo, soy realista.<\/p>\n<p>No vivo ajeno a los hoteles de mil estrellas<\/p>\n<p><iframe loading=\"lazy\" src=\"\/\/www.youtube.com\/embed\/qXyX5GdFU-M\" frameborder=\"0\" width=\"640\" height=\"480\"><\/iframe><\/p>\n<!-- AddThis Advanced Settings generic via filter on the_content --><!-- AddThis Share Buttons generic via filter on the_content -->","protected":false},"excerpt":{"rendered":"<p>Seguir a @hesteban15 &#8220;Endeudados, sin f\u00e1bricas, sin empleos y atrapados por el corralito&#8221; \u00a0Este es\u00a0 el subt\u00edtulo que acompa\u00f1a al libro &#8220;Espa\u00f1a, destino Tercer Mundo&#8221;, del periodista Ram\u00f3n Mu\u00f1oz. Imprescindible lectura. Puro realismo &nbsp; Escribir esto no es f\u00e1cil. Desde la primera l\u00ednea. Pero en el todopoderoso debate de la crisis todav\u00eda no he escuchado [&hellip;]<!-- AddThis Advanced Settings generic via filter on get_the_excerpt --><!-- AddThis Share Buttons generic via filter on get_the_excerpt --><\/p>\n","protected":false},"author":22,"featured_media":0,"comment_status":"open","ping_status":"closed","sticky":false,"template":"","format":"standard","meta":[],"categories":[2],"tags":[64,66,198,247,477,518,663],"_links":{"self":[{"href":"https:\/\/blogs.lasprovincias.es\/elfrancotirador\/wp-json\/wp\/v2\/posts\/480"}],"collection":[{"href":"https:\/\/blogs.lasprovincias.es\/elfrancotirador\/wp-json\/wp\/v2\/posts"}],"about":[{"href":"https:\/\/blogs.lasprovincias.es\/elfrancotirador\/wp-json\/wp\/v2\/types\/post"}],"author":[{"embeddable":true,"href":"https:\/\/blogs.lasprovincias.es\/elfrancotirador\/wp-json\/wp\/v2\/users\/22"}],"replies":[{"embeddable":true,"href":"https:\/\/blogs.lasprovincias.es\/elfrancotirador\/wp-json\/wp\/v2\/comments?post=480"}],"version-history":[{"count":0,"href":"https:\/\/blogs.lasprovincias.es\/elfrancotirador\/wp-json\/wp\/v2\/posts\/480\/revisions"}],"wp:attachment":[{"href":"https:\/\/blogs.lasprovincias.es\/elfrancotirador\/wp-json\/wp\/v2\/media?parent=480"}],"wp:term":[{"taxonomy":"category","embeddable":true,"href":"https:\/\/blogs.lasprovincias.es\/elfrancotirador\/wp-json\/wp\/v2\/categories?post=480"},{"taxonomy":"post_tag","embeddable":true,"href":"https:\/\/blogs.lasprovincias.es\/elfrancotirador\/wp-json\/wp\/v2\/tags?post=480"}],"curies":[{"name":"wp","href":"https:\/\/api.w.org\/{rel}","templated":true}]}}