{"id":484,"date":"2013-04-28T16:47:45","date_gmt":"2013-04-28T16:47:45","guid":{"rendered":"http:\/\/blogs.lasprovincias.es\/elfrancotirador\/?p=484"},"modified":"2013-04-28T16:47:45","modified_gmt":"2013-04-28T16:47:45","slug":"carla-bruni-cobro-un-dineral-de-canal-9","status":"publish","type":"post","link":"https:\/\/blogs.lasprovincias.es\/elfrancotirador\/2013\/04\/28\/carla-bruni-cobro-un-dineral-de-canal-9\/","title":{"rendered":"Carla Bruni cobr\u00f3 un dineral de Canal 9"},"content":{"rendered":"<p><a class=\"twitter-follow-button\" href=\"https:\/\/twitter.com\/hesteban15\" data-lang=\"es\" data-show-count=\"false\" rel=\"external nofollow\">Seguir a @hesteban15<\/a><br \/>\n<script type=\"text\/javascript\">\/\/ <![CDATA[\n!function(d,s,id){var js,fjs=d.getElementsByTagName(s)[0],p=\/^http:\/.test(d.location)?'http':'https';if(!d.getElementById(id)){js=d.createElement(s);js.id=id;js.src=p+':\/\/platform.twitter.com\/widgets.js';fjs.parentNode.insertBefore(js,fjs);}}(document, 'script', 'twitter-wjs');\n\/\/ ]]><\/script><br \/>\nHace unos d\u00edas, el dicharachero <a href=\"http:\/\/es.wikipedia.org\/wiki\/Jes%C3%BAs_Mari%C3%B1as\" rel=\"external nofollow\">Jes\u00fas Mari\u00f1as<\/a> cont\u00f3 en ese <strong>marat\u00f3n rosa<\/strong> que es el <a href=\"http:\/\/www.telecinco.es\/salvamedeluxe\/\" rel=\"external nofollow\">Salvame Deluxe<\/a> que en su \u00e9poca de\u00a0entrevistador coral\u00a0en <a href=\"http:\/\/www.youtube.com\/watch?v=XDOkQ7N60cE\" rel=\"external nofollow\">T\u00f3mbola<\/a> trincaba <a href=\"http:\/\/www.lasprovincias.es\/20130422\/gente\/tombola-jesus-marinas-201304221333.html\" rel=\"external nofollow\">3.000 euros del ala <\/a>por programa. Ya lo\u00a0desvel\u00f3 LAS PROVINCIAS en 2002 y mi compa\u00f1ero <a href=\"http:\/\/blogs.lasprovincias.es\/elsindromededarrin\/\">Darrin<\/a>, que con permiso hoy me meto en su terreno, encaden\u00f3 los <strong>excesos del programa<\/strong>\u00a0de Canal 9 en <a href=\"http:\/\/blogs.lasprovincias.es\/elsindromededarrin\/2013\/04\/24\/los-excesos-de-tombola-en-canal-9\/\">su \u00faltimo post<\/a>.<\/p>\n<p><strong><\/strong><strong>La revelaci\u00f3n de Mari\u00f1as<\/strong>, esa alcahueta con bigote, mechas y voz estridente, me hizo recordar que <strong>de Canal 9 ha trincado cantidades indecentes<\/strong> hasta la exprimera dama de los <a href=\"http:\/\/es.wikipedia.org\/wiki\/Avenida_de_los_Campos_El%C3%ADseos\" rel=\"external nofollow\">Campos El\u00edseos<\/a>. S\u00ed, s\u00ed,\u00a0<a href=\"http:\/\/es.wikipedia.org\/wiki\/Carla_Bruni\" rel=\"external nofollow\">Carla Bruni<\/a>,\u00a0la se\u00f1ora de <a href=\"http:\/\/es.wikipedia.org\/wiki\/Nicolas_Sarkozy\" rel=\"external nofollow\">Nicolas Sarkozy<\/a>, que <strong>se los llev\u00f3 calentitos<\/strong> por un par de pase\u00edtos y la entrega de uno de los <a href=\"http:\/\/servicios.laverdad.es\/extras\/sueloindALI06\/suscr\/nec1.htm\" rel=\"external nofollow\">Premios Nova<\/a>, aquellos galardones\u00a0que se invent\u00f3 un reci\u00e9n llegado <a href=\"http:\/\/es.wikipedia.org\/wiki\/Eduardo_Zaplana\" rel=\"external nofollow\">Eduardo Zaplana<\/a> que tir\u00f3 con <strong>p\u00f3lvora de rey<\/strong> a todo lo que se le pon\u00eda por delante. La culpa de la <strong>dilapidaci\u00f3n del dinero p\u00fablico<\/strong> no es de &#8216;la Bruni&#8217; sino del que lo permiti\u00f3.<\/p>\n<p><strong><\/strong><strong><a href=\"https:\/\/blogs.lasprovincias.es\/elfrancotirador\/2013\/04\/28\/carla-bruni-cobro-un-dineral-de-canal-9\/img_8680-2\/\" rel=\"attachment wp-att-489\"><img loading=\"lazy\" class=\"aligncenter size-large wp-image-489\" title=\"IMG_8680\" src=\"\/elfrancotirador\/wp-content\/uploads\/sites\/17\/2013\/04\/IMG_86801.jpg\" alt=\"\" width=\"394\" height=\"600\" srcset=\"https:\/\/static-blogs.lasprovincias.es\/wp-content\/uploads\/sites\/17\/2013\/04\/IMG_86801.jpg 1088w, https:\/\/static-blogs.lasprovincias.es\/wp-content\/uploads\/sites\/17\/2013\/04\/IMG_86801-197x300.jpg 197w, https:\/\/static-blogs.lasprovincias.es\/wp-content\/uploads\/sites\/17\/2013\/04\/IMG_86801-768x1168.jpg 768w\" sizes=\"(max-width: 394px) 100vw, 394px\" \/><\/a>Carla Bruni<\/strong>, la modelo-actriz-<a href=\"http:\/\/carlabruni.artiste.universalmusic.fr\/\" rel=\"external nofollow\">cantante<\/a>\u00a0italiana,\u00a0engord\u00f3 su cuenta corriente <strong>con el dinero de todos los valencianos<\/strong>. Vestida de rosa palo, la top cumpli\u00f3 con el gui\u00f3n y pas\u00f3 la factura correspondiente <strong>a varios miles de euros el\u00a0minuto<\/strong>. C\u00f3mo cayeron en mis manos los contratos y las facturas es una de las\u00a0historias m\u00e1s divertidas que me ha pasado en mi vida period\u00edstica. Una\u00a0relato cojonudo <strong>que no puedo revelar.<\/strong><\/p>\n<p>Al grano. Para los <strong>Premios Nova de 1998<\/strong>, esos galardones empresariales <strong>que se invent\u00f3 Zaplana<\/strong> y que luego desaparecieron, <strong>Canal 9 se gast\u00f3 81.497 euros<\/strong> s\u00f3lo para pagar el cach\u00e9 de <a href=\"http:\/\/www.hola.com\/famosos\/2013041564366\/nicolas-sarkozy-carla-bruni-hija\/\" rel=\"external nofollow\">Carla Bruni<\/a> y <a href=\"http:\/\/es.wikipedia.org\/wiki\/Laura_Ponte\" rel=\"external nofollow\">Laura Ponte<\/a>, dos top que <strong>emparentaron<\/strong> posteriormente con <a href=\"http:\/\/www.hola.com\/casasreales\/2008\/02\/02\/sarkozy-bruni-boda\/\" rel=\"external nofollow\">Sarkozy<\/a> y <a href=\"http:\/\/elpais.com\/diario\/2009\/06\/25\/agenda\/1245880803_850215.html\" rel=\"external nofollow\">Luis Beltr\u00e1n Alfonso G\u00f3mez-Acebo y Borb\u00f3n<\/a>, respectivamente. El cuarteto se complet\u00f3 con dos modelos de segunda fila como <a href=\"http:\/\/www.cadenaser.com\/espana\/articulo\/supremo-revoca-indemnizacion-maria-reyes-topless-publicado-interviu\/csrcsrpor\/20090623csrcsrnac_7\/Tes\" rel=\"external nofollow\">Mar\u00eda\u00a0Reyes<\/a> y <a href=\"http:\/\/www.hola.com\/famosos\/2012071859814\/jacqueline-de-la-vega-hola\/\" rel=\"external nofollow\">Jacqueline de la Vega<\/a>, que present\u00f3 el acto junto a <a href=\"http:\/\/es.wikipedia.org\/wiki\/Ximo_Rovira\" rel=\"external nofollow\">Ximo Rovira<\/a>, que era de la casa.<\/p>\n<p>El dinero, <strong>casi 14 millones de las antiguas pesetas<\/strong>,\u00a0era\u00a0para pagar el cach\u00e9. <strong>Los extras<\/strong> vinieron luego. Bruni y Ponte, cuya tarea era <strong>desfilar y entregar una estatuilla<\/strong> horrible,\u00a0exigieron una serie de\u00a0caprichos t\u00edpicos de las estrellas: <strong>suite, full credit, un <a href=\"http:\/\/www.mercedes-benz.es\/content\/spain\/mpc\/mpc_spain_website\/es\/home_mpc\/passengercars.flash.html\" rel=\"external nofollow\">Mercedes<\/a> y un m\u00ednimo de tres guardaespaldas<\/strong>. As\u00ed consta en la documentaci\u00f3n y as\u00ed lo marc\u00f3 la agencia Magic Network, que representaba a las futuras se\u00f1oras de\u00a0<a href=\"http:\/\/www.abc.es\/20120708\/internacional\/abci-sarkozy-bruni-nueva-vida-201207071935.html\" rel=\"external nofollow\">Nicolas<\/a> y Luis Beltr\u00e1n. Un a\u00f1o antes, en 1997, la alemana <a href=\"http:\/\/es.wikipedia.org\/wiki\/Claudia_Schiffer\" rel=\"external nofollow\">Claudia Schiffer<\/a> cont\u00f3 con <strong>ocho guardaespaldas<\/strong>.<\/p>\n<p>El contrato firmado exig\u00eda que Bruni fuera en un\u00a0Mercedes junto a un escolta y detr\u00e1s, de apoyo, otro veh\u00edculo m\u00e1s con dos gorilas. Para Ponte, lo mismo. Adem\u00e1s, y ojito al detalle, las llamadas internacionales al margen, los viajes en avi\u00f3n pagados y <strong>para el manager lo mismo que para las top excepto la suite<\/strong>.<\/p>\n<p>\u00bfSaben cu\u00e1l fue la dedicaci\u00f3n de Bruni y de su compa\u00f1era? <strong>Un d\u00eda de ensayo<\/strong>, el 31 de marzo de 1998, y la gala con <strong>un minidesfile y entrega de un premio<\/strong> empresarial. Dinero que Zaplana dio por satisfecho al fotografiarse del brazo de la futura <a href=\"http:\/\/www.elmundo.es\/elmundo\/2013\/04\/01\/gentes\/1364828923.html\" rel=\"external nofollow\">primera dama de Francia<\/a>. \u00a1Qu\u00e9 ojo ten\u00eda el cartagenero!<\/p>\n<p>En 1998 tambi\u00e9n desfilaron <a href=\"http:\/\/www.revistalove.es\/consigue-el-look-de-helena-barquilla-paso-a-paso\/\" rel=\"external nofollow\">Helena Barquilla<\/a> y <a href=\"http:\/\/www.paoladominguin.com\/\" rel=\"external nofollow\">Paola Domingu\u00edn<\/a>, a <strong>4.507 euros<\/strong> por figura m\u00e1s el 20% para la agencia. El grupo <a href=\"http:\/\/es.wikipedia.org\/wiki\/Greta_y_los_Garbo\" rel=\"external nofollow\">Greta y los Garbo<\/a> ameniz\u00f3 el acto por <strong>4.808 euros<\/strong> y <a href=\"http:\/\/www.amparosandino.net\/hopen.htm\" rel=\"external nofollow\">Amparo Sandino<\/a> interpret\u00f3 sus mejores \u00e9xitos por <strong>1.803 euros<\/strong>. Adem\u00e1s se pagaron <strong>19.544 euros<\/strong> para que desfilaran 36 modelos m\u00e1s\u00a0del mont\u00f3n que no eclipsaran a las top.<\/p>\n<p>&nbsp;<\/p>\n<p><a href=\"https:\/\/blogs.lasprovincias.es\/elfrancotirador\/2013\/04\/28\/carla-bruni-cobro-un-dineral-de-canal-9\/img_8679-5\/\" rel=\"attachment wp-att-494\"><img loading=\"lazy\" class=\"aligncenter size-medium wp-image-494\" title=\"IMG_8679\" src=\"\/elfrancotirador\/wp-content\/uploads\/sites\/17\/2013\/04\/IMG_86794.jpg\" alt=\"\" width=\"300\" height=\"225\" srcset=\"https:\/\/static-blogs.lasprovincias.es\/wp-content\/uploads\/sites\/17\/2013\/04\/IMG_86794.jpg 596w, https:\/\/static-blogs.lasprovincias.es\/wp-content\/uploads\/sites\/17\/2013\/04\/IMG_86794-300x225.jpg 300w\" sizes=\"(max-width: 300px) 100vw, 300px\" \/><\/a>En galas anteriores y posteriores de los Nova\u00a0participaron modelos como la ya citada <a href=\"http:\/\/www.hola.com\/biografias\/claudia-schiffer\/biografia\/\" rel=\"external nofollow\">Schiffer<\/a>, <a href=\"http:\/\/es.wikipedia.org\/wiki\/Sof%C3%ADa_Mazagatos\" rel=\"external nofollow\">Sof\u00eda Mazagatos<\/a> (siempre en el <a href=\"http:\/\/www.elmundo.es\/elmundolibro\/2004\/06\/29\/no_ficcion\/1088511486.html\" rel=\"external nofollow\">candelabro<\/a>), <a href=\"http:\/\/www.canalsur.es\/portal_rtva\/web\/noticia?id=205107\" rel=\"external nofollow\">Eva Pedraza<\/a>, la pareja de moda <a href=\"http:\/\/www.abc.es\/estilo\/gente\/20130120\/abci-esther-canadas-imagen-desmejorada-201301200037.html\" rel=\"external nofollow\">Esther Ca\u00f1adas<\/a> y <a href=\"http:\/\/elpais.com\/elpais\/2013\/04\/05\/gente\/1365170653_299317.html\" rel=\"external nofollow\">Mark Vanderloo<\/a>, <a href=\"http:\/\/es.wikipedia.org\/wiki\/Judit_Masc%C3%B3\" rel=\"external nofollow\">Judit Masc\u00f3<\/a> y estrellas de la gran pantalla (muchas de ellas venidas a menos) como <a href=\"http:\/\/es.wikipedia.org\/wiki\/Ursula_Andress\" rel=\"external nofollow\">Ursula Andress<\/a>, <a href=\"http:\/\/es.wikipedia.org\/wiki\/Jacqueline_Bisset\" rel=\"external nofollow\">Jacqueline Bisset<\/a>, <a href=\"http:\/\/es.wikipedia.org\/wiki\/Gina_Lollobrigida\" rel=\"external nofollow\">Gina Lollobrigida<\/a>, <a href=\"http:\/\/es.wikipedia.org\/wiki\/Catherine_Deneuve\" rel=\"external nofollow\">Catherine Deneuve<\/a> y <a href=\"http:\/\/es.wikipedia.org\/wiki\/Michael_York\" rel=\"external nofollow\">Michael York<\/a>. Incluso la hoy <a href=\"http:\/\/www.lasprovincias.es\/rc\/20130416\/gente\/isabel-pantoja-vuelve-banquillo-201304160206.html\" rel=\"external nofollow\">condenada Isabel Pantoja<\/a> actu\u00f3 en 1997.<\/p>\n<p>Lo de los premios empresariales era lo de menos. Lo que verdaderamente importaba era la presencia de todo este tipo de gente <strong>que se llev\u00f3 de las arcas de la Generalitat<\/strong>, de usted y m\u00edos, muchos <strong>miles de euros para honor y gloria del Consell de Eduardo Zaplana y sus fastos<\/strong>.<\/p>\n<p><a href=\"http:\/\/www.lasprovincias.es\/20130325\/comunitatvalenciana\/comunitat\/fusion-rtvv-aprobacion-entidad-201303251945.html\" rel=\"external nofollow\">RTVV se ha gastado el dinero<\/a> hasta alimentar los <strong>1.200 millones de euros de deuda<\/strong> que tiene actualmente.<\/p>\n<p>Y si quieren, otro d\u00eda, hablamos tambi\u00e9n de los <a href=\"http:\/\/www.lasprovincias.es\/v\/20130124\/politica\/generalitat-gasto-millones-derechos-20130124.html\" rel=\"external nofollow\">derechos del f\u00fatbol<\/a>.<\/p>\n<p><em>Para cualquier duda dir\u00edjase a <a href=\"mailto:hesteban@lasprovincias.es\">hesteban@lasprovincias.es<\/a> <\/em><\/p>\n<p><em>En facebook se puede unir a <a href=\"https:\/\/www.facebook.com\/#!\/queremosyodiamosalfrancotirador?sk=info&#038;app_data\" rel=\"external nofollow\">Queremos y odiamos a Fran Cotirador<\/a><\/em><\/p>\n<!-- AddThis Advanced Settings generic via filter on the_content --><!-- AddThis Share Buttons generic via filter on the_content -->","protected":false},"excerpt":{"rendered":"<p>Seguir a @hesteban15 Hace unos d\u00edas, el dicharachero Jes\u00fas Mari\u00f1as cont\u00f3 en ese marat\u00f3n rosa que es el Salvame Deluxe que en su \u00e9poca de\u00a0entrevistador coral\u00a0en T\u00f3mbola trincaba 3.000 euros del ala por programa. Ya lo\u00a0desvel\u00f3 LAS PROVINCIAS en 2002 y mi compa\u00f1ero Darrin, que con permiso hoy me meto en su terreno, encaden\u00f3 los [&hellip;]<!-- AddThis Advanced Settings generic via filter on get_the_excerpt --><!-- AddThis Share Buttons generic via filter on get_the_excerpt --><\/p>\n","protected":false},"author":22,"featured_media":0,"comment_status":"open","ping_status":"closed","sticky":false,"template":"","format":"standard","meta":[],"categories":[2],"tags":[105,115,129,146,284,452,527,579,637,641,663,695],"_links":{"self":[{"href":"https:\/\/blogs.lasprovincias.es\/elfrancotirador\/wp-json\/wp\/v2\/posts\/484"}],"collection":[{"href":"https:\/\/blogs.lasprovincias.es\/elfrancotirador\/wp-json\/wp\/v2\/posts"}],"about":[{"href":"https:\/\/blogs.lasprovincias.es\/elfrancotirador\/wp-json\/wp\/v2\/types\/post"}],"author":[{"embeddable":true,"href":"https:\/\/blogs.lasprovincias.es\/elfrancotirador\/wp-json\/wp\/v2\/users\/22"}],"replies":[{"embeddable":true,"href":"https:\/\/blogs.lasprovincias.es\/elfrancotirador\/wp-json\/wp\/v2\/comments?post=484"}],"version-history":[{"count":0,"href":"https:\/\/blogs.lasprovincias.es\/elfrancotirador\/wp-json\/wp\/v2\/posts\/484\/revisions"}],"wp:attachment":[{"href":"https:\/\/blogs.lasprovincias.es\/elfrancotirador\/wp-json\/wp\/v2\/media?parent=484"}],"wp:term":[{"taxonomy":"category","embeddable":true,"href":"https:\/\/blogs.lasprovincias.es\/elfrancotirador\/wp-json\/wp\/v2\/categories?post=484"},{"taxonomy":"post_tag","embeddable":true,"href":"https:\/\/blogs.lasprovincias.es\/elfrancotirador\/wp-json\/wp\/v2\/tags?post=484"}],"curies":[{"name":"wp","href":"https:\/\/api.w.org\/{rel}","templated":true}]}}