{"id":508,"date":"2013-05-14T20:32:19","date_gmt":"2013-05-14T20:32:19","guid":{"rendered":"http:\/\/blogs.lasprovincias.es\/elfrancotirador\/?p=508"},"modified":"2013-05-14T20:32:19","modified_gmt":"2013-05-14T20:32:19","slug":"una-miss-guapa-tonta-y-enchufada","status":"publish","type":"post","link":"https:\/\/blogs.lasprovincias.es\/elfrancotirador\/2013\/05\/14\/una-miss-guapa-tonta-y-enchufada\/","title":{"rendered":"Una miss guapa, &#039;tonta&#039; y enchufada"},"content":{"rendered":"<p><a class=\"twitter-follow-button\" href=\"https:\/\/twitter.com\/hesteban15\" rel=\"external nofollow\">Seguir a @hesteban15<\/a><\/p>\n<p>En este pa\u00eds de<strong> mentes calenturientas<\/strong> y deseos reprimidos, la noticia del d\u00eda fue que el presidente balear,<a href=\"http:\/\/es.wikipedia.org\/wiki\/Jos%C3%A9_Ram%C3%B3n_Bauz%C3%A1\" rel=\"external nofollow\"> Jos\u00e9 Ram\u00f3n Bauz\u00e1<\/a>, ha nombrado a una <strong>chica joven y guapa como su secretaria<\/strong>. A Ver\u00f3nica Hern\u00e1ndez, que es licenciada en Periodismo y Comunicaci\u00f3n Audiovisual, y adem\u00e1s habla ingl\u00e9s y alem\u00e1n, se le juzga s\u00f3lo porque fue Miss Baleares en 2009. Parece ser que\u00a0ganar un concurso de belleza es incompatible con ocupar un puesto de trabajo porque la mayor\u00eda de la gente ya ha insinuado, sin decirlo, que la agraciada es una fulana cualquiera.<\/p>\n<p>&nbsp;<\/p>\n<p><a href=\"https:\/\/blogs.lasprovincias.es\/elfrancotirador\/2013\/05\/14\/una-miss-guapa-tonta-y-enchufada\/baleares-3\/\" rel=\"attachment wp-att-511\"><img loading=\"lazy\" class=\"aligncenter size-full wp-image-511\" title=\"baleares\" src=\"\/elfrancotirador\/wp-content\/uploads\/sites\/17\/2013\/05\/baleares2.jpg\" alt=\"\" width=\"478\" height=\"270\" srcset=\"https:\/\/static-blogs.lasprovincias.es\/wp-content\/uploads\/sites\/17\/2013\/05\/baleares2.jpg 478w, https:\/\/static-blogs.lasprovincias.es\/wp-content\/uploads\/sites\/17\/2013\/05\/baleares2-300x169.jpg 300w\" sizes=\"(max-width: 478px) 100vw, 478px\" \/><\/a><\/p>\n<p>Este pa\u00eds en ocasiones da asco. Mucho asco. No s\u00e9 d\u00f3nde se esconden ahora <strong>las asociaciones feministas<\/strong> que se mantienen calladas\u00a0mientras medio pa\u00eds\u00a0juzga a una chica por su f\u00edsico. Como si despu\u00e9s de haber ganado un certamen de belleza no tenga derecho a trabajar de otra cosa que no sea ense\u00f1ando las piernas.<\/p>\n<p>Todas las informaciones, para echarle algo m\u00e1s de picante al caso, ilustran su informaci\u00f3n con una <strong>foto de la susodicha en ba\u00f1ador o bikini <\/strong>para dejar patente que Bauz\u00e1 es un pillastre.<\/p>\n<p>Si en lugar de una miss el dirigente balear hubiera elegido a un alop\u00e9cico, obeso, bajito y sudoroso la noticia no hubiera pasado de un breve. Porque<strong> los puestos de libre designaci\u00f3n tienen que estar reservados para los feos<\/strong>.<\/p>\n<p>Y la turba se rasga las vestiduras porque la exmiss est\u00e1<strong> colocada a dedo<\/strong>. Pues claro que s\u00ed se\u00f1ores. Como todos los puestos de libre designaci\u00f3n de este pu\u00f1etero pa\u00eds. Que aqu\u00ed da igual quien mande. PP, PSOE o la agrupaci\u00f3n independiente de Matalasca\u00f1as <strong>tiene un grupo de asesores<\/strong> que\u00a0nombran a dedo, por trif\u00e1sico, enchufe o como les sale del sobaco. <strong>Con sueldos indecentes, de muchos miles de euros. <\/strong>En este caso m\u00e1s de 50.000 euros, que me parecen un exceso para una reci\u00e9n llegada como la nueva secretaria de Bauz\u00e1.<\/p>\n<p>Que esto es lo importante. Que da igual que la chica sea miss, charcutera, ingeniera o astronauta. Que en lo que tienen que fijarse es que en Espa\u00f1a hay miles de asesores chup\u00f3pteros al calor de unas siglas pol\u00edticas llev\u00e1ndoselos calentitos y sin oficio ni beneficio.<\/p>\n<p><strong>En muchos casos est\u00f3magos<\/strong> agradecidos que a lo mejor no tienen ni la preparaci\u00f3n que esta chica presenta para el puesto. Porque Ver\u00f3nica Hern\u00e1ndez, adem\u00e1s de ser doble licenciada y hablar idiomas, <strong>acumula experiencia laboral<\/strong> en varios medios de comunicaci\u00f3n. Por lo menos, adem\u00e1s de la coronita y la banda de marras, tiene curr\u00edculum.<\/p>\n<p>A m\u00ed lo que me importa de verdad es que <strong>se acabe con la lacra de enchufados a dedo<\/strong>\u00a0con sueldos indecentes. Una man\u00eda que no pierde ninguno de los partidos pol\u00edticos con vara de mando, sean del color que sean.<\/p>\n<p>Los desvelos de pajilleros noct\u00e1mbulos la verdad es que<strong> me la traen al pairo<\/strong>.<\/p>\n<p>&nbsp;<\/p>\n<p>&nbsp;<\/p>\n<!-- AddThis Advanced Settings generic via filter on the_content --><!-- AddThis Share Buttons generic via filter on the_content -->","protected":false},"excerpt":{"rendered":"<p>Seguir a @hesteban15 En este pa\u00eds de mentes calenturientas y deseos reprimidos, la noticia del d\u00eda fue que el presidente balear, Jos\u00e9 Ram\u00f3n Bauz\u00e1, ha nombrado a una chica joven y guapa como su secretaria. A Ver\u00f3nica Hern\u00e1ndez, que es licenciada en Periodismo y Comunicaci\u00f3n Audiovisual, y adem\u00e1s habla ingl\u00e9s y alem\u00e1n, se le juzga [&hellip;]<!-- AddThis Advanced Settings generic via filter on get_the_excerpt --><!-- AddThis Share Buttons generic via filter on get_the_excerpt --><\/p>\n","protected":false},"author":22,"featured_media":0,"comment_status":"open","ping_status":"open","sticky":false,"template":"","format":"standard","meta":[],"categories":[2],"tags":[72,191,357,429,596,672],"_links":{"self":[{"href":"https:\/\/blogs.lasprovincias.es\/elfrancotirador\/wp-json\/wp\/v2\/posts\/508"}],"collection":[{"href":"https:\/\/blogs.lasprovincias.es\/elfrancotirador\/wp-json\/wp\/v2\/posts"}],"about":[{"href":"https:\/\/blogs.lasprovincias.es\/elfrancotirador\/wp-json\/wp\/v2\/types\/post"}],"author":[{"embeddable":true,"href":"https:\/\/blogs.lasprovincias.es\/elfrancotirador\/wp-json\/wp\/v2\/users\/22"}],"replies":[{"embeddable":true,"href":"https:\/\/blogs.lasprovincias.es\/elfrancotirador\/wp-json\/wp\/v2\/comments?post=508"}],"version-history":[{"count":0,"href":"https:\/\/blogs.lasprovincias.es\/elfrancotirador\/wp-json\/wp\/v2\/posts\/508\/revisions"}],"wp:attachment":[{"href":"https:\/\/blogs.lasprovincias.es\/elfrancotirador\/wp-json\/wp\/v2\/media?parent=508"}],"wp:term":[{"taxonomy":"category","embeddable":true,"href":"https:\/\/blogs.lasprovincias.es\/elfrancotirador\/wp-json\/wp\/v2\/categories?post=508"},{"taxonomy":"post_tag","embeddable":true,"href":"https:\/\/blogs.lasprovincias.es\/elfrancotirador\/wp-json\/wp\/v2\/tags?post=508"}],"curies":[{"name":"wp","href":"https:\/\/api.w.org\/{rel}","templated":true}]}}