{"id":527,"date":"2013-06-08T20:53:14","date_gmt":"2013-06-08T20:53:14","guid":{"rendered":"http:\/\/blogs.lasprovincias.es\/elfrancotirador\/?p=527"},"modified":"2013-06-08T20:53:14","modified_gmt":"2013-06-08T20:53:14","slug":"love-of-lesbian-se-come-un-autentico-arroz-valenciano","status":"publish","type":"post","link":"https:\/\/blogs.lasprovincias.es\/elfrancotirador\/2013\/06\/08\/love-of-lesbian-se-come-un-autentico-arroz-valenciano\/","title":{"rendered":"Love of Lesbian se come un aut\u00e9ntico arroz valenciano"},"content":{"rendered":"<p><a class=\"twitter-follow-button\" href=\"https:\/\/twitter.com\/hesteban15\" rel=\"external nofollow\">Seguir a @hesteban15<\/a><\/p>\n<p>Santi Balmes, <strong>el cantante de Love of Lesbian<\/strong>, baj\u00f3 del escenario una vez acabadas las pruebas de sonido previas al concierto de Burjassot para saludar al grupo de privilegiados fans del grupo que asistieron al ensayo.<\/p>\n<p>Antes de firmar y fotografiarse con su p\u00fablico se par\u00f3, me mir\u00f3 y se acerc\u00f3 a m\u00ed con ese t\u00edpico gesto de&#8230; ya ten\u00eda yo ganas de verte. Me entr\u00f3 la risa, obvio. Me extendi\u00f3 la mano y no saludamos durante varios segundos con un \u00fanico pensamiento en la cabeza: la que se ha liado \u00bfno?<\/p>\n<p>&#8220;Bueno, yo soy el del blog&#8221;, le dije, con cierta guasa. \u00c9l, con retranca, me contest\u00f3: &#8220;Ya te he visto desde arriba y he pensado que eras t\u00fa. Hasta en Noruega, esto ha salido hasta en un peri\u00f3dico de Noruega&#8221;. Sonre\u00edmos, \u00e9l se fue a atender a\u00a0los chavales para firmar hasta en\u00a0los sitios m\u00e1s inveros\u00edmiles\u00a0y nosotros nos quedamos con <strong>Jordi Roig<\/strong>, guitarra del grupo, hablando de paellas, de la repercusi\u00f3n del caso y del buenrollismo en general.<\/p>\n<p>La verdad es que <strong>la paella se nos fue de las manos<\/strong> y este post tuvo la culpa: <a href=\"https:\/\/blogs.lasprovincias.es\/elfrancotirador\/2013\/05\/27\/un-atentado-contra-la-paella\/\">Un atentado\u00a0contra la paella.<\/a><\/p>\n<p>&nbsp;<\/p>\n<p><object id=\"flashObj\" width=\"640\" height=\"360\" classid=\"clsid:d27cdb6e-ae6d-11cf-96b8-444553540000\" codebase=\"http:\/\/download.macromedia.com\/pub\/shockwave\/cabs\/flash\/swflash.cab#version=6,0,40,0\"><param name=\"flashVars\" value=\"@videoPlayer=2457382007001&#038;playerID=688118389001&#038;playerKey=AQ~~,AAAAFDJ-UQk~,KupD199djw8YeRDULnMZwS1XhYmBLgLI&#038;domain=embed&#038;dynamicStreaming=true\" \/><param name=\"base\" value=\"http:\/\/admin.brightcove.com\" \/><param name=\"seamlesstabbing\" value=\"false\" \/><param name=\"allowFullScreen\" value=\"true\" \/><param name=\"swLiveConnect\" value=\"true\" \/><param name=\"allowScriptAccess\" value=\"always\" \/><param name=\"src\" value=\"http:\/\/c.brightcove.com\/services\/viewer\/federated_f9?isVid=1&#038;isUI=1\" \/><param name=\"flashvars\" value=\"@videoPlayer=2457382007001&#038;playerID=688118389001&#038;playerKey=AQ~~,AAAAFDJ-UQk~,KupD199djw8YeRDULnMZwS1XhYmBLgLI&#038;domain=embed&#038;dynamicStreaming=true\" \/><param name=\"allowfullscreen\" value=\"true\" \/><param name=\"allowscriptaccess\" value=\"always\" \/><param name=\"swliveconnect\" value=\"true\" \/><param name=\"pluginspage\" value=\"http:\/\/www.macromedia.com\/shockwave\/download\/index.cgi?P1_Prod_Version=ShockwaveFlash\" \/><embed id=\"flashObj\" width=\"640\" height=\"360\" type=\"application\/x-shockwave-flash\" src=\"\/\/c.brightcove.com\/services\/viewer\/federated_f9?isVid=1&#038;isUI=1\" flashVars=\"@videoPlayer=2457382007001&#038;playerID=688118389001&#038;playerKey=AQ~~,AAAAFDJ-UQk~,KupD199djw8YeRDULnMZwS1XhYmBLgLI&#038;domain=embed&#038;dynamicStreaming=true\" base=\"http:\/\/admin.brightcove.com\" seamlesstabbing=\"false\" allowFullScreen=\"true\" swLiveConnect=\"true\" allowScriptAccess=\"always\" flashvars=\"@videoPlayer=2457382007001&#038;playerID=688118389001&#038;playerKey=AQ~~,AAAAFDJ-UQk~,KupD199djw8YeRDULnMZwS1XhYmBLgLI&#038;domain=embed&#038;dynamicStreaming=true\" allowfullscreen=\"true\" allowscriptaccess=\"always\" swliveconnect=\"true\" pluginspage=\"http:\/\/www.macromedia.com\/shockwave\/download\/index.cgi?P1_Prod_Version=ShockwaveFlash\" \/><\/object><\/p>\n<p>&nbsp;<\/p>\n<p>Pero todo ha valido la pena. Entre el concierto del viernes por la noche en Elche y el del s\u00e1bado en Burjassot, hubo tiempo para parar en La Genuina\u00a0<strong>y disfrutar de un arroz del senyoret como los valencianos mandan<\/strong>. Como tiene que ser. A empaparse de la gastronom\u00eda local, del arroz a le\u00f1a, con sus ingredientes precisos, sin inventos&#8230;<\/p>\n<p>Una receta de las de toda la vida muy alejada de ese <strong>arroz con cosas<\/strong> de\u00a0<strong>Mediterr\u00e1neamente<\/strong>, el anuncio\u00a0con el que\u00a0<strong>Estrella Damm<\/strong> da la bienvenida al verano y que ha puesto a la paella en el disparadero. Un arroz con pollo, conejo, calamares, mejillones, perejil cocinado en un fuego a lo <em>boy scout<\/em> y probado con cucharilla de yogur. Pero para ser justos hay que decir que cebolla, lo que es cebolla, no llevaba aunque algunos se empe\u00f1aran.<\/p>\n<p>El <strong>Paella Incident<\/strong>, como el propio grupo bautiz\u00f3 a trav\u00e9s de su\u00a0perfil de twitter, salt\u00f3 de <a href=\"https:\/\/blogs.lasprovincias.es\/elfrancotirador\/\">El Francotirador<\/a> (con la inestimable colaboraci\u00f3n de la <strong><a href=\"https:\/\/twitter.com\/ComunidadPaella\" rel=\"external nofollow\">Comunidad de la Paella<\/a><\/strong>) a los medios nacionales y de ah\u00ed cruz\u00f3 las fronteras hasta llegar a la <a href=\"http:\/\/www.lasprovincias.es\/20130607\/mas-actualidad\/sociedad\/paella-polemica-independent-time-201306071438.html\" rel=\"external nofollow\">revista Time y a The Independent<\/a>. Nunca un arroz con cosas fue tan internacional. No es co\u00f1a, pero yo patentar\u00eda la receta: <strong>Arroz of Lesbian<\/strong>.<\/p>\n<p>Durante un buen rato, all\u00ed estuvimos un servidor, Santi Balmes y <strong>Juli\u00e1n Saldarriaga<\/strong> hablando de la gira y de los arroces, de la\u00a0crisis, los j\u00f3venes\u00a0y <strong>de los d\u00edas no vividos<\/strong>. En definitiva, de mil ingredientes de la vida, del mil clases de arroces.<\/p>\n<p>Hace quince d\u00edas, cuando escrib\u00ed este post, nunca pens\u00e9 que el chef Balmes, el ayudante Saldarriaga y un pinche como yo acabar\u00edamos arriba de las cajas del material de sonido hablando de esto.<\/p>\n<p>&nbsp;<\/p>\n<div id=\"attachment_528\" style=\"width: 650px\" class=\"wp-caption aligncenter\"><a href=\"https:\/\/blogs.lasprovincias.es\/elfrancotirador\/2013\/06\/08\/love-of-lesbian-se-come-un-autentico-arroz-valenciano\/20130608_191718\/\" rel=\"attachment wp-att-528\"><img aria-describedby=\"caption-attachment-528\" loading=\"lazy\" class=\"size-full wp-image-528\" title=\"20130608_191718\" src=\"\/elfrancotirador\/wp-content\/uploads\/sites\/17\/2013\/06\/20130608_191718.jpg\" alt=\"\" width=\"640\" height=\"480\" srcset=\"https:\/\/static-blogs.lasprovincias.es\/wp-content\/uploads\/sites\/17\/2013\/06\/20130608_191718.jpg 640w, https:\/\/static-blogs.lasprovincias.es\/wp-content\/uploads\/sites\/17\/2013\/06\/20130608_191718-300x225.jpg 300w\" sizes=\"(max-width: 640px) 100vw, 640px\" \/><\/a><p id=\"caption-attachment-528\" class=\"wp-caption-text\">Saldarriaga, Balmes y un servidor (como si me hubiera bebido una caja de Estrella)<\/p><\/div>\n<p>Para el recuerdo, ambos se llevaron <strong>un par de cucharas de madera<\/strong>, de las de toda la vida de Dios, <strong>para comer arroz<\/strong>. Si las usan ver\u00e1n que con el paso del tiempo las cucharas se hacen a uno, envejecen como parte de ti, se hacen\u00a0eterna como cada una de las canciones.<\/p>\n<p>S\u00f3lo <strong>no me atrev\u00ed a preg\u00fantarles<\/strong> una cosa: si el culo del anuncio es de alguno de ellos.<\/p>\n<p>Jordi Roig, a los pies del escenario, me hizo una reflexi\u00f3n: por lo menos, aunque sea por el tema de la paella, fuera de Espa\u00f1a no es todo malo lo que se habla de este pa\u00eds. Y tiene raz\u00f3n, que co\u00f1o.<\/p>\n<p>De verdad, <strong>el Paella Incident ha sido un placer<\/strong>.<\/p>\n<p>Despu\u00e9s <strong>de la publicidad a Estrella Damm<\/strong>, que me manden una cajita al peri\u00f3dico para brindar todos juntos.<\/p>\n<p>P. D: Por cierto, yo\u00a0no pagu\u00e9 el arroz.<\/p>\n<p>Gracias a la sala Wah Wah, a Gon\u00e7al, a Fran, a Paco, Rafa\u00a0y a todo Love of Lesbian por hacer posible este rato amable y divertido<\/p>\n<p>&nbsp;<\/p>\n<!-- AddThis Advanced Settings generic via filter on the_content --><!-- AddThis Share Buttons generic via filter on the_content -->","protected":false},"excerpt":{"rendered":"<p>Seguir a @hesteban15 Santi Balmes, el cantante de Love of Lesbian, baj\u00f3 del escenario una vez acabadas las pruebas de sonido previas al concierto de Burjassot para saludar al grupo de privilegiados fans del grupo que asistieron al ensayo. Antes de firmar y fotografiarse con su p\u00fablico se par\u00f3, me mir\u00f3 y se acerc\u00f3 a [&hellip;]<!-- AddThis Advanced Settings generic via filter on get_the_excerpt --><!-- AddThis Share Buttons generic via filter on get_the_excerpt --><\/p>\n","protected":false},"author":22,"featured_media":0,"comment_status":"open","ping_status":"open","sticky":false,"template":"","format":"standard","meta":[],"categories":[2],"tags":[48,256,393,417,473,474],"_links":{"self":[{"href":"https:\/\/blogs.lasprovincias.es\/elfrancotirador\/wp-json\/wp\/v2\/posts\/527"}],"collection":[{"href":"https:\/\/blogs.lasprovincias.es\/elfrancotirador\/wp-json\/wp\/v2\/posts"}],"about":[{"href":"https:\/\/blogs.lasprovincias.es\/elfrancotirador\/wp-json\/wp\/v2\/types\/post"}],"author":[{"embeddable":true,"href":"https:\/\/blogs.lasprovincias.es\/elfrancotirador\/wp-json\/wp\/v2\/users\/22"}],"replies":[{"embeddable":true,"href":"https:\/\/blogs.lasprovincias.es\/elfrancotirador\/wp-json\/wp\/v2\/comments?post=527"}],"version-history":[{"count":0,"href":"https:\/\/blogs.lasprovincias.es\/elfrancotirador\/wp-json\/wp\/v2\/posts\/527\/revisions"}],"wp:attachment":[{"href":"https:\/\/blogs.lasprovincias.es\/elfrancotirador\/wp-json\/wp\/v2\/media?parent=527"}],"wp:term":[{"taxonomy":"category","embeddable":true,"href":"https:\/\/blogs.lasprovincias.es\/elfrancotirador\/wp-json\/wp\/v2\/categories?post=527"},{"taxonomy":"post_tag","embeddable":true,"href":"https:\/\/blogs.lasprovincias.es\/elfrancotirador\/wp-json\/wp\/v2\/tags?post=527"}],"curies":[{"name":"wp","href":"https:\/\/api.w.org\/{rel}","templated":true}]}}