{"id":6,"date":"2012-01-31T12:58:08","date_gmt":"2012-01-31T12:58:08","guid":{"rendered":"http:\/\/blogs.lasprovincias.es\/elfrancotirador\/?p=6"},"modified":"2012-01-31T12:58:08","modified_gmt":"2012-01-31T12:58:08","slug":"el-pspv-se-queda-sin-recursos","status":"publish","type":"post","link":"https:\/\/blogs.lasprovincias.es\/elfrancotirador\/2012\/01\/31\/el-pspv-se-queda-sin-recursos\/","title":{"rendered":"El PSPV se queda sin recursos"},"content":{"rendered":"<p>El l\u00edder de los socialistas valencianos, Jorge Alarte, est\u00e1 dispuesto a hacer el \u00faltimo servicio a sus compa\u00f1eros. Mientras muchos tachan los d\u00edas\u00a0que quedan en el calendario\u00a0para\u00a0guillotinar al de Alaqu\u00e0s en plaza p\u00fablica\u00a0v\u00eda congreso, el secretario general y su coro pelotero apunta al recurso contra el veredicto impopular de no culpabilidad firmado por el jurado popular. \u00a1Cu\u00e1nta contradicci\u00f3n! Porque Camps y Costa salieron de rositas del TSJ\u00a0a causa de que\u00a0cinco tipos y tipas (no sea que se\u00a0me molesten los socialistas con esto de la igualdad) del jurado son unos analfabetos y catetos que han crecido y estudiado bajo la leyes educativas del PSOE en la \u00e9poca de Gonz\u00e1lez, no se olviden. \u00a1C\u00f3mo se puede ser tan burro de no ver que Camps y Costa eran culpables! \u00a1Pandilla de ignorantes!, gritar\u00eda cualquier ciudadano con sentido com\u00fan. Mientras tanto, en Blanquer\u00edas, soluciones para la crisis ni una. Los valencianos, tontos ellos, siempre pagaremos que el Gobierno del PP nunca hiciera caso a esas propuestas que llevaron bajo el brazo dos &#8216;catedr\u00e1ticos&#8217; en Econom\u00eda como Josep Moreno y compa\u00f1\u00eda, que no saben de crisis porque comen caliente a costa del dinero p\u00fablico. Con tanto recurso al TSJ, el PSPV se descubre como un partido sin recursos: ni en ideas, ni en lo econ\u00f3mico, ni en la cuenta corriente, porque a este paso se van a gastar en abogados lo poco que les queda en la caja. \u00a1Qu\u00e9 siga la fiesta!<\/p>\n<!-- AddThis Advanced Settings generic via filter on the_content --><!-- AddThis Share Buttons generic via filter on the_content -->","protected":false},"excerpt":{"rendered":"<p>El l\u00edder de los socialistas valencianos, Jorge Alarte, est\u00e1 dispuesto a hacer el \u00faltimo servicio a sus compa\u00f1eros. Mientras muchos tachan los d\u00edas\u00a0que quedan en el calendario\u00a0para\u00a0guillotinar al de Alaqu\u00e0s en plaza p\u00fablica\u00a0v\u00eda congreso, el secretario general y su coro pelotero apunta al recurso contra el veredicto impopular de no culpabilidad firmado por el jurado [&hellip;]<!-- AddThis Advanced Settings generic via filter on get_the_excerpt --><!-- AddThis Share Buttons generic via filter on get_the_excerpt --><\/p>\n","protected":false},"author":22,"featured_media":0,"comment_status":"open","ping_status":"closed","sticky":false,"template":"","format":"standard","meta":[],"categories":[2],"tags":[],"_links":{"self":[{"href":"https:\/\/blogs.lasprovincias.es\/elfrancotirador\/wp-json\/wp\/v2\/posts\/6"}],"collection":[{"href":"https:\/\/blogs.lasprovincias.es\/elfrancotirador\/wp-json\/wp\/v2\/posts"}],"about":[{"href":"https:\/\/blogs.lasprovincias.es\/elfrancotirador\/wp-json\/wp\/v2\/types\/post"}],"author":[{"embeddable":true,"href":"https:\/\/blogs.lasprovincias.es\/elfrancotirador\/wp-json\/wp\/v2\/users\/22"}],"replies":[{"embeddable":true,"href":"https:\/\/blogs.lasprovincias.es\/elfrancotirador\/wp-json\/wp\/v2\/comments?post=6"}],"version-history":[{"count":0,"href":"https:\/\/blogs.lasprovincias.es\/elfrancotirador\/wp-json\/wp\/v2\/posts\/6\/revisions"}],"wp:attachment":[{"href":"https:\/\/blogs.lasprovincias.es\/elfrancotirador\/wp-json\/wp\/v2\/media?parent=6"}],"wp:term":[{"taxonomy":"category","embeddable":true,"href":"https:\/\/blogs.lasprovincias.es\/elfrancotirador\/wp-json\/wp\/v2\/categories?post=6"},{"taxonomy":"post_tag","embeddable":true,"href":"https:\/\/blogs.lasprovincias.es\/elfrancotirador\/wp-json\/wp\/v2\/tags?post=6"}],"curies":[{"name":"wp","href":"https:\/\/api.w.org\/{rel}","templated":true}]}}