{"id":601,"date":"2013-09-22T18:25:06","date_gmt":"2013-09-22T18:25:06","guid":{"rendered":"http:\/\/blogs.lasprovincias.es\/elfrancotirador\/?p=601"},"modified":"2013-09-22T18:25:06","modified_gmt":"2013-09-22T18:25:06","slug":"ayudas-publicas-a-partidos-38-millones","status":"publish","type":"post","link":"https:\/\/blogs.lasprovincias.es\/elfrancotirador\/2013\/09\/22\/ayudas-publicas-a-partidos-38-millones\/","title":{"rendered":"Ayudas p\u00fablicas a partidos: 38 millones"},"content":{"rendered":"<p><a class=\"twitter-follow-button\" href=\"https:\/\/twitter.com\/hesteban15\" rel=\"external nofollow\">Seguir a @hesteban15<\/a><\/p>\n<p>Los <strong>partidos pol\u00edticos<\/strong> de la Comunitat Valenciana\u00a0se repartieron casi <strong><a href=\"http:\/\/www.lasprovincias.es\/v\/20130729\/politica\/tarta-millones-seis-anos-20130729.html\" rel=\"external nofollow\">38 millones de euros<\/a><\/strong> en\u00a0los \u00faltimos cinco a\u00f1os. <strong>PPCV, PSPV, Comprom\u00eds y Esquerra Unida<\/strong> disfrutan de <strong>financiaci\u00f3n p\u00fablica\u00a0<\/strong>v\u00eda presupuesto de la Generalitat y de Les Corts Valencianas.\u00a0Muchos millones en forma de <strong>subvenci\u00f3n directa<\/strong> que, hasta la fecha, no justifican al detalle. Este cuadro detalla el reparto anual:<\/p>\n<p><a href=\"https:\/\/blogs.lasprovincias.es\/elfrancotirador\/2013\/09\/22\/ayudas-publicas-a-partidos-38-millones\/maqueta-base-3\/\" rel=\"attachment wp-att-605\"><img loading=\"lazy\" class=\"aligncenter size-full wp-image-605\" title=\"Maqueta base\" src=\"\/elfrancotirador\/wp-content\/uploads\/sites\/17\/2013\/09\/partidos-politicos-subvenciones-corts.jpg\" alt=\"\" width=\"647\" height=\"354\" \/><\/a><\/p>\n<p>&nbsp;<\/p>\n<p>Ma\u00f1ana martes comienza el <strong>debate de pol\u00edtica general<\/strong> en el Parlamento valenciano. Un pleno cargado de buenas intenciones que luego se olvidan en la cuneta de las <strong>promesas incumplidas<\/strong> afectadas por la amnesia de nuestros pol\u00edticos. En el\u00a0pleno del\u00a0a\u00f1o pasado, como ciudadano por encima de periodista, sent\u00ed <strong>rabia y verg\u00fcenza ajena<\/strong>. Consell y oposici\u00f3n, que desarrollaron durante casi toda la sesi\u00f3n un discurso de enfrentamiento incapaz de cerrar acuerdos en <strong>derechos y obligaciones sociales<\/strong>, dejaron a un lado la ideolog\u00eda y las siglas <a href=\"http:\/\/www.lasprovincias.es\/v\/20121006\/politica\/partidos-corts-congelan-ayuda-20121006.html\" rel=\"external nofollow\">para votar a favor de la congelaci\u00f3n <\/a>del reparto de <strong>1,7 millones de euros entre PPCV, PSPV, Comprom\u00eds y Esquerra Unida<\/strong>.<\/p>\n<p>Sent\u00ed rabia por la desaz\u00f3n de aquellos a los que le deniegan la <strong>beca escolar<\/strong>, por los que bajan la persiana por los <strong>impagos del Consell<\/strong> y por los que hacen cola cada d\u00eda por un plato de comida fruto\u00a0de la <strong>caridad<\/strong>. Y verg\u00fcenza ajena porque <strong>ninguno de los diputados presentes<\/strong> <a href=\"https:\/\/blogs.lasprovincias.es\/elfrancotirador\/2012\/11\/11\/los-chollos-de-los-diputados\/\">(con sus chollos incluidos)<\/a> fuera capaz de romper\u00a0la disciplina de voto para identificarse con el sentir de la sociedad. El reparto millonario\u00a0se aprob\u00f3 de tapadillo por <strong>una unanimidad manchada por la avaricia<\/strong> de unos partidos que necesitan del dinero p\u00fablico para pagar amistades y excesos de lujuria pol\u00edtica. Nadie pidi\u00f3 la palabra para criticar aquella decisi\u00f3n.<\/p>\n<p>La <strong>Comunitat Valenciana<\/strong>, en 2008, fue la primera autonom\u00eda tras el Pa\u00eds Vasco que aprob\u00f3 una <strong>doble v\u00eda de financiaci\u00f3n<\/strong>: presupuesto de la\u00a0Generalitat y cuentas de Les Corts. Ese a\u00f1o, los <strong>partidos valencianos se repartieron 7,2 millones de euros<\/strong>.<\/p>\n<p>Durante los ejercicios siguientes, la presi\u00f3n medi\u00e1tica oblig\u00f3 a los <strong>partidos<\/strong> a rebajar la cantidad pese a que en los presupuestos las ayudas a\u00a0las formaciones\u00a0pol\u00edticas eran cada vez m\u00e1s altas. De hecho, los <strong>1,7 millones<\/strong> del \u00faltimo debate de pol\u00edtica general se han quedado en 1,2 y ya veremos si se cobran.<\/p>\n<p>La confianza en que <strong>los excesos se pagar\u00edan con dinero p\u00fablico<\/strong> ha llevado a los partidos a situaciones curiosas. El <strong>PP valenciano<\/strong> <a href=\"http:\/\/www.lasprovincias.es\/v\/20130921\/politica\/palau-arts-incluye-ppcv-20130921.html\" rel=\"external nofollow\">figura como moroso <\/a>en la cuenta general de la Generalitat porque debe 24.000 euros al Palau de Les Arts. <strong>El PSPV, en bancarrota<\/strong>, intenta sobrevivir con una <strong>deuda a cuestas de 9 millones<\/strong> de euros. <strong>Comprom\u00eds<\/strong>, que se invent\u00f3 el <a href=\"http:\/\/www.lasprovincias.es\/v\/20130505\/politica\/compromis-inventa-ante-falta-20130505.html\" rel=\"external nofollow\">&#8220;cheque democr\u00e1tico&#8221;<\/a> sin \u00e9xito,\u00a0tuvo que aplazar 70.000 euros en retenciones a la Seguridad Social y hacen funanbulismo financiero para poder pagar las n\u00f3minas a final de mes. A <strong>Esquerra Unida<\/strong>, la crisis de la pasada legislatura, tambi\u00e9n le oblig\u00f3 a mediar con los bancos.<\/p>\n<p>S\u00f3lo espero que en el debate de pol\u00edtica general que comienza el martes no haya otra propuesta de resoluci\u00f3n de tapadillo <strong>para un reparto millonario de\u00a0dinero p\u00fablico<\/strong> en plena crisis. Y si alguien se atreve a plantearla, que salga alg\u00fan valiente a rechazarla.<\/p>\n<p>Si los partidos no saben qu\u00e9 piensa la sociedad sobre la subvenci\u00f3n p\u00fablica, que echen un vistazo a este encuesta: <a href=\"http:\/\/servicios.lasprovincias.es\/encuestas\/encuestac-votar.php?id=2031\" rel=\"external nofollow\">\u00bfC\u00f3mo se deber\u00edan financiar los partidos pol\u00edticos?<\/a><\/p>\n<p><strong>La r\u00e1faga:<\/strong>\u00a0Si quiere saber lo que cobran los diputados valencianos <a href=\"https:\/\/blogs.lasprovincias.es\/elfrancotirador\/2012\/09\/21\/quiere-saber-lo-que-cobran-los-diputados\/\">pinche aqu\u00ed<\/a>.<\/p>\n<!-- AddThis Advanced Settings generic via filter on the_content --><!-- AddThis Share Buttons generic via filter on the_content -->","protected":false},"excerpt":{"rendered":"<p>Seguir a @hesteban15 Los partidos pol\u00edticos de la Comunitat Valenciana\u00a0se repartieron casi 38 millones de euros en\u00a0los \u00faltimos cinco a\u00f1os. PPCV, PSPV, Comprom\u00eds y Esquerra Unida disfrutan de financiaci\u00f3n p\u00fablica\u00a0v\u00eda presupuesto de la Generalitat y de Les Corts Valencianas.\u00a0Muchos millones en forma de subvenci\u00f3n directa que, hasta la fecha, no justifican al detalle. Este cuadro [&hellip;]<!-- AddThis Advanced Settings generic via filter on get_the_excerpt --><!-- AddThis Share Buttons generic via filter on get_the_excerpt --><\/p>\n","protected":false},"author":22,"featured_media":0,"comment_status":"open","ping_status":"open","sticky":false,"template":"","format":"standard","meta":[],"categories":[2],"tags":[56,152,253,263,279,427,487,488,522,524,539,619],"_links":{"self":[{"href":"https:\/\/blogs.lasprovincias.es\/elfrancotirador\/wp-json\/wp\/v2\/posts\/601"}],"collection":[{"href":"https:\/\/blogs.lasprovincias.es\/elfrancotirador\/wp-json\/wp\/v2\/posts"}],"about":[{"href":"https:\/\/blogs.lasprovincias.es\/elfrancotirador\/wp-json\/wp\/v2\/types\/post"}],"author":[{"embeddable":true,"href":"https:\/\/blogs.lasprovincias.es\/elfrancotirador\/wp-json\/wp\/v2\/users\/22"}],"replies":[{"embeddable":true,"href":"https:\/\/blogs.lasprovincias.es\/elfrancotirador\/wp-json\/wp\/v2\/comments?post=601"}],"version-history":[{"count":0,"href":"https:\/\/blogs.lasprovincias.es\/elfrancotirador\/wp-json\/wp\/v2\/posts\/601\/revisions"}],"wp:attachment":[{"href":"https:\/\/blogs.lasprovincias.es\/elfrancotirador\/wp-json\/wp\/v2\/media?parent=601"}],"wp:term":[{"taxonomy":"category","embeddable":true,"href":"https:\/\/blogs.lasprovincias.es\/elfrancotirador\/wp-json\/wp\/v2\/categories?post=601"},{"taxonomy":"post_tag","embeddable":true,"href":"https:\/\/blogs.lasprovincias.es\/elfrancotirador\/wp-json\/wp\/v2\/tags?post=601"}],"curies":[{"name":"wp","href":"https:\/\/api.w.org\/{rel}","templated":true}]}}