{"id":609,"date":"2013-09-29T19:13:00","date_gmt":"2013-09-29T19:13:00","guid":{"rendered":"http:\/\/blogs.lasprovincias.es\/elfrancotirador\/?p=609"},"modified":"2013-09-29T19:13:00","modified_gmt":"2013-09-29T19:13:00","slug":"abandonados-a-nuestra-suerte","status":"publish","type":"post","link":"https:\/\/blogs.lasprovincias.es\/elfrancotirador\/2013\/09\/29\/abandonados-a-nuestra-suerte\/","title":{"rendered":"Abandonados a nuestra suerte"},"content":{"rendered":"<p><a class=\"twitter-follow-button\" href=\"https:\/\/twitter.com\/hesteban15\" rel=\"external nofollow\">Seguir a @hesteban15<\/a><\/p>\n<p>Un d\u00eda despu\u00e9s del <strong>debate de pol\u00edtica general<\/strong> -esa declaraci\u00f3n de buenas intenciones que casi nunca se cumple- un diputado nada sospechoso de criticar<strong> las pol\u00edticas del PP<\/strong> me pregunt\u00f3:<\/p>\n<p>-&#8220;\u00bfQu\u00e9? \u00bfC\u00f3mo lo has visto?&#8221;<\/p>\n<p>Era la en\u00e9sima persona que me interrogaba por lo mismo. Se\u00f1al de que <strong>en la fila que sostiene al Gobierno<\/strong> la tropa anda con la moral por los suelos. Con la desgana como epidemia por la escasez de rancho.<\/p>\n<p>No le respond\u00ed. No hizo falta. <strong>Mi cara lo dijo todo<\/strong>.<\/p>\n<p>-&#8220;Ya, te entiendo&#8221;, me\u00a0dijo.<\/p>\n<p>Al instante, inici\u00f3 un razonamiento que fue <strong>lo m\u00e1s sensato que he escuchado en Les Corts en los \u00faltimos a\u00f1os<\/strong>:<\/p>\n<p>-&#8220;A m\u00ed no me preocupa la desgana que se puede respirar en la bancada. La falta de actitud. <strong>Aqu\u00ed el problema es la calle<\/strong>, los ciudadanos. Han perdido la ilusi\u00f3n. \u00bfY sabes qu\u00e9 es lo peor de todo? Que no nos ven a los pol\u00edticos como la soluci\u00f3n. Al contrario. <strong>Sienten que los hemos abandonado a su suerte<\/strong>. \u00bfImagina qu\u00e9 hubiera pasado si <a href=\"http:\/\/es.wikipedia.org\/wiki\/Winston_Churchill\" rel=\"external nofollow\">Churchill<\/a> hubiera abandonado a los brit\u00e1nicos? Todo ser\u00eda distinto&#8221;.<\/p>\n<p>Aquel diputado an\u00f3nimo pero con un poso mucho m\u00e1s enriquecido que el de los pelotas de turno, me estrech\u00f3 la mano, me dio una palmada en el brazo y se march\u00f3 musitando<strong> la mayor verdad que se dijo en el debate de pol\u00edtica general<\/strong>.<\/p>\n<div id=\"attachment_611\" style=\"width: 560px\" class=\"wp-caption aligncenter\"><a href=\"https:\/\/blogs.lasprovincias.es\/elfrancotirador\/2013\/09\/29\/abandonados-a-nuestra-suerte\/docu_lp-35\/\" rel=\"attachment wp-att-611\"><img aria-describedby=\"caption-attachment-611\" loading=\"lazy\" class=\"size-full wp-image-611\" title=\"DOCU_LP\" src=\"\/elfrancotirador\/wp-content\/uploads\/sites\/17\/2013\/09\/Churc1.jpg\" alt=\"\" width=\"550\" height=\"370\" srcset=\"https:\/\/static-blogs.lasprovincias.es\/wp-content\/uploads\/sites\/17\/2013\/09\/Churc1.jpg 550w, https:\/\/static-blogs.lasprovincias.es\/wp-content\/uploads\/sites\/17\/2013\/09\/Churc1-300x202.jpg 300w\" sizes=\"(max-width: 550px) 100vw, 550px\" \/><\/a><p id=\"caption-attachment-611\" class=\"wp-caption-text\">Winston Churchill<\/p><\/div>\n<p>La gente siente que <strong>ha sido abandonada a su suerte<\/strong>. En la estacada.<\/p>\n<p>Por eso <strong>ya no se apuntan a las listas del paro<\/strong>. Saben que nunca les llamar\u00e1n de la oficina. Los pol\u00edticos vociferan medidas a favor del empleo cuando<a href=\"http:\/\/www.lasprovincias.es\/v\/20130915\/politica\/servef-deja-usar-presupuesto-20130915.html\" rel=\"external nofollow\"> el Consell no ejecuta el 74% del presupuesto para crear puestos de trabajo<\/a>. No es una invenci\u00f3n. Lo publica <a href=\"http:\/\/www.lasprovincias.es\/v\/20130914\/politica\/generalitat-aplaza-pago-millones-20130914.html\" rel=\"external nofollow\">la cuenta general de la Generalitat<\/a>.<\/p>\n<p><strong>Abandonados a su suerte<\/strong> con la <strong>econom\u00eda sumergida<\/strong> como \u00fanico asidero para llevar alg\u00fan euro a casa. Unos se buscan la vida a golpe de chapuza ilegal mientras otros mueven con maestr\u00eda su pincho en los contenedores de basura.<\/p>\n<p>Los m\u00e1s afortunados <strong>comen de la paga de los padres y los suegros<\/strong>. Porque los mayores nunca abandonan pese a que<strong> el Gobierno prometi\u00f3 aquello de no tocar las pensiones<\/strong> mientras hoy apuesta por morder, v\u00edstanlo como quieran, del sustento de miles de familias.<\/p>\n<p>Las rodilleras se han vuelto a poner de moda. Los pantalones largos se convierten en veraniegas bermudas con dedal y aguja. El coche familiar, abollado y con el aire estropeado, prolonga su agon\u00eda con centenares de kil\u00f3metros de m\u00e1s. La leche en polvo se alarga con agua y<strong> la caridad se ha convertido en restaurante de lujo<\/strong>.<\/p>\n<p>Los que sobreviven han visto como <strong>su sueldo se mantiene a golpe de recorte con la puerta del despido de par en par<\/strong> por obra y gracia del Gobierno. No hay vacaciones. Los libros de texto se cuidan como incunables. Ejemplos hay miles<\/p>\n<p>Mientras tanto, hay cargos p\u00fablicos que <strong>han pasado los m\u00e1s de seis a\u00f1os de crisis abrigados<\/strong> con la piel de su esca\u00f1o <a href=\"https:\/\/blogs.lasprovincias.es\/elfrancotirador\/2012\/09\/21\/quiere-saber-lo-que-cobran-los-diputados\/\">en forma de n\u00f3mina blindada<\/a>. No comentar\u00e9 nada m\u00e1s. No se lo merecen.<\/p>\n<p>Dos d\u00edas despu\u00e9s de la reflexi\u00f3n de aquel diputado, le\u00ed la columna &#8220;<em>La verdad<\/em>&#8220;, de <a href=\"http:\/\/www.jotdown.es\/author\/enric\/\" rel=\"external nofollow\">Enric Gonz\u00e1lez<\/a>. De nuevo <strong>me top\u00e9 con Churchill<\/strong>. Gonz\u00e1lez apunta que el pol\u00edtico brit\u00e1nico cometi\u00f3 muchos errores en su vida. Algunas de sus decisiones fueron desastrosas. Pero <strong>Churchill nunca enga\u00f1\u00f3<\/strong> a su pueblo. Con\u00a0su verdad por delante (la que \u00e9l cre\u00eda que era la mejor para los brit\u00e1nicos) <strong>logr\u00f3 que el pa\u00eds emergiera todav\u00eda m\u00e1s fuerte<\/strong> tras los bombardeos nazis. <strong>Churchill nunca dej\u00f3 tirado a su pueblo<\/strong>. No lo abandon\u00f3. No le minti\u00f3.<\/p>\n<p>Hoy <strong>Espa\u00f1a<\/strong> tiene una situaci\u00f3n complicad\u00edsima. Como la tuvo el <strong>Reino Unido<\/strong> all\u00e1 por los cuarenta.<\/p>\n<p>La gran diferencia es que <strong>aqu\u00ed<\/strong>, en nuestro pa\u00eds,<strong> los pol\u00edticos enga\u00f1an, mienten y no cuentan con el apoyo del pueblo<\/strong>.<\/p>\n<p>Los necios quisieron <strong>ver en Rajoy un nuevo Churchill<\/strong> con recortes a base de &#8220;sangre, sudor y l\u00e1grimas&#8221;. Pat\u00e9tico<\/p>\n<p><strong>Nos han abandonado a nuestra suerte<\/strong>.<\/p>\n<p>&nbsp;<\/p>\n<p>&nbsp;<\/p>\n<!-- AddThis Advanced Settings generic via filter on the_content --><!-- AddThis Share Buttons generic via filter on the_content -->","protected":false},"excerpt":{"rendered":"<p>Seguir a @hesteban15 Un d\u00eda despu\u00e9s del debate de pol\u00edtica general -esa declaraci\u00f3n de buenas intenciones que casi nunca se cumple- un diputado nada sospechoso de criticar las pol\u00edticas del PP me pregunt\u00f3: -&#8220;\u00bfQu\u00e9? \u00bfC\u00f3mo lo has visto?&#8221; Era la en\u00e9sima persona que me interrogaba por lo mismo. Se\u00f1al de que en la fila que [&hellip;]<!-- AddThis Advanced Settings generic via filter on get_the_excerpt --><!-- AddThis Share Buttons generic via filter on get_the_excerpt --><\/p>\n","protected":false},"author":22,"featured_media":0,"comment_status":"open","ping_status":"open","sticky":false,"template":"","format":"standard","meta":[],"categories":[2],"tags":[13,138,241,249,522,548,563,687],"_links":{"self":[{"href":"https:\/\/blogs.lasprovincias.es\/elfrancotirador\/wp-json\/wp\/v2\/posts\/609"}],"collection":[{"href":"https:\/\/blogs.lasprovincias.es\/elfrancotirador\/wp-json\/wp\/v2\/posts"}],"about":[{"href":"https:\/\/blogs.lasprovincias.es\/elfrancotirador\/wp-json\/wp\/v2\/types\/post"}],"author":[{"embeddable":true,"href":"https:\/\/blogs.lasprovincias.es\/elfrancotirador\/wp-json\/wp\/v2\/users\/22"}],"replies":[{"embeddable":true,"href":"https:\/\/blogs.lasprovincias.es\/elfrancotirador\/wp-json\/wp\/v2\/comments?post=609"}],"version-history":[{"count":0,"href":"https:\/\/blogs.lasprovincias.es\/elfrancotirador\/wp-json\/wp\/v2\/posts\/609\/revisions"}],"wp:attachment":[{"href":"https:\/\/blogs.lasprovincias.es\/elfrancotirador\/wp-json\/wp\/v2\/media?parent=609"}],"wp:term":[{"taxonomy":"category","embeddable":true,"href":"https:\/\/blogs.lasprovincias.es\/elfrancotirador\/wp-json\/wp\/v2\/categories?post=609"},{"taxonomy":"post_tag","embeddable":true,"href":"https:\/\/blogs.lasprovincias.es\/elfrancotirador\/wp-json\/wp\/v2\/tags?post=609"}],"curies":[{"name":"wp","href":"https:\/\/api.w.org\/{rel}","templated":true}]}}