{"id":621,"date":"2013-10-15T15:47:45","date_gmt":"2013-10-15T15:47:45","guid":{"rendered":"http:\/\/blogs.lasprovincias.es\/elfrancotirador\/?p=621"},"modified":"2013-10-15T15:47:45","modified_gmt":"2013-10-15T15:47:45","slug":"el-exopaco-baldovi","status":"publish","type":"post","link":"https:\/\/blogs.lasprovincias.es\/elfrancotirador\/2013\/10\/15\/el-exopaco-baldovi\/","title":{"rendered":"El exopaco Baldov\u00ed"},"content":{"rendered":"<p><a class=\"twitter-follow-button\" href=\"https:\/\/twitter.com\/hesteban15\" rel=\"external nofollow\">Seguir a @hesteban15<\/a><\/p>\n<p>Aplaudo la gesti\u00f3n de <strong>Joan Baldov\u00ed<\/strong> en el Ayuntamiento de <strong>Sueca<\/strong>. Plas, plas, plas. Que s\u00ed. No se asusten. \u00bfOtro aplauso? Pues m\u00e1s plas, plas, plas. Unos <strong>balances saneados<\/strong>, con super\u00e1vit y con s\u00edntomas de haber ajustado al m\u00e1ximo cada euro gestionado. Al menos, as\u00ed consta en las cuentas del ejercicio de 2010 que ya han sido registradas\u00a0en la plataforma <a href=\"http:\/\/www.rendiciondecuentas.es\/es\/index.html\" rel=\"external nofollow\">rendiciondecuentas.es<\/a> y que ya dispone la <strong>Sindicatura de Comptes<\/strong>, el \u00f3rgano auton\u00f3mico que fiscaliza las cuentas de la <strong>Generalitat<\/strong>, del sector p\u00fablico y de las entidades locales de la Comunitat Valenciana.<\/p>\n<p>El se\u00f1or <strong>Baldov\u00ed<\/strong>, diputado nacional de <strong>Equo-Comprom\u00eds<\/strong>, exalcalde de <strong>Sueca<\/strong> y actual concejal del municipio, coincidir\u00e1 conmigo en que la trilog\u00eda &#8216;<a href=\"http:\/\/www.lasprovincias.es\/20120324\/mas-actualidad\/politica\/baldovi-compromis-alcalde-opaco-201203241120.html\" rel=\"external nofollow\">Baldov\u00ed<\/a>, el opaco&#8217;\u00a0(aqu\u00ed puede consultar los <a href=\"https:\/\/blogs.lasprovincias.es\/elfrancotirador\/2012\/04\/10\/baldovi-el-opaco\/\">cap\u00edtulos I<\/a>, <a href=\"https:\/\/blogs.lasprovincias.es\/elfrancotirador\/2012\/09\/27\/baldovi-el-opaco-ii\/\">II<\/a> y <a href=\"https:\/\/blogs.lasprovincias.es\/elfrancotirador\/2012\/11\/19\/baldovi-el-opaco-y-iii\/\">III<\/a>) ha servido para algo. Por lo menos para que el Ayuntamiento de la localidad <strong>se ponga al d\u00eda en la rendici\u00f3n de cuentas<\/strong> y haya aportado casi todos los ejercicios (tan s\u00f3lo le falta entregar el de 2011). Hay que valorar el esfuerzo. Ser justos. Si hace algo m\u00e1s de un a\u00f1o no se hab\u00edan entregado <strong>los balances desde 2006<\/strong> ahora hay que reconocer que ya se han registrado casi todos.<\/p>\n<p>El Partido Popular hizo de<strong> &#8216;Baldov\u00ed, el opaco&#8217; un eslogan en la tribuna de Les Corts<\/strong> salt\u00e1ndose a la torera la patente del t\u00edtulo. En el otro lado, cargos y carguitos de\u00a0<strong>Comprom\u00eds <\/strong>montaban en c\u00f3lera cada vez que se rozaba a su\u00a0ni\u00f1o mimado. Un\u00a0santo var\u00f3n intocable. Al margen de unos y otros, la realidad es la que es: <strong>Baldov\u00ed<\/strong> estuvo durante toda su \u00e9poca de alcalde sin rendir cuentas a la <strong>Sindicatura de Comptes<\/strong>\u00a0y ahora <strong>Sueca<\/strong> est\u00e1 casi al d\u00eda.<\/p>\n<div id=\"attachment_626\" style=\"width: 456px\" class=\"wp-caption aligncenter\"><a href=\"https:\/\/blogs.lasprovincias.es\/elfrancotirador\/2013\/10\/15\/el-exopaco-baldovi\/docu_lp-sesion-de-control-al-gobierno\/\" rel=\"attachment wp-att-626\"><img aria-describedby=\"caption-attachment-626\" loading=\"lazy\" class=\"size-large wp-image-626\" title=\"DOCU_LP Sesi\u00f3n de control al Gobierno\" src=\"\/elfrancotirador\/wp-content\/uploads\/sites\/17\/2013\/10\/garri.jpg\" alt=\"\" width=\"446\" height=\"600\" srcset=\"https:\/\/static-blogs.lasprovincias.es\/wp-content\/uploads\/sites\/17\/2013\/10\/garri.jpg 595w, https:\/\/static-blogs.lasprovincias.es\/wp-content\/uploads\/sites\/17\/2013\/10\/garri-223x300.jpg 223w, https:\/\/static-blogs.lasprovincias.es\/wp-content\/uploads\/sites\/17\/2013\/10\/garri-446x600.jpg 446w\" sizes=\"(max-width: 446px) 100vw, 446px\" \/><\/a><p id=\"caption-attachment-626\" class=\"wp-caption-text\">Baldov\u00ed en pleno streptease congresual<\/p><\/div>\n<p><strong>Baldov\u00ed<\/strong> se defendi\u00f3 apuntando que su gesti\u00f3n era magn\u00edfica, impoluta y ejemplar. \u00bfAlguien puso en duda eso? Respuesta: No. Simplemente se apunt\u00f3 que <strong>el diputado era &#8220;opaco&#8221;<\/strong> en su gesti\u00f3n. Una labor sombr\u00eda\u00a0en el Ayuntamiento de <strong>Sueca<\/strong> y que no sal\u00eda a la luz v\u00eda informe de la <strong>Sindicatura de Comptes<\/strong>, que cada a\u00f1o se\u00f1alaba al municipio de La Ribera como uno de los que no facilitaba la labor de fiscalizaci\u00f3n. Junto con Navajas era el que m\u00e1s informes deb\u00eda al \u00f3rgano que dirige Rafael Vicente Queralt, que en una comisi\u00f3n de Hacienda de Les Corts puso a <strong>Sueca como ejemplo de falta de transparencia<\/strong>. Tan fea se puso la cosa que incluso el <strong>Tribunal de Cuentas<\/strong>\u00a0abri\u00f3 un expediente sancionador\u00a0al municipio que gobern\u00f3 <strong>Baldov\u00ed<\/strong> por no entregar sus balances. \u00bfHasta aqu\u00ed coincidimos se\u00f1ores de <strong>Comprom\u00eds<\/strong> y se\u00f1or diputado nacional?<\/p>\n<p><strong>Baldov\u00ed<\/strong> insisti\u00f3 una y otra vez en que sus cuentas y su gesti\u00f3n era magn\u00edfica. De acuerdo. Otra vez, por si no ha quedado claro: \u00bfalguien lo puso en duda?\u00a0Respuesta: no.<\/p>\n<p>Pero en fin, ha valido\u00a0la pena todo el esfuerzo para que <strong>Sueca<\/strong> se ponga al d\u00eda. \u00bfA que s\u00ed se\u00f1or <strong>Baldov\u00ed<\/strong>? \u00bfA que s\u00ed\u00a0cargos y carguitos de Comprom\u00eds? La celeridad con la que se ha resuelto el problema pone de manifiesto que <strong>las denuncias del serial\u00a0&#8216;Baldov\u00ed, el opaco&#8217; ten\u00eda raz\u00f3n de ser<\/strong>.<\/p>\n<p>Pues nada, vamos a celebrarlo con\u00a0datos.<\/p>\n<p>En el ejercicio 2010, el \u00faltimo de <strong>Joan Baldov\u00ed<\/strong> como alcalde, el\u00a0Ayuntamiento de\u00a0<strong>Sueca<\/strong> cerr\u00f3 con un\u00a0<strong>ahorro de m\u00e1s de 4,5 millones de euros<\/strong>. Adem\u00e1s<strong>, redujo en m\u00e1s de 2 millones de euros\u00a0los gastos de funcionamiento<\/strong>. Chap\u00f3 se\u00f1or diputado. Plas, plas, plas.\u00a0Los fondos propios est\u00e1n en positivo, la <strong>deuda parece asumible con algo m\u00e1s de 9 millones de euros<\/strong> y el resto de variables deslizan que la situaci\u00f3n es buena. Como detalle, un cuadro del cierre con el resultado presupuestario en positivo.<\/p>\n<p><a href=\"https:\/\/blogs.lasprovincias.es\/elfrancotirador\/2013\/10\/15\/el-exopaco-baldovi\/hector-4\/\" rel=\"attachment wp-att-625\"><img loading=\"lazy\" class=\"aligncenter size-full wp-image-625\" title=\"hector\" src=\"\/elfrancotirador\/wp-content\/uploads\/sites\/17\/2013\/10\/hector2.jpg\" alt=\"\" width=\"640\" height=\"252\" srcset=\"https:\/\/static-blogs.lasprovincias.es\/wp-content\/uploads\/sites\/17\/2013\/10\/hector2.jpg 640w, https:\/\/static-blogs.lasprovincias.es\/wp-content\/uploads\/sites\/17\/2013\/10\/hector2-300x118.jpg 300w\" sizes=\"(max-width: 640px) 100vw, 640px\" \/><\/a><\/p>\n<p>Se\u00f1or <strong>Baldov\u00ed<\/strong>, me voy satisfecho doblemente. Por un lado, porque el tiempo me ha dado la raz\u00f3n y usted no present\u00f3 las cuentas a la <strong>Sindicatura de Comptes<\/strong>\u00a0y ahora, en un plazo r\u00e9cord, se ha puesto al d\u00eda (supongo que el actual alcalde de Sueca, <strong>Salvador Campillo<\/strong>, algo tendr\u00e1 que ver). Y en segundo lugar, me alegro de que su gesti\u00f3n haya sido brillante en lo econ\u00f3mico, lo que le da credibilidad como cargo p\u00fablico. Una gesti\u00f3n que por fin todos podemos consultar y analizar.<\/p>\n<p>Espero que el pr\u00f3ximo desencuentro termine de la misma manera. Con final feliz. El trabajo ha servido para algo.\u00a0Para m\u00ed, usted <strong>ha dejado de ser el alcalde m\u00e1s opaco de la Comunitat<\/strong>. Saludos<\/p>\n<p>Por cierto,\u00a0si alguien quiere consultar las cuentas del Ayuntamiento de Sueca, que pinche <a href=\"http:\/\/www.rendiciondecuentas.es\/es\/consultadeentidadesycuentas\/buscarCuentas\/consultarCuenta.html?dd=true&#038;idEntidadPpal=7196&#038;idEntidad=7196&#038;idTipoEntidad=A&#038;idModelo=3&#038;ejercicio=2010&#038;nifEntidad=P4623700D\" rel=\"external nofollow\">aqu\u00ed<\/a>.<\/p>\n<p>&nbsp;<\/p>\n<p>&nbsp;<\/p>\n<!-- AddThis Advanced Settings generic via filter on the_content --><!-- AddThis Share Buttons generic via filter on the_content -->","protected":false},"excerpt":{"rendered":"<p>Seguir a @hesteban15 Aplaudo la gesti\u00f3n de Joan Baldov\u00ed en el Ayuntamiento de Sueca. Plas, plas, plas. Que s\u00ed. No se asusten. \u00bfOtro aplauso? Pues m\u00e1s plas, plas, plas. Unos balances saneados, con super\u00e1vit y con s\u00edntomas de haber ajustado al m\u00e1ximo cada euro gestionado. Al menos, as\u00ed consta en las cuentas del ejercicio de [&hellip;]<!-- AddThis Advanced Settings generic via filter on get_the_excerpt --><!-- AddThis Share Buttons generic via filter on get_the_excerpt --><\/p>\n","protected":false},"author":22,"featured_media":0,"comment_status":"open","ping_status":"open","sticky":false,"template":"","format":"standard","meta":[],"categories":[2],"tags":[59,82,152,158,216,245,351,465,621],"_links":{"self":[{"href":"https:\/\/blogs.lasprovincias.es\/elfrancotirador\/wp-json\/wp\/v2\/posts\/621"}],"collection":[{"href":"https:\/\/blogs.lasprovincias.es\/elfrancotirador\/wp-json\/wp\/v2\/posts"}],"about":[{"href":"https:\/\/blogs.lasprovincias.es\/elfrancotirador\/wp-json\/wp\/v2\/types\/post"}],"author":[{"embeddable":true,"href":"https:\/\/blogs.lasprovincias.es\/elfrancotirador\/wp-json\/wp\/v2\/users\/22"}],"replies":[{"embeddable":true,"href":"https:\/\/blogs.lasprovincias.es\/elfrancotirador\/wp-json\/wp\/v2\/comments?post=621"}],"version-history":[{"count":0,"href":"https:\/\/blogs.lasprovincias.es\/elfrancotirador\/wp-json\/wp\/v2\/posts\/621\/revisions"}],"wp:attachment":[{"href":"https:\/\/blogs.lasprovincias.es\/elfrancotirador\/wp-json\/wp\/v2\/media?parent=621"}],"wp:term":[{"taxonomy":"category","embeddable":true,"href":"https:\/\/blogs.lasprovincias.es\/elfrancotirador\/wp-json\/wp\/v2\/categories?post=621"},{"taxonomy":"post_tag","embeddable":true,"href":"https:\/\/blogs.lasprovincias.es\/elfrancotirador\/wp-json\/wp\/v2\/tags?post=621"}],"curies":[{"name":"wp","href":"https:\/\/api.w.org\/{rel}","templated":true}]}}