{"id":629,"date":"2013-10-16T18:55:43","date_gmt":"2013-10-16T18:55:43","guid":{"rendered":"http:\/\/blogs.lasprovincias.es\/elfrancotirador\/?p=629"},"modified":"2013-10-16T18:55:43","modified_gmt":"2013-10-16T18:55:43","slug":"curso-de-inglish-en-lliria","status":"publish","type":"post","link":"https:\/\/blogs.lasprovincias.es\/elfrancotirador\/2013\/10\/16\/curso-de-inglish-en-lliria\/","title":{"rendered":"Curso de &#039;Inglish&#039; en Ll\u00edria"},"content":{"rendered":"<p><a class=\"twitter-follow-button\" href=\"https:\/\/twitter.com\/hesteban15\" rel=\"external nofollow\">Seguir a @hesteban15<\/a><\/p>\n<p>Los <strong>espa\u00f1oles<\/strong> se han dado de bruces con la realidad. Su nivel de <strong>idioma extranjero<\/strong> es bajo o nulo. Por eso, con las barras del desempleo por las nubes y las cuentas corrientes en n\u00fameros rojos muchos se han lanzado a aprender un idioma. Para andar con soltura por el mundo lo\u00a0habitual <strong>es el ingl\u00e9s<\/strong> aunque <strong>el alem\u00e1n y el chino<\/strong> se han convertido en pieza indispensable para prosperar. Todav\u00eda me acuerdo del exconseller de Educaci\u00f3n y hoy vicepresidente primero de Les Corts, Alejandro Font de Mora, con su apuesta por el <strong>chino\u00a0mandar\u00edn<\/strong>. Hoy, aquella\u00a0curiosa iniciativa se ha quedado en el recuerdo como el <strong>Flan Chino El Mandar\u00edn<\/strong> que compraba mi abuela Virtudes.<\/p>\n<p>Las entidades p\u00fablicas, en su af\u00e1n por ayudar a los ciudadanos y abrir las puertas del empleo aunque sea en la Conchinchina, se han lanzado a cursos y campa\u00f1as para que <strong>sus convecinos aprendan y mejoren idiomas<\/strong>. Como el <strong>Ayuntamiento de Ll\u00edria (gobernado por el PP),<\/strong>\u00a0localidad del Camp de T\u00faria, que en su p\u00e1gina web abre el plazo de matr\u00edcula para aquellos que tiene un nivel m\u00e1s que aceptable <strong>de ingl\u00e9s<\/strong> y quieren perfeccionar el modo <strong>conversaci\u00f3n<\/strong>: &#8220;Inglish and Spanish Conversation Group&#8221;.<\/p>\n<p><a href=\"https:\/\/blogs.lasprovincias.es\/elfrancotirador\/2013\/10\/16\/curso-de-inglish-en-lliria\/inglis\/\" rel=\"attachment wp-att-630\"><img loading=\"lazy\" class=\"aligncenter size-full wp-image-630\" title=\"inglis\" src=\"\/elfrancotirador\/wp-content\/uploads\/sites\/17\/2013\/10\/inglis.jpg\" alt=\"\" width=\"640\" height=\"373\" srcset=\"https:\/\/static-blogs.lasprovincias.es\/wp-content\/uploads\/sites\/17\/2013\/10\/inglis.jpg 640w, https:\/\/static-blogs.lasprovincias.es\/wp-content\/uploads\/sites\/17\/2013\/10\/inglis-300x175.jpg 300w\" sizes=\"(max-width: 640px) 100vw, 640px\" \/><\/a><\/p>\n<p>No, se\u00f1ores, no. No ha sido una errata. El Consistorio ofrece un curso para pulir el <strong>&#8220;Inglish&#8221;.<\/strong> Podr\u00eda ser un gazapo en el titular pero el texto confirma que el autor de la nota, el concejal o a quien corresponda no sabe\u00a0que la lengua\u00a0es <strong>el &#8220;English&#8221; y no el &#8220;Inglish&#8221;,<\/strong> que no s\u00e9 si vendr\u00e1 de ingle o del vicio adquirido del <strong>&#8220;Inglish Pit Inglish&#8221;<\/strong> de la tierna infancia. \u00bfQu\u00e9 pensar\u00e1n aquellos nativos que se han presentado voluntarios para participar en los grupos de conversaci\u00f3n? Ellos supongo que recibir\u00e1n clases para pulir su espa\u00f1ol o &#8216;hespanyol&#8217;<\/p>\n<p>Lo mejor de todo es que la concejal\u00eda de Cultura y Educaci\u00f3n del <strong>Ayuntamiento de Ll\u00edria<\/strong> es la que promociona una iniciativa que inicia su tercera edici\u00f3n. Como apunta el concejal Salvador Oliver\u00a0la idea ha ido &#8220;in cresendo (sic)&#8221; desde el primer a\u00f1o. Los cursos de <strong>&#8220;Inglish&#8221;<\/strong> se repartir\u00e1n en 29 grupos con 21 voluntarios extranjeros\u00a0y 250 espa\u00f1oles inscritos.<\/p>\n<p>Yo creo que lo mejor para el grupo de <strong>&#8220;Inglish Pit Inglish&#8221;<\/strong> ser\u00eda empezar con alg\u00fan cap\u00edtulo de <strong>Muzzy<\/strong>.<\/p>\n<p><iframe loading=\"lazy\" src=\"\/\/www.youtube.com\/embed\/77a5IbVbbwE\" frameborder=\"0\" width=\"420\" height=\"315\"><\/iframe><\/p>\n<p>&nbsp;<\/p>\n<p><strong><em>La r\u00e1faga<\/em>.<\/strong><\/p>\n<p>Un poquito m\u00e1s abajo de\u00a0<strong>Ll\u00edria<\/strong>, concretamente en\u00a0<strong>l&#8217;Eliana<\/strong>, los chicos de\u00a0las <strong>Juventudes Socialistas<\/strong> realizan un llamamiento\u00a0para participar del colectivo con un mensaje de twitter que\u00a0da\u00f1a la vista y que justifica los datos del fracaso escolar.\u00a0El perfil para ser de las <strong>juventudes socialistas<\/strong> es\u00a0claro: &#8220;Progersista, rep\u00fablicano y dem0crata (sic)&#8221;. Un tres en uno terrible. Da\u00f1ino. Incluso analfabeto. Por cierto, para entrar en el grupo debes ser &#8220;joven de entre 14 a 30 a\u00f1os (sic)&#8221;. Ol\u00e9 t\u00fa. \u00bfPara qu\u00e9 sirven tantos planes educativos?:<\/p>\n<blockquote class=\"twitter-tweet\"><p>Eres j\u00f3ven entre 14 a 30 a\u00f1os? Te sientes progersista, democrata y rep\u00fablicano? Te importa tu pueblo?\u00danete a Joves Socialistes de <a href=\"https:\/\/twitter.com\/search?q=%23leliana&#038;src=hash\" rel=\"external nofollow\">#leliana<\/a><\/p>\n<p>\u2014 JSL&#8217;Eliana (@jsleliana) <a href=\"https:\/\/twitter.com\/jsleliana\/statuses\/388403253815574528\" rel=\"external nofollow\">October 10, 2013<\/a><\/p><\/blockquote>\n<p>&nbsp;<\/p>\n<!-- AddThis Advanced Settings generic via filter on the_content --><!-- AddThis Share Buttons generic via filter on the_content -->","protected":false},"excerpt":{"rendered":"<p>Seguir a @hesteban15 Los espa\u00f1oles se han dado de bruces con la realidad. Su nivel de idioma extranjero es bajo o nulo. Por eso, con las barras del desempleo por las nubes y las cuentas corrientes en n\u00fameros rojos muchos se han lanzado a aprender un idioma. Para andar con soltura por el mundo lo\u00a0habitual [&hellip;]<!-- AddThis Advanced Settings generic via filter on get_the_excerpt --><!-- AddThis Share Buttons generic via filter on get_the_excerpt --><\/p>\n","protected":false},"author":22,"featured_media":0,"comment_status":"open","ping_status":"open","sticky":false,"template":"","format":"standard","meta":[],"categories":[2],"tags":[14,175,184,250,325,335,336,337,366,376,387,444],"_links":{"self":[{"href":"https:\/\/blogs.lasprovincias.es\/elfrancotirador\/wp-json\/wp\/v2\/posts\/629"}],"collection":[{"href":"https:\/\/blogs.lasprovincias.es\/elfrancotirador\/wp-json\/wp\/v2\/posts"}],"about":[{"href":"https:\/\/blogs.lasprovincias.es\/elfrancotirador\/wp-json\/wp\/v2\/types\/post"}],"author":[{"embeddable":true,"href":"https:\/\/blogs.lasprovincias.es\/elfrancotirador\/wp-json\/wp\/v2\/users\/22"}],"replies":[{"embeddable":true,"href":"https:\/\/blogs.lasprovincias.es\/elfrancotirador\/wp-json\/wp\/v2\/comments?post=629"}],"version-history":[{"count":0,"href":"https:\/\/blogs.lasprovincias.es\/elfrancotirador\/wp-json\/wp\/v2\/posts\/629\/revisions"}],"wp:attachment":[{"href":"https:\/\/blogs.lasprovincias.es\/elfrancotirador\/wp-json\/wp\/v2\/media?parent=629"}],"wp:term":[{"taxonomy":"category","embeddable":true,"href":"https:\/\/blogs.lasprovincias.es\/elfrancotirador\/wp-json\/wp\/v2\/categories?post=629"},{"taxonomy":"post_tag","embeddable":true,"href":"https:\/\/blogs.lasprovincias.es\/elfrancotirador\/wp-json\/wp\/v2\/tags?post=629"}],"curies":[{"name":"wp","href":"https:\/\/api.w.org\/{rel}","templated":true}]}}