{"id":633,"date":"2013-10-20T17:26:12","date_gmt":"2013-10-20T17:26:12","guid":{"rendered":"http:\/\/blogs.lasprovincias.es\/elfrancotirador\/?p=633"},"modified":"2013-10-20T17:26:12","modified_gmt":"2013-10-20T17:26:12","slug":"concejal-del-pp-de-valencia-la-calle-es-mia","status":"publish","type":"post","link":"https:\/\/blogs.lasprovincias.es\/elfrancotirador\/2013\/10\/20\/concejal-del-pp-de-valencia-la-calle-es-mia\/","title":{"rendered":"Concejal del PP de Valencia: la calle es m\u00eda"},"content":{"rendered":"<p><a class=\"twitter-follow-button\" href=\"https:\/\/twitter.com\/hesteban15\" rel=\"external nofollow\">Seguir a @hesteban15<\/a><\/p>\n<p>Carta abierta al<strong> concejal del PP del Ayuntamiento de Valencia<\/strong> Ram\u00f3n Isidro Sanchis Mangri\u00f1\u00e1n:<\/p>\n<p>Se\u00f1or Sanchis Mangri\u00f1\u00e1n, me parece usted un mal ciudadano. Adem\u00e1s, <strong>como cargo p\u00fablico<\/strong> con n\u00f3mina que le pagamos todos los valencianos, un espejo en el que nadie se deber\u00eda mirar.<\/p>\n<p>A las 13\u00a0horas del\u00a0jueves <strong>17 de octubre<\/strong>, usted entr\u00f3 con un veh\u00edculo (supongo que era el suyo particular)\u00a0en la <strong>calle peatonal<\/strong> Muro de Santa Ana de Valencia. Estacion\u00f3 con los cuatro intermitentes en pleno centro de la v\u00eda, baj\u00f3 del coche, subi\u00f3 a un domicilio particular y minutos despu\u00e9s, cargado con unas carpetas, se volvi\u00f3 a\u00a0meter\u00a0en el\u00a0veh\u00edculo y <strong>se march\u00f3 al volante por la misma calle peatonal<\/strong> por la que hab\u00eda entrado tan campante.<\/p>\n<div id=\"attachment_635\" style=\"width: 650px\" class=\"wp-caption aligncenter\"><a href=\"https:\/\/blogs.lasprovincias.es\/elfrancotirador\/2013\/10\/20\/concejal-del-pp-de-valencia-la-calle-es-mia\/sanchis\/\" rel=\"attachment wp-att-635\"><img aria-describedby=\"caption-attachment-635\" loading=\"lazy\" class=\"size-full wp-image-635\" title=\"sanchis\" src=\"\/elfrancotirador\/wp-content\/uploads\/sites\/17\/2013\/10\/sanchis.jpg\" alt=\"\" width=\"640\" height=\"478\" srcset=\"https:\/\/static-blogs.lasprovincias.es\/wp-content\/uploads\/sites\/17\/2013\/10\/sanchis.jpg 640w, https:\/\/static-blogs.lasprovincias.es\/wp-content\/uploads\/sites\/17\/2013\/10\/sanchis-300x224.jpg 300w\" sizes=\"(max-width: 640px) 100vw, 640px\" \/><\/a><p id=\"caption-attachment-635\" class=\"wp-caption-text\">El veh\u00edculo del concejal en plena calle peatonal<\/p><\/div>\n<p>Un <strong>concejal<\/strong>, me da igual que sea del <strong>Ayuntamiento de Valencia<\/strong> que del de Castellonet de la Conquesta, debe de ser mod\u00e9lico. Se\u00f1or Sanchis, lo que hizo usted el jueves <strong>es censurable, denunciable y lamentable<\/strong>. Es un mal ejemplo como ciudadano, vecino y cargo p\u00fablico. No puede estar por encima del bien y del mal.\u00a0\u00bfSe cree\u00a0el due\u00f1o de la v\u00eda p\u00fablica\u00a0por tener una n\u00f3mina que cobra de los impuestos de sus convecinos? \u00bfSer concejal es sin\u00f3nimo de barra libre?\u00a0Luego ustedes, <strong>los pol\u00edticos<\/strong>, se quejan de la <strong>desafecci\u00f3n<\/strong> que siente la ciudadan\u00eda por sus representantes p\u00fablicos.<\/p>\n<p>En primer lugar,\u00a0circul\u00f3 con su veh\u00edculo por <strong>una calle<\/strong> del centro de Valencia que est\u00e1 <strong>reservada exclusivamente para peatones<\/strong>. Entiendo que usted est\u00e9 autorizado para circular pero supongo que siempre que tenga una plaza de garaje. La ordenanza municipal le impide estacionar en calle peatonal. La \u00fanica excepci\u00f3n es para la carga y descarga en los comercios de la zona, como bien\u00a0queda se\u00f1alizado\u00a0al inicio de la v\u00eda. La se\u00f1al est\u00e1 en la esquina enfrente de la Casa de los Dulces.<\/p>\n<p>Al cometer su <strong>lamentable acci\u00f3n<\/strong> debi\u00f3 de pensar antes de hacerlo que <strong>pas\u00f3 por la puerta de un colegio en hora de salida de estudiantes<\/strong>. Un centro al que asisten centenares de alumnos y alumnas. Ni\u00f1os peque\u00f1os que van de la mano de sus padres que, ingenuos, piensan que no hay peligro porque sus\u00a0chicos estudian en un cole\u00a0ubicado en una\u00a0calle peatonal.<\/p>\n<p>Es lamentable que <strong>aparque de forma incorrecta<\/strong>. Supongo que con la tranquilidad de saber que si alg\u00fan agente de la Polic\u00eda\u00a0hubiera acudido a afearle la conducta y multarle usted se podr\u00eda identificar como <strong>concejal del Ayuntamiento de Valencia<\/strong> y le quitar\u00eda la receta que se hubiera\u00a0tragado todo hijo de vecino. Me lo imagino en ese papel de cargo p\u00fablico de cara al agente. Con cierto desd\u00e9n: <strong>\u00bfPero sabe usted qui\u00e9n soy yo?<\/strong><\/p>\n<p><a href=\"https:\/\/blogs.lasprovincias.es\/elfrancotirador\/2012\/03\/07\/multas-y-coches-oficiales\/\">Unos 200 euros para cualquier mortal<\/a>, se\u00f1or Sanchis, que igual para usted no es nada <strong>debido a los 5.463,13 euros brutos al mes<\/strong> que se lleva al bolsillo, seg\u00fan figura en la p\u00e1gina web del <strong>Ayuntamiento de Valencia<\/strong>.<\/p>\n<p>&nbsp;<\/p>\n<div id=\"attachment_639\" style=\"width: 650px\" class=\"wp-caption aligncenter\"><a href=\"https:\/\/blogs.lasprovincias.es\/elfrancotirador\/2013\/10\/20\/concejal-del-pp-de-valencia-la-calle-es-mia\/peaton-2\/\" rel=\"attachment wp-att-639\"><img aria-describedby=\"caption-attachment-639\" loading=\"lazy\" class=\"size-full wp-image-639\" title=\"peaton\" src=\"\/elfrancotirador\/wp-content\/uploads\/sites\/17\/2013\/10\/peaton1.jpg\" alt=\"\" width=\"640\" height=\"400\" srcset=\"https:\/\/static-blogs.lasprovincias.es\/wp-content\/uploads\/sites\/17\/2013\/10\/peaton1.jpg 640w, https:\/\/static-blogs.lasprovincias.es\/wp-content\/uploads\/sites\/17\/2013\/10\/peaton1-300x188.jpg 300w\" sizes=\"(max-width: 640px) 100vw, 640px\" \/><\/a><p id=\"caption-attachment-639\" class=\"wp-caption-text\">Claramente, la se\u00f1al indica al inicio de la calle que es una v\u00eda peatonal. \u00bfLa ve, se\u00f1or Sanchis?<\/p><\/div>\n<p>Adem\u00e1s, usted <strong>aparc\u00f3 junto a las terrazas de los bares<\/strong> que hay en la calle. Unos negocios que pagar\u00e1n sus correspondientes impuestos\u00a0para ocupar la v\u00eda p\u00fablica. Establecimientos\u00a0que ofrecen a sus clientes la tranquilidad de una <strong>calle peatonal que usted se encarg\u00f3 de perturbar<\/strong> con su capricho de\u00a0estacionar el veh\u00edculo en la puerta de esa casa.<\/p>\n<p>Por si no lo sabe, que s\u00ed que lo sabe, hay un aparcamiento subterr\u00e1neo en la plaza de la Reina, a escasos tres minutos andando de donde aparc\u00f3. Y un poco m\u00e1s all\u00e1 est\u00e1 la <strong>plaza del Ayuntamiento de Valencia<\/strong> donde usted, como concejal, seguro que tiene plaza reservada. Si\u00a0esto no le vale, pues intente aparcar en la zona azul que hay detr\u00e1s de las<strong> torres de Serranos<\/strong>, que para eso la puso su Ayuntamiento, para recaudar entre otras cosas. G\u00e1stese unos centimitos y contribuya a las arcas de la instituci\u00f3n que le paga la n\u00f3mina. Y si no quiere pagar, cruce la marginal del r\u00edo y busque sitio por detr\u00e1s de la estaci\u00f3n de Pont de Fusta, como cualquier hijo de vecino, incluido yo mismo, y disfrute de un pase\u00edto hasta esa casa donde fue a recoger unos b\u00e1rtulos.<\/p>\n<p><a href=\"https:\/\/blogs.lasprovincias.es\/elfrancotirador\/2013\/10\/20\/concejal-del-pp-de-valencia-la-calle-es-mia\/sanchis-2\/\" rel=\"attachment wp-att-640\"><img loading=\"lazy\" class=\"alignleft size-thumbnail wp-image-640\" title=\"sanchis (2)\" src=\"\/elfrancotirador\/wp-content\/uploads\/sites\/17\/2013\/10\/sanchis-2.jpg\" alt=\"\" width=\"150\" height=\"150\" \/><\/a>Entiendo que en la zona es complicado aparcar. Pero nos fastidiamos todos&#8230; menos los coches oficiales, claro, que<a href=\"https:\/\/blogs.lasprovincias.es\/elfrancotirador\/2013\/07\/15\/barra-libre-coches-oficiales\/\"> estacionan donde les da la gana<\/a>. Bien en el carril bus, arriba de la acera o en calles peatonales. Hasta Javier, un vecino harto de tanta cara dura, se ha tenido que convertir <a href=\"http:\/\/www.lasprovincias.es\/v\/20130503\/politica\/cazador-coches-oficiales-20130503.html\" rel=\"external nofollow\">en el cazador de coches oficiales<\/a>. Se\u00f1or Sanchis, <strong>me indigna su actitud<\/strong>. A m\u00ed y a todos los que le vimos, y a los\u00a0vecinos, y a\u00a0los comerciantes,\u00a0y a los alumnos y a sus padres.\u00a0\u00a0No puedo esconder que<strong> sent\u00ed desprecio<\/strong>. Malestar por el <strong>mal ejemplo de un cargo p\u00fablico<\/strong>. Espero que esta carta le haga reflexionar.<\/p>\n<p>Atentamente un humilde ciudadano.<\/p>\n<p>Base normativa del Ayuntamiento de Valencia sobre calles peatonales:<\/p>\n<p>-En la p\u00e1gina web del Ayuntamiento de Valencia figuran los requisitos para obtener la Tarjeta de Habilitaci\u00f3n con Acceso de Veh\u00edculo Turismo o Motocicleta a calles peatonales. En su apartado Descripci\u00f3n establece: Autorizaci\u00f3n para CIRCULAR por calles peatonales. Circular, seg\u00fan la RAE, es &#8220;ir y venir&#8221;.<\/p>\n<p>Entiendo que la autorizaci\u00f3n para circular (en ning\u00fan caso figura la posibilidad de estacionar) es para, como dice el segundo punto, buscar la correspondiente plaza de garaje: &#8220;Todo residente poseedor de veh\u00edculo o propietarios o inquilinos de una plaza de garaje en zona peatonal&#8221;<\/p>\n<p>-Adem\u00e1s, en la ordenanza municipal de tr\u00e1fico del Ayuntamiento de Valencia de 25 de mayo de 2010, en su art\u00edculo 58.4 proh\u00edbe el estacionamiento sin excepciones\u00a0&#8220;en paseos, isletas y zonas peatonales&#8221;<\/p>\n<p>&nbsp;<\/p>\n<!-- AddThis Advanced Settings generic via filter on the_content --><!-- AddThis Share Buttons generic via filter on the_content -->","protected":false},"excerpt":{"rendered":"<p>Seguir a @hesteban15 Carta abierta al concejal del PP del Ayuntamiento de Valencia Ram\u00f3n Isidro Sanchis Mangri\u00f1\u00e1n: Se\u00f1or Sanchis Mangri\u00f1\u00e1n, me parece usted un mal ciudadano. Adem\u00e1s, como cargo p\u00fablico con n\u00f3mina que le pagamos todos los valencianos, un espejo en el que nadie se deber\u00eda mirar. A las 13\u00a0horas del\u00a0jueves 17 de octubre, usted [&hellip;]<!-- AddThis Advanced Settings generic via filter on get_the_excerpt --><!-- AddThis Share Buttons generic via filter on get_the_excerpt --><\/p>\n","protected":false},"author":22,"featured_media":0,"comment_status":"open","ping_status":"open","sticky":false,"template":"","format":"standard","meta":[],"categories":[2],"tags":[57,99,100,148,196,522,575,663],"_links":{"self":[{"href":"https:\/\/blogs.lasprovincias.es\/elfrancotirador\/wp-json\/wp\/v2\/posts\/633"}],"collection":[{"href":"https:\/\/blogs.lasprovincias.es\/elfrancotirador\/wp-json\/wp\/v2\/posts"}],"about":[{"href":"https:\/\/blogs.lasprovincias.es\/elfrancotirador\/wp-json\/wp\/v2\/types\/post"}],"author":[{"embeddable":true,"href":"https:\/\/blogs.lasprovincias.es\/elfrancotirador\/wp-json\/wp\/v2\/users\/22"}],"replies":[{"embeddable":true,"href":"https:\/\/blogs.lasprovincias.es\/elfrancotirador\/wp-json\/wp\/v2\/comments?post=633"}],"version-history":[{"count":0,"href":"https:\/\/blogs.lasprovincias.es\/elfrancotirador\/wp-json\/wp\/v2\/posts\/633\/revisions"}],"wp:attachment":[{"href":"https:\/\/blogs.lasprovincias.es\/elfrancotirador\/wp-json\/wp\/v2\/media?parent=633"}],"wp:term":[{"taxonomy":"category","embeddable":true,"href":"https:\/\/blogs.lasprovincias.es\/elfrancotirador\/wp-json\/wp\/v2\/categories?post=633"},{"taxonomy":"post_tag","embeddable":true,"href":"https:\/\/blogs.lasprovincias.es\/elfrancotirador\/wp-json\/wp\/v2\/tags?post=633"}],"curies":[{"name":"wp","href":"https:\/\/api.w.org\/{rel}","templated":true}]}}