{"id":642,"date":"2013-10-27T19:18:32","date_gmt":"2013-10-27T19:18:32","guid":{"rendered":"http:\/\/blogs.lasprovincias.es\/elfrancotirador\/?p=642"},"modified":"2013-10-27T19:18:32","modified_gmt":"2013-10-27T19:18:32","slug":"piquetes-cobardes-y-fascistas","status":"publish","type":"post","link":"https:\/\/blogs.lasprovincias.es\/elfrancotirador\/2013\/10\/27\/piquetes-cobardes-y-fascistas\/","title":{"rendered":"Piquetes cobardes"},"content":{"rendered":"<p><a class=\"twitter-follow-button\" href=\"https:\/\/twitter.com\/hesteban15\" rel=\"external nofollow\">Seguir a @hesteban15<\/a><\/p>\n<p>El art\u00edculo 28.2 de la <strong>Constituci\u00f3n Espa\u00f1ola<\/strong> reconoce el <strong>derecho a la huelga<\/strong>. De la misma manera est\u00e1 la <strong>libertad<\/strong> de cada persona a secundar o no la llamada. La capacidad de decidir libremente qu\u00e9 hacer ante la convocatoria. Su derecho personal a hacer huelga o a ir a trabajar o a estudiar.<\/p>\n<p>El <a href=\"http:\/\/www.lasprovincias.es\/v\/20131025\/alicante\/centros-concertados-espalda-huelga-20131025.html\" rel=\"external nofollow\">jueves pasado miles de valencianos cubrieron<\/a> por la tarde\u00a0<strong>el centro de Valencia<\/strong> en una manifestaci\u00f3n en contra de la llamada &#8220;<strong>Ley Wert<\/strong>&#8220;. Miles y miles de personas en toda Espa\u00f1a que est\u00e1n en contra de los <strong>recortes<\/strong> y de la <strong>LOMCE<\/strong>, una norma que consideran que afecta directamente\u00a0a la calidad <strong>educativa<\/strong>. El derecho a manifestarse tambi\u00e9n est\u00e1 recogido en la Constituci\u00f3n. El jueves pasado, una vez m\u00e1s, se dio un ejemplo de protesta educada y moderada por la inmensa mayor\u00eda de las personas que libremente salieron a la calle a manifestarse por sus derechos, como es el de\u00a0tener\u00a0<strong>educaci\u00f3n de calidad<\/strong>.<\/p>\n<p>Esa manifestaci\u00f3n libre y multitudinaria (<a href=\"http:\/\/www.lasprovincias.es\/20131024\/comunitatvalenciana\/comunitat\/huelga-estudiantes-padres-profesores-201310240804.html\" rel=\"external nofollow\">otra cosa fue la marcha estudiantil de la ma\u00f1ana con quema de contenedores<\/a>) qued\u00f3 empa\u00f1ada por una minor\u00eda de <a href=\"http:\/\/www.lasprovincias.es\/20131024\/comunitatvalenciana\/comunitat\/manifestacion-huelga-estudiantes-valencia-201310241350.html\" rel=\"external nofollow\">ni\u00f1atos embozados en sudaderas<\/a> con capucha y pa\u00f1uelos que, desde primera hora de la ma\u00f1ana, empezaron a ejercer de presuntos progresistas en la puerta de la universidad. <strong>Piquetes<\/strong> lo llamaron ellos. Ni\u00f1atos que dicen ser de izquierdas,\u00a0de la que presenta las mayores libertades de todas pero que\u00a0con\u00a0su <strong>comportamiento fascista<\/strong>\u00a0basado en la coacci\u00f3n, la chuler\u00eda y la mala educaci\u00f3n transformaron su <strong>piquete<\/strong> en un grupito de matones de tres al cuarto.<\/p>\n<p><a href=\"https:\/\/blogs.lasprovincias.es\/elfrancotirador\/2013\/10\/27\/piquetes-cobardes-y-fascistas\/huelga-estudiantes-y-universidades-contra-la-reforma-de-wert\/\" rel=\"attachment wp-att-647\"><img loading=\"lazy\" class=\"aligncenter size-full wp-image-647\" title=\"Huelga estudiantes y universidades contra la reforma de Wert\" src=\"\/elfrancotirador\/wp-content\/uploads\/sites\/17\/2013\/10\/capito.jpg\" alt=\"\" width=\"643\" height=\"450\" srcset=\"https:\/\/static-blogs.lasprovincias.es\/wp-content\/uploads\/sites\/17\/2013\/10\/capito.jpg 643w, https:\/\/static-blogs.lasprovincias.es\/wp-content\/uploads\/sites\/17\/2013\/10\/capito-300x210.jpg 300w\" sizes=\"(max-width: 643px) 100vw, 643px\" \/><\/a><\/p>\n<p>Ni\u00f1atos universitarios cuya ignorancia les hace creer que un <strong>piquete<\/strong> informativo es aquel que basa el convencimiento en amedrentar al estudiante, al trabajador o al profesor que <strong>no comparte el fondo de la huelga<\/strong>. Fascistas disfrazados de &#8216;progres&#8217; que a base de empujones, insultos y desprecios intentaron cargar de raz\u00f3n su protesta sin darse cuenta que lo \u00fanico que hacen es manchar la lucha de aquellos que, convencidos, defienden con la Constituci\u00f3n en la mano sus derechos y libertades. Justicieros que da\u00f1an la protesta de\u00a0aquellos miles que por la tarde <strong>dieron ejemplo en una manifestaci\u00f3n<\/strong> que no estaba de acuerdo con la nueva ley del Gobierno de Rajoy.<\/p>\n<p>Un grupo de falsos progresistas que ped\u00eda a los periodistas y gr\u00e1ficos que <strong>no grabaran<\/strong> sus amenazas. Que ped\u00eda que no quedara constancia ni escrita ni visual de sus <strong>empujones, insultos y agresiones<\/strong> a los ciudadanos que, con sus razones por delante, no quisieron secundar la huelga. Ni\u00f1atos <strong>fascistas<\/strong>, tan peligrosos como la extrema derecha a la que detestan aunque no muy alejados de sus actitudes, que pregonaban la censura informativa para que no quedara huella de su pueril y asqueroso comportamiento. Coacciones que no amedrentaron a grandes profesionales como mi compa\u00f1ero Rafa Mu\u00f1oz y otros muchos.<\/p>\n<p>Entre ellos, el representante de la Asamblea General de Estudiantes, <strong>Jordi Caparr\u00f3s<\/strong>, claustral del <strong>Bloc d&#8217;Estudiants Agermanats (BEA)<\/strong>, que como un fascista m\u00e1s presionaba, empujaba y se mofaba de todos aquellos que intentaban sortear un <strong>piquete<\/strong> violento que trataba de convencer a la fuerza de que ese d\u00eda hab\u00eda <strong>huelga<\/strong>. Caparr\u00f3s, al que hay que reconocer que fue de los pocos valientes que compareci\u00f3 a cara descubierta, anim\u00f3 una protesta como\u00a0pivote del <strong>piquete<\/strong> sin dejar de pasar lista a todo aquel que pasaba para despu\u00e9s ajustar cuentas con los profesores que hab\u00edan abierto las puertas de sus aulas.<\/p>\n<p><strong>El representante del BEA y de la Asamblea General de Estudiantes<\/strong>, que en el acto de apertura de curso\u00a0<a href=\"http:\/\/www.lasprovincias.es\/v\/20130913\/comunitat\/universitat-permite-leer-manifiesto-20130913.html\" rel=\"external nofollow\">ley\u00f3 un manifiesto<\/a>\u00a0como portavoz de la Plataforma en Defensa de la Universidad P\u00fablica, calific\u00f3 las reformas en aquel discurso de &#8220;autoritarias y tecn\u00f3cratas&#8221;. Caparr\u00f3s, que pidi\u00f3 di\u00e1logo a la administraci\u00f3n para sumar en la soluci\u00f3n de los problemas educativos, quiz\u00e1 no aprendi\u00f3 que la democracia que le permiti\u00f3 intervenir aquel d\u00eda es la misma que \u00e9l debi\u00f3 defender <strong>en la convocatoria de huelga<\/strong>. Quiz\u00e1 no entendi\u00f3 que la sociedad se construye con la base de unas libertades que no deben estar sometidas<strong> al yugo de las ideolog\u00edas extremas<\/strong>, bien de derechas o de izquierdas.<\/p>\n<p><a href=\"https:\/\/blogs.lasprovincias.es\/elfrancotirador\/2013\/10\/27\/piquetes-cobardes-y-fascistas\/fabra-anuncia-un-sistema-de-prestamos-para-estudiantes-universitarios-3\/\" rel=\"attachment wp-att-645\"><img loading=\"lazy\" class=\"aligncenter size-full wp-image-645\" title=\"FABRA ANUNCIA UN SISTEMA DE PRESTAMOS PARA ESTUDIANTES UNIVERSITARIOS\" src=\"\/elfrancotirador\/wp-content\/uploads\/sites\/17\/2013\/10\/capa22.jpg\" alt=\"\" width=\"649\" height=\"408\" srcset=\"https:\/\/static-blogs.lasprovincias.es\/wp-content\/uploads\/sites\/17\/2013\/10\/capa22.jpg 649w, https:\/\/static-blogs.lasprovincias.es\/wp-content\/uploads\/sites\/17\/2013\/10\/capa22-300x189.jpg 300w\" sizes=\"(max-width: 649px) 100vw, 649px\" \/><\/a><\/p>\n<p>&nbsp;<\/p>\n<p><strong>Caparr\u00f3s, dentro del BEA<\/strong> (el sindicato\u00a0mayoritario en la universidad) ostenta la secretar\u00eda de Relaciones con la Sociedad. Un cargo inapropiado para un tipo que basa en la <strong>coacci\u00f3n<\/strong> su forma para conseguir las cosas. Un\u00a0personaje que luego, ante la pregunta de un agente de la Polic\u00eda sobre qu\u00e9 pasaba, se acobarda (como se puede ver en el v\u00eddeo del final del post) y es incapaz de reconocer que est\u00e1 all\u00ed para <strong>impedir la entrada en la universidad<\/strong> de aquellos que libremente han decidido no hacer <strong>huelga<\/strong>.<\/p>\n<p><a href=\"https:\/\/blogs.lasprovincias.es\/elfrancotirador\/2013\/05\/05\/la-fuerza-de-un-pueblo-es-invencible\/\">Una vez renegu\u00e9 del comportamiento de un agente de la Polic\u00eda Nacional<\/a>, que chulesco y altivo provoc\u00f3 a un grupo de chavales que abandonaban pac\u00edficamente la manifestaci\u00f3n del 25 d&#8217;abril. <strong>La misma sensaci\u00f3n de desprecio<\/strong> sent\u00ed la semana pasada por Caparr\u00f3s y su pandilla de ni\u00f1atos cobardes.<\/p>\n<p>Los que llaman a la huelga, los que creen de verdad en su<strong> modelo educativo<\/strong>, los que salen en familia a protestar contra aquello con lo que no est\u00e1n de acuerdo tienen que luchar tambi\u00e9n para echar de su raz\u00f3n a esa minor\u00eda intransigente, dictatorial y <strong>fascista<\/strong> que se dedica a manchar un ideal.<\/p>\n<p>A m\u00ed\u00a0<strong>las minor\u00edas violentas<\/strong>\u00a0me sobran.<\/p>\n<p>(<a href=\"http:\/\/www.lasprovincias.es\/videos\/valencia\/ciudad\/2765040164001-piquetes-impiden-empujones-entrada-estudiantes-universidad.html\" rel=\"external nofollow\">pincha aqu\u00ed para ver el v\u00eddeo<\/a> de\u00a0los empujones y coacciones de los piquetes con im\u00e1genes como esta)<\/p>\n<div id=\"attachment_648\" style=\"width: 723px\" class=\"wp-caption aligncenter\"><a href=\"https:\/\/blogs.lasprovincias.es\/elfrancotirador\/2013\/10\/27\/piquetes-cobardes-y-fascistas\/huelga-estudiantes-y-universidades-contra-la-reforma-de-wert-2\/\" rel=\"attachment wp-att-648\"><img aria-describedby=\"caption-attachment-648\" loading=\"lazy\" class=\"size-full wp-image-648\" title=\"Huelga estudiantes y universidades contra la reforma de Wert\" src=\"\/elfrancotirador\/wp-content\/uploads\/sites\/17\/2013\/10\/capito2.jpg\" alt=\"\" width=\"713\" height=\"540\" srcset=\"https:\/\/static-blogs.lasprovincias.es\/wp-content\/uploads\/sites\/17\/2013\/10\/capito2.jpg 713w, https:\/\/static-blogs.lasprovincias.es\/wp-content\/uploads\/sites\/17\/2013\/10\/capito2-300x227.jpg 300w\" sizes=\"(max-width: 713px) 100vw, 713px\" \/><\/a><p id=\"caption-attachment-648\" class=\"wp-caption-text\">Fotos Txema Rodr\u00edguez<\/p><\/div>\n<!-- AddThis Advanced Settings generic via filter on the_content --><!-- AddThis Share Buttons generic via filter on the_content -->","protected":false},"excerpt":{"rendered":"<p>Seguir a @hesteban15 El art\u00edculo 28.2 de la Constituci\u00f3n Espa\u00f1ola reconoce el derecho a la huelga. De la misma manera est\u00e1 la libertad de cada persona a secundar o no la llamada. La capacidad de decidir libremente qu\u00e9 hacer ante la convocatoria. Su derecho personal a hacer huelga o a ir a trabajar o a [&hellip;]<!-- AddThis Advanced Settings generic via filter on get_the_excerpt --><!-- AddThis Share Buttons generic via filter on get_the_excerpt --><\/p>\n","protected":false},"author":22,"featured_media":0,"comment_status":"open","ping_status":"open","sticky":false,"template":"","format":"standard","meta":[],"categories":[2],"tags":[21,224,237,257,323,502,659,663,679],"_links":{"self":[{"href":"https:\/\/blogs.lasprovincias.es\/elfrancotirador\/wp-json\/wp\/v2\/posts\/642"}],"collection":[{"href":"https:\/\/blogs.lasprovincias.es\/elfrancotirador\/wp-json\/wp\/v2\/posts"}],"about":[{"href":"https:\/\/blogs.lasprovincias.es\/elfrancotirador\/wp-json\/wp\/v2\/types\/post"}],"author":[{"embeddable":true,"href":"https:\/\/blogs.lasprovincias.es\/elfrancotirador\/wp-json\/wp\/v2\/users\/22"}],"replies":[{"embeddable":true,"href":"https:\/\/blogs.lasprovincias.es\/elfrancotirador\/wp-json\/wp\/v2\/comments?post=642"}],"version-history":[{"count":0,"href":"https:\/\/blogs.lasprovincias.es\/elfrancotirador\/wp-json\/wp\/v2\/posts\/642\/revisions"}],"wp:attachment":[{"href":"https:\/\/blogs.lasprovincias.es\/elfrancotirador\/wp-json\/wp\/v2\/media?parent=642"}],"wp:term":[{"taxonomy":"category","embeddable":true,"href":"https:\/\/blogs.lasprovincias.es\/elfrancotirador\/wp-json\/wp\/v2\/categories?post=642"},{"taxonomy":"post_tag","embeddable":true,"href":"https:\/\/blogs.lasprovincias.es\/elfrancotirador\/wp-json\/wp\/v2\/tags?post=642"}],"curies":[{"name":"wp","href":"https:\/\/api.w.org\/{rel}","templated":true}]}}