{"id":651,"date":"2013-11-03T17:36:51","date_gmt":"2013-11-03T17:36:51","guid":{"rendered":"http:\/\/blogs.lasprovincias.es\/elfrancotirador\/?p=651"},"modified":"2013-11-03T17:36:51","modified_gmt":"2013-11-03T17:36:51","slug":"donde-estan-las-torres-de-calatrava","status":"publish","type":"post","link":"https:\/\/blogs.lasprovincias.es\/elfrancotirador\/2013\/11\/03\/donde-estan-las-torres-de-calatrava\/","title":{"rendered":"\u00bfD\u00f3nde est\u00e1n las torres de Calatrava?"},"content":{"rendered":"<p><a class=\"twitter-follow-button\" href=\"https:\/\/twitter.com\/hesteban15\" rel=\"external nofollow\">Seguir a @hesteban15<\/a><\/p>\n<p>La resaca de las dos \u00faltimas entradas en este <strong>blog<\/strong> me\u00a0llevaron a husmear en algo que a priori me pareci\u00f3 hasta divertido. Un servidor, que es cotilla por naturaleza, se propuso encontrar <strong>la maqueta de las torres que Santiago Caltrava<\/strong>, el arquitecto que invent\u00f3 el &#8216;blanco <strong>Calatrava<\/strong>&#8216; y <a href=\"http:\/\/www.lasprovincias.es\/v\/20120620\/politica\/calatrava-incluso-modestos-honorarios-20120620.html\" rel=\"external nofollow\">cobr\u00f3 94 millones en honorarios<\/a>, dibuj\u00f3 para la cabecera de la <strong>Ciudad de las Artes y de las Ciencias<\/strong>. Esos <strong>tres rascacielos<\/strong> en forma de tirabuz\u00f3n que iban a dibujar el nuevo <em>skyline<\/em> de la ciudad de <strong>Valencia<\/strong> m\u00e1s all\u00e1 del Miguelete. El proyecto, pese a que cost\u00f3 <a href=\"http:\/\/www.lasprovincias.es\/v\/20111026\/politica\/consell-contrato-millones-calatrava-20111026.html\" rel=\"external nofollow\">15 millones de euros<\/a> (no es que lo diga yo sino que lo confirma <a href=\"http:\/\/www.lasprovincias.es\/v\/20111109\/politica\/fiscalia-confirma-calatrava-cobro-20111109.html\" rel=\"external nofollow\">la propia Fiscal\u00eda<\/a>) no se\u00a0ha ejecutado por estas cosas de la crisis (el due\u00f1o del solar donde se iban a construir reclama una indemnizaci\u00f3n <a href=\"http:\/\/www.lasprovincias.es\/v\/20130707\/valencia\/antiguo-dueno-solar-rascacielos-20130707.html\" rel=\"external nofollow\">de 100 millones<\/a>)<\/p>\n<div id=\"attachment_652\" style=\"width: 570px\" class=\"wp-caption aligncenter\"><a href=\"https:\/\/blogs.lasprovincias.es\/elfrancotirador\/2013\/11\/03\/donde-estan-las-torres-de-calatrava\/maquetas-de-las-torres-de-calatrava\/\" rel=\"attachment wp-att-652\"><img aria-describedby=\"caption-attachment-652\" loading=\"lazy\" class=\"size-full wp-image-652\" title=\"MAQUETAS DE LAS TORRES DE CALATRAVA\" src=\"\/elfrancotirador\/wp-content\/uploads\/sites\/17\/2013\/11\/Maquet2.jpg\" alt=\"\" width=\"560\" height=\"240\" srcset=\"https:\/\/static-blogs.lasprovincias.es\/wp-content\/uploads\/sites\/17\/2013\/11\/Maquet2.jpg 560w, https:\/\/static-blogs.lasprovincias.es\/wp-content\/uploads\/sites\/17\/2013\/11\/Maquet2-300x129.jpg 300w\" sizes=\"(max-width: 560px) 100vw, 560px\" \/><\/a><p id=\"caption-attachment-652\" class=\"wp-caption-text\">La maqueta por la que suspiro<\/p><\/div>\n<p>Gastos y pompas al margen, a m\u00ed lo que me pon\u00eda de verdad <strong>era saber d\u00f3nde estaba la maqueta<\/strong>. De peque\u00f1o, los anuncios de los clicks de Famobil (lo siento, nunca me acostumbre\u00a0a lo de Playmobil) me flipaban. Tan bien recreados. Crec\u00ed rodeado de Tente y Exin Castillos, por lo que no es descabellado mi inter\u00e9s por una <strong>maqueta<\/strong> millonaria.<\/p>\n<p>La primera llamada la hice a una conselleria. La persona que descolg\u00f3 el tel\u00e9fon0 siempre me trata con una exquisitez maravillosa. Son muchos a\u00f1os.<\/p>\n<ul>\n<li style=\"text-align: left;\">-Hola, soy H\u00e9ctor. Mira es que voy detr\u00e1s de la <strong>maqueta de Calatrava<\/strong>. La de <strong>las torres<\/strong>. Es que no s\u00e9 d\u00f3nde est\u00e1 y he pensado que podr\u00eda estar olvidada en esos almacenes que ten\u00e9is ah\u00ed en el pol\u00edgono industrial de Ribarroja.<\/li>\n<li style=\"text-align: left;\">-No, all\u00ed no est\u00e1 seguro. Hace poco pas\u00e9 y no la vi. Me hubiera dado cuenta. Adem\u00e1s, eso ya no lo llevamos nosotros. Prueba en otro sitio.<\/li>\n<\/ul>\n<p>Mi primer intento, en vano.<\/p>\n<p>A los d\u00edas, me encontr\u00e9 por los pasillos de Les Corts con el responsable de otra conselleria. Le susurr\u00e9 al o\u00eddo mis intenciones y me esboz\u00f3 una media sonrisa (reconozco que a m\u00ed lo que me daba morbo es que <strong>la maqueta estuviera decorando el despacho de alg\u00fan jerifalte<\/strong>). Quedamos en hablar y le llam\u00e9 por tel\u00e9fono.<\/p>\n<ul>\n<li>-\u00bfMe has mirado eso?<\/li>\n<li>-S\u00ed, te lo he preguntado. No depende de nosotros. Lo mejor es llamar a la <strong>Ciudad de las Artes y de las Ciencias<\/strong>.<\/li>\n<\/ul>\n<p>Como no ten\u00eda el tel\u00e9fono de nadie de all\u00ed, recurr\u00ed a mis compa\u00f1eros de Culturas (no se pierdan <a href=\"http:\/\/blogs.lasprovincias.es\/elsindromededarrin\/\">el blog de Darrin<\/a>)\u00a0y les ped\u00ed ayuda. Me la prestaron en forma de tel\u00e9fono. Llam\u00e9 a Cacsa, que es la empresa p\u00fablica que gestiona el macrocomplejo de postal. La tercera telefonada a la b\u00fasqueda de <strong>la maqueta de las torres de Calatrava<\/strong>.<\/p>\n<ul>\n<li>-Hola, soy H\u00e9ctor Esteban, de LAS PROVINCIAS. Mira, es que estoy buscando <strong>la maqueta de las torres<\/strong>.<\/li>\n<li>-\u00bfLa maqueta? Uy, y eso. Eeeeehh. Pues no s\u00e9, no s\u00e9 d\u00f3nde est\u00e1&#8230;<\/li>\n<li>-Bueno, pero igual la has visto por ah\u00ed. En alg\u00fan despacho, en pasillos, no s\u00e9, en el cuarto de ba\u00f1o&#8230;<\/li>\n<li>-No, no. No la he visto. Igual la tiene <strong>el arquitecto<\/strong>&#8230;<\/li>\n<li>-\u00bfEl <strong>arquitecto<\/strong>? \u00bfC\u00f3mo la va a tener <strong>Calatrava<\/strong> en su despacho? Hazme un favor, preg\u00fantalo y vuelvo a llamar.<\/li>\n<\/ul>\n<p>Nos despedimos. La verdad es que la posibilidad de que la tuviera <strong>Calatrava<\/strong> en su despacho me hac\u00eda saborear ya la sangre en el colmillo.<\/p>\n<p>Volv\u00ed a llamar a la <strong>Ciudad de las Artes<\/strong>.<\/p>\n<ul>\n<li>-Hola, \u00bfsabemos algo de la maqueta?<\/li>\n<li>-Llama aqu\u00ed.<\/li>\n<\/ul>\n<p>Cortante y preciso. Uy, que raro pens\u00e9. Segu\u00ed instrucciones.<\/p>\n<ul>\n<li>-Hola, soy H\u00e9ctor. Te llamo porque me han dicho que igual me puedes decir donde est\u00e1 <strong>la maqueta de las torres de Calatrava<\/strong>.<\/li>\n<li>-Joder macho, ya est\u00e1s con tus tonter\u00edas. A partir de ah\u00ed inici\u00f3 un serm\u00f3n escatol\u00f3gico que no reproducir\u00e9 por educaci\u00f3n.<\/li>\n<\/ul>\n<p>Yo, que no estoy acostumbrado a que me tomen la delantera, baraj\u00e9 la opci\u00f3n de cortar la conversaci\u00f3n de la misma manera pero tir\u00e9 de modales.<\/p>\n<ul>\n<li>-Mira, no voy a entrar en esto. S\u00f3lo quiero que me preguntes <strong>d\u00f3nde est\u00e1 la maqueta<\/strong>.<\/li>\n<\/ul>\n<p>Me devolvi\u00f3 la llamada.<\/p>\n<ul>\n<li>-La maqueta est\u00e1 en las dependencias <strong>de la Ciudad de las Artes<\/strong>.<\/li>\n<\/ul>\n<p>Seis llamadas, seis, para que me digan: <strong>la maqueta est\u00e1 en las dependencias de la Ciudad de las Artes<\/strong>.<\/p>\n<p>Un servidor, que es mosca cojonera por naturaleza, volvi\u00f3 a llamar a Cacsa.<\/p>\n<ul>\n<li>-Hola, soy el de la maqueta otra vez. Me han dicho que est\u00e1 ah\u00ed.<\/li>\n<li>-S\u00ed (lo primero que pens\u00e9 es que ya me lo pod\u00eda haber confirmado antes y ahorrarme el serm\u00f3n escatol\u00f3gico).<\/li>\n<li>-\u00bfPero me pod\u00edas decir d\u00f3nde? \u00bfEn alg\u00fan s\u00f3tano? \u00bfEn qu\u00e9 sitio?<\/li>\n<li>-No s\u00e9, en las dependencias.<\/li>\n<\/ul>\n<p>Y con eso me qued\u00e9 por la v\u00eda oficial.<\/p>\n<p>Tir\u00e9 por la\u00a0senda de los trabajadores, que durante los \u00faltimos meses <a href=\"http:\/\/www.lasprovincias.es\/v\/20120926\/politica\/cacsa-notifica-despidos-afectados-20120926.html\" rel=\"external nofollow\">han sufrido un duro Expediente de Regulaci\u00f3n de Empleo<\/a>. Llam\u00e9 a un empleado.<\/p>\n<ul>\n<li>-Hola, es que busco <strong>la maqueta de las torres de Calatrava<\/strong>. Por la v\u00eda oficial s\u00f3lo me han dicho que est\u00e1 ah\u00ed. \u00bfVosotros la hab\u00e9is visto?<\/li>\n<li>-No, la verdad es que no. S\u00ed que hay <strong>unas cajas verdes en los s\u00f3tanos<\/strong> que contienen documentaci\u00f3n y material de todo tipo.<\/li>\n<li>-Pero las hab\u00e9is visto.<\/li>\n<li>-No, la verdad es que no.<\/li>\n<\/ul>\n<div id=\"attachment_653\" style=\"width: 570px\" class=\"wp-caption aligncenter\"><a href=\"https:\/\/blogs.lasprovincias.es\/elfrancotirador\/2013\/11\/03\/donde-estan-las-torres-de-calatrava\/presentacion-de-las-nuevas-maquetas-de-las-torres-de-calatrava\/\" rel=\"attachment wp-att-653\"><img aria-describedby=\"caption-attachment-653\" loading=\"lazy\" class=\"size-full wp-image-653\" title=\"PRESENTACION DE LAS NUEVAS MAQUETAS DE LAS TORRES DE CALATRAVA\" src=\"\/elfrancotirador\/wp-content\/uploads\/sites\/17\/2013\/11\/Maqueti.jpg\" alt=\"\" width=\"560\" height=\"374\" srcset=\"https:\/\/static-blogs.lasprovincias.es\/wp-content\/uploads\/sites\/17\/2013\/11\/Maqueti.jpg 560w, https:\/\/static-blogs.lasprovincias.es\/wp-content\/uploads\/sites\/17\/2013\/11\/Maqueti-300x200.jpg 300w\" sizes=\"(max-width: 560px) 100vw, 560px\" \/><\/a><p id=\"caption-attachment-653\" class=\"wp-caption-text\">Calatrava y su \u00c1gora inacabado<\/p><\/div>\n<p>Con una sola llamada a los trabajadores, obtuve m\u00e1s informaci\u00f3n que en las seis anteriores. Unas &#8220;cajas verdes&#8221;, quiz\u00e1 est\u00e9 dentro de una de esas cajas verdes.<\/p>\n<p>Dispar\u00e9 una \u00faltima bala. <strong>Mand\u00e9 un mensaje a uno de los diputados de la oposici\u00f3n<\/strong> que m\u00e1s sabe de este tema.<\/p>\n<p>-Perdona, \u00bfcu\u00e1ndo estuviste por all\u00ed viste <strong>la maqueta de las torres<\/strong>?<\/p>\n<p>-Vi el proyecto, la maqueta me dijeron que estaba en el <strong>Museo Pr\u00edncipe Felipe<\/strong>, creo.<\/p>\n<p>Es cierto que en la tercera planta del Museo hay una maqueta, la del complejo, pero <strong>no contiene las torres<\/strong>.<\/p>\n<p>La Generalitat <strong>pag\u00f3 15 millones de euros a Santiago Calatrava<\/strong> <a href=\"http:\/\/www.lasprovincias.es\/v\/20111111\/politica\/fabra-torres-calatrava-prioritarias-20111111.html\" rel=\"external nofollow\">por un proyecto que dif\u00edcilmente se llevar\u00e1 a cabo<\/a>. Pero no hay mal que por bien no venga y propongo la creaci\u00f3n de un museo de los horrores de maquetas de proyectos que nunca se ejecutar\u00e1n como las torres, <a href=\"http:\/\/www.lasprovincias.es\/v\/20110501\/valencia\/esfera-armilar-museo-fifa-20110501.html\" rel=\"external nofollow\">la Esfera Armilar<\/a>, <a href=\"http:\/\/www.laverdad.es\/alicante\/20090508\/local\/alicante\/puerto-cedera-temporalmente-suelo-200905081652.html\" rel=\"external nofollow\">el Palacio de Congresos de Alicante<\/a>, el de Castell\u00f3n, el Museo de la FIFA, la torre de la M\u00fasica, Mundo Ilusi\u00f3n, la Ciudad de las Lenguas&#8230; Iniciativas p\u00fablicas que languidecieron como los d\u00edas de vino y rosa&#8230;<\/p>\n<p>Fracas\u00e9 en mi objetivo de hallar la maqueta pero aprend\u00ed\u00a0una cosa: nadie tiene ni idea de d\u00f3nde est\u00e1n las torres.<\/p>\n<p>P.D. Se gratificar\u00e1 cualquier pista que me ayude a localizar la maqueta.<\/p>\n<p>&nbsp;<\/p>\n<p>&nbsp;<\/p>\n<p>&nbsp;<\/p>\n<!-- AddThis Advanced Settings generic via filter on the_content --><!-- AddThis Share Buttons generic via filter on the_content -->","protected":false},"excerpt":{"rendered":"<p>Seguir a @hesteban15 La resaca de las dos \u00faltimas entradas en este blog me\u00a0llevaron a husmear en algo que a priori me pareci\u00f3 hasta divertido. Un servidor, que es cotilla por naturaleza, se propuso encontrar la maqueta de las torres que Santiago Caltrava, el arquitecto que invent\u00f3 el &#8216;blanco Calatrava&#8216; y cobr\u00f3 94 millones en [&hellip;]<!-- AddThis Advanced Settings generic via filter on get_the_excerpt --><!-- AddThis Share Buttons generic via filter on get_the_excerpt --><\/p>\n","protected":false},"author":22,"featured_media":0,"comment_status":"open","ping_status":"open","sticky":false,"template":"","format":"standard","meta":[],"categories":[2],"tags":[47,96,143,144,406,443,592,643,663],"_links":{"self":[{"href":"https:\/\/blogs.lasprovincias.es\/elfrancotirador\/wp-json\/wp\/v2\/posts\/651"}],"collection":[{"href":"https:\/\/blogs.lasprovincias.es\/elfrancotirador\/wp-json\/wp\/v2\/posts"}],"about":[{"href":"https:\/\/blogs.lasprovincias.es\/elfrancotirador\/wp-json\/wp\/v2\/types\/post"}],"author":[{"embeddable":true,"href":"https:\/\/blogs.lasprovincias.es\/elfrancotirador\/wp-json\/wp\/v2\/users\/22"}],"replies":[{"embeddable":true,"href":"https:\/\/blogs.lasprovincias.es\/elfrancotirador\/wp-json\/wp\/v2\/comments?post=651"}],"version-history":[{"count":0,"href":"https:\/\/blogs.lasprovincias.es\/elfrancotirador\/wp-json\/wp\/v2\/posts\/651\/revisions"}],"wp:attachment":[{"href":"https:\/\/blogs.lasprovincias.es\/elfrancotirador\/wp-json\/wp\/v2\/media?parent=651"}],"wp:term":[{"taxonomy":"category","embeddable":true,"href":"https:\/\/blogs.lasprovincias.es\/elfrancotirador\/wp-json\/wp\/v2\/categories?post=651"},{"taxonomy":"post_tag","embeddable":true,"href":"https:\/\/blogs.lasprovincias.es\/elfrancotirador\/wp-json\/wp\/v2\/tags?post=651"}],"curies":[{"name":"wp","href":"https:\/\/api.w.org\/{rel}","templated":true}]}}