{"id":660,"date":"2013-11-13T11:42:03","date_gmt":"2013-11-13T11:42:03","guid":{"rendered":"http:\/\/blogs.lasprovincias.es\/elfrancotirador\/?p=660"},"modified":"2013-11-13T11:42:03","modified_gmt":"2013-11-13T11:42:03","slug":"elena-valenciano-y-el-vampirismo-de-la-politica-ii","status":"publish","type":"post","link":"https:\/\/blogs.lasprovincias.es\/elfrancotirador\/2013\/11\/13\/elena-valenciano-y-el-vampirismo-de-la-politica-ii\/","title":{"rendered":"Elena Valenciano y el vampirismo de la pol\u00edtica (II)"},"content":{"rendered":"<p><a class=\"twitter-follow-button\" href=\"https:\/\/twitter.com\/hesteban15\" rel=\"external nofollow\">Seguir a @hesteban15<\/a><\/p>\n<p>El tiempo pone a cada uno en su sitio. Hace poco m\u00e1s de un a\u00f1o, la diputada socialista y <strong>vicesecretaria general del PSOE,\u00a0Elena Valenciano<\/strong>, protagoniz\u00f3 uno de los gestos m\u00e1s\u00a0tristes que recuerdo\u00a0de un dirigente pol\u00edtico. <strong>Elena Valenciano<\/strong>, de punta en blanco, visit\u00f3 las naves que tiene el <strong>Banco de Alimentos<\/strong> en la Pobla de Vallbona. Como una\u00a0<strong>falsa voluntaria<\/strong> carg\u00f3 cajas de comida, anim\u00f3 a los que en silencio\u00a0guardaban cola esperando para recoger alimentos y se mont\u00f3 su particular circo\u00a0bajo los focos\u00a0porque ella\u00a0quer\u00eda ser la reina\u00a0de la pista. Su inter\u00e9s\u00a0por una foto estaba por encima del\u00a0servicio social.\u00a0Aquel d\u00eda, <strong>Elena Valenciano<\/strong>,\u00a0con un acto de\u00a0manual de carro\u00f1erismo pol\u00edtico cum laude, busc\u00f3 su minuto de gloria en\u00a0la prensa\u00a0utilizando el orgullo de los m\u00e1s\u00a0necesitados. La diputada lo \u00fanico que quer\u00eda era salir en los informativos del mediod\u00eda para decir que el porcentaje <strong>del sueldo de los cargos socialistas<\/strong> restado por hacer la huelga del 14-N se donar\u00eda al <strong>Banco de Alimentos<\/strong>. Una <strong>caridad<\/strong> publicitada, hip\u00f3crita y falsa.<\/p>\n<div id=\"attachment_662\" style=\"width: 490px\" class=\"wp-caption aligncenter\"><a href=\"https:\/\/blogs.lasprovincias.es\/elfrancotirador\/2013\/11\/13\/elena-valenciano-y-el-vampirismo-de-la-politica-ii\/docu_lp-ximo-puig-y-elena-valenciano-en-el-banco-de-alimentos\/\" rel=\"attachment wp-att-662\"><img aria-describedby=\"caption-attachment-662\" loading=\"lazy\" class=\"size-full wp-image-662\" title=\"DOCU_LP Ximo Puig y Elena Valenciano en el Banco de Alimentos\" src=\"\/elfrancotirador\/wp-content\/uploads\/sites\/17\/2013\/11\/Valenciano.jpg\" alt=\"\" width=\"480\" height=\"346\" srcset=\"https:\/\/static-blogs.lasprovincias.es\/wp-content\/uploads\/sites\/17\/2013\/11\/Valenciano.jpg 480w, https:\/\/static-blogs.lasprovincias.es\/wp-content\/uploads\/sites\/17\/2013\/11\/Valenciano-300x216.jpg 300w\" sizes=\"(max-width: 480px) 100vw, 480px\" \/><\/a><p id=\"caption-attachment-662\" class=\"wp-caption-text\">Valenciano, el d\u00eda de la caridad publicitada<\/p><\/div>\n<p>Todav\u00eda recuerdo a <strong>Elena Valenciano<\/strong>\u00a0fotografi\u00e1ndose sin rubor sacando paquetes de un carro de la compra como una barbie pol\u00edtica maquillada para la gloria. Posando sin caer en la cuenta de que lo \u00fanico que provocaba en <strong>la mayor\u00eda de los que all\u00ed est\u00e1bamos era verg\u00fcenza<\/strong>. Con aquel post, titulado <a href=\"https:\/\/blogs.lasprovincias.es\/elfrancotirador\/2012\/11\/04\/el-vampirismo-de-la-politica\/\">&#8220;El vampirismo de la pol\u00edtica&#8221;<\/a>\u00a0, me abr\u00ed en canal porque necesitaba vomitar toda la bilis que aquel d\u00eda\u00a0me dej\u00f3 usted en el est\u00f3mago.<\/p>\n<p>La dirigente <strong>socialista<\/strong>, nada m\u00e1s leer <a href=\"https:\/\/blogs.lasprovincias.es\/elfrancotirador\/2012\/11\/04\/el-vampirismo-de-la-politica\/\">&#8220;El vampirismo de la pol\u00edtica&#8221;<\/a>,\u00a0me dej\u00f3\u00a0este comentario en el <a href=\"https:\/\/blogs.lasprovincias.es\/elfrancotirador\/\">blog<\/a>:<\/p>\n<header>&#8220;Evalenciano<\/header>\n<p><em>Es incre\u00edble que puedas usted interpretar as\u00ed mi visita. Al contrario, se trata de dar a conocer este tipo de iniciativas solidarias, de apoyarlas, de trabajar para que consigan financiaci\u00f3n (hemos presentado en el Congreso, una proposici\u00f3n no de ley con ese objetivo) siempre he trabajado en el movimiento social. Soy diputada ahora y no pienso dejar de hacer trabajo social, desde donde est\u00e9. Don Jaume Serra quiso que fuera a visitarles. Creo que tu interpretaci\u00f3n nace de un gran prejuicio. Y lo siento&#8221;<\/em><\/p>\n<p><strong>Un a\u00f1o despu\u00e9s del show de la diputada Elena Valenciano<\/strong>, el pasado mi\u00e9rcoles 13 de noviembre, el destino me puso delante\u00a0otra vez\u00a0a <strong>Jaume Serra<\/strong>, alma mater del <a href=\"http:\/\/www.lasprovincias.es\/v\/20131106\/comunitat\/kilos-para-banco-alimentos-20131106.html\" rel=\"external nofollow\">Banco de Alimentos<\/a>, en una tertulia de <a href=\"https:\/\/blogs.lasprovincias.es\/elfrancotirador\/2013\/11\/10\/canal-9-y-la-politica\/\">R\u00e0dio NOU<\/a>. En el turno de preguntas, dispar\u00e9:<\/p>\n<ul>\n<li>&#8220;Se\u00f1or Serra, \u00bf<strong>Elena\u00a0Valenciano<\/strong> le ha vuelto a llamar o\u00a0ha ido a visitar otra vez\u00a0el <strong>Banco de Alimentos<\/strong> desde aquel d\u00eda?<\/li>\n<li>\u00a0&#8220;<strong>No, ya sabes lo que pasa con los pol\u00edticos<\/strong>. Vienen y despu\u00e9s: hasta luego Lucas&#8221;, me contest\u00f3 Serra.<\/li>\n<\/ul>\n<p>La respuesta no me sorprendi\u00f3.\u00a0La esperaba. Reconozco, se\u00f1ora <strong>Elena Valenciano<\/strong>, que hubiera preferido que el se\u00f1or Serra me hubiera callado la boca. Que me hubiera dicho que usted regularmente llama <strong>para preocuparse por el Banco de Alimentos<\/strong>, que me hubiera contado que volvi\u00f3 por all\u00ed sin c\u00e1maras, an\u00f3nima, sin fot\u00f3grafos, sin focos y <strong>sin un s\u00e9quito<\/strong> que aquel d\u00eda del a\u00f1o pasado estaba integrado a\u00a0partes iguales\u00a0por chup\u00f3pteros y <strong>por gente que sinti\u00f3 la misma verg\u00fcenza ajena<\/strong> que viv\u00ed yo al lamentar su espect\u00e1culo.<\/p>\n<div id=\"attachment_663\" style=\"width: 586px\" class=\"wp-caption aligncenter\"><a href=\"https:\/\/blogs.lasprovincias.es\/elfrancotirador\/2013\/11\/13\/elena-valenciano-y-el-vampirismo-de-la-politica-ii\/ximo-puig-y-elena-valenciano-en-el-banco-de-alimentos-psoe-3\/\" rel=\"attachment wp-att-663\"><img aria-describedby=\"caption-attachment-663\" loading=\"lazy\" class=\"size-full wp-image-663\" title=\"Ximo Puig y Elena Valenciano en el Banco de Alimentos - Psoe\" src=\"\/elfrancotirador\/wp-content\/uploads\/sites\/17\/2013\/11\/focos.jpg\" alt=\"\" width=\"576\" height=\"385\" srcset=\"https:\/\/static-blogs.lasprovincias.es\/wp-content\/uploads\/sites\/17\/2013\/11\/focos.jpg 576w, https:\/\/static-blogs.lasprovincias.es\/wp-content\/uploads\/sites\/17\/2013\/11\/focos-300x201.jpg 300w\" sizes=\"(max-width: 576px) 100vw, 576px\" \/><\/a><p id=\"caption-attachment-663\" class=\"wp-caption-text\">El circo con focos que se mont\u00f3 Elena Valenciano<\/p><\/div>\n<p>Me hubiera encantado escribir un post en este blog, porque no dude que lo hubiera hecho, <strong>poniendo a parir mi arrogancia, mi prepotencia y mi vehemencia<\/strong>. Pedir perd\u00f3n por prejuzgarla por cuatro c\u00e1maras de televisi\u00f3n y un plat\u00f3 en un almac\u00e9n en el que no reparten comida a los pobres <strong>sino que\u00a0en el que\u00a0ayudan a mucha gente<\/strong> que con la cara bien alta y en silencio aguardan\u00a0en una cola <strong>su turno para alimentar a una familia hundida por esta puta\u00a0crisis<\/strong>. Personas \u00edntegras, coherentes, decentes, <strong>hartas de que los pol\u00edticos\u00a0utilicen\u00a0sus penas como escenario de un show medi\u00e1tico. <\/strong>De\u00a0cargos con n\u00f3mina p\u00fablica\u00a0que se puede\u00a0pagar la sanidad privada y que los platos de caliente\u00a0los abonan\u00a0con Visa Oro.<\/p>\n<p>Pese a usted y al resto de pol\u00edticos que <strong>se despiden del Banco de Alimentos con un &#8220;hasta luego Lucas&#8221;<\/strong> , como dice Jaume Serra,\u00a0la asociaci\u00f3n\u00a0sigue su camino. Atiende, se preocupa y acuna a miles de familias. Con <strong>decenas de voluntarios, de los de verdad se\u00f1ora Valenciano, no como usted,<\/strong>\u00a0que reciben a cambio la satisfacci\u00f3n de ayudar a los m\u00e1s necesitados. En breve, el<strong> Banco de Alimentos<\/strong>,\u00a0podr\u00e1 extender sus servicios a otras familias gracias a, entre otras cosas, los <strong>48.000 kilos de alimentos que les ha donado Carrefour o al cami\u00f3n que les ha comprado Inditex<\/strong>. Y tambi\u00e9n, se\u00f1ora <strong>Elena Valenciano<\/strong>, hay instituciones, algunas de su propio partido, que siguen donando y trabajando codo con codo con el <strong>Banco de Alimentos<\/strong>, sin necesidad de hacerse fotos ni de salir en la televisi\u00f3n.<\/p>\n<p>En Valencia, el <strong>Banco de Alimentos<\/strong> est\u00e1 en la calle Santa Cruz de Tenerife (junto a la avenida del Cid) y su tel\u00e9fono\u00a0es 963 84 05 86. En la Pobla de Vallbona tienen tambi\u00e9n dos naves. En breve van a comenzar una <strong>campa\u00f1a de mantas para los sin techo<\/strong> y una <strong>recogida de juguetes<\/strong> (en buen uso por favor) para\u00a0el D\u00eda\u00a0de Reyes. <strong>Ay\u00fadenles<\/strong>. Cuesta muy poco.<\/p>\n<p>Se\u00f1ora <strong>Elena Valenciano<\/strong> an\u00edmese a colaborar. Venga. Pero s\u00f3lo le pido un favor: <strong>las c\u00e1maras d\u00e9jeselas en casa<\/strong>.<\/p>\n<p>Un saludo.<\/p>\n<p>&nbsp;<\/p>\n<p>&nbsp;<\/p>\n<!-- AddThis Advanced Settings generic via filter on the_content --><!-- AddThis Share Buttons generic via filter on the_content -->","protected":false},"excerpt":{"rendered":"<p>Seguir a @hesteban15 El tiempo pone a cada uno en su sitio. Hace poco m\u00e1s de un a\u00f1o, la diputada socialista y vicesecretaria general del PSOE,\u00a0Elena Valenciano, protagoniz\u00f3 uno de los gestos m\u00e1s\u00a0tristes que recuerdo\u00a0de un dirigente pol\u00edtico. Elena Valenciano, de punta en blanco, visit\u00f3 las naves que tiene el Banco de Alimentos en la [&hellip;]<!-- AddThis Advanced Settings generic via filter on get_the_excerpt --><!-- AddThis Share Buttons generic via filter on get_the_excerpt --><\/p>\n","protected":false},"author":22,"featured_media":0,"comment_status":"open","ping_status":"open","sticky":false,"template":"","format":"standard","meta":[],"categories":[2],"tags":[62,114,175,233,348,513,538,610,676,683],"_links":{"self":[{"href":"https:\/\/blogs.lasprovincias.es\/elfrancotirador\/wp-json\/wp\/v2\/posts\/660"}],"collection":[{"href":"https:\/\/blogs.lasprovincias.es\/elfrancotirador\/wp-json\/wp\/v2\/posts"}],"about":[{"href":"https:\/\/blogs.lasprovincias.es\/elfrancotirador\/wp-json\/wp\/v2\/types\/post"}],"author":[{"embeddable":true,"href":"https:\/\/blogs.lasprovincias.es\/elfrancotirador\/wp-json\/wp\/v2\/users\/22"}],"replies":[{"embeddable":true,"href":"https:\/\/blogs.lasprovincias.es\/elfrancotirador\/wp-json\/wp\/v2\/comments?post=660"}],"version-history":[{"count":0,"href":"https:\/\/blogs.lasprovincias.es\/elfrancotirador\/wp-json\/wp\/v2\/posts\/660\/revisions"}],"wp:attachment":[{"href":"https:\/\/blogs.lasprovincias.es\/elfrancotirador\/wp-json\/wp\/v2\/media?parent=660"}],"wp:term":[{"taxonomy":"category","embeddable":true,"href":"https:\/\/blogs.lasprovincias.es\/elfrancotirador\/wp-json\/wp\/v2\/categories?post=660"},{"taxonomy":"post_tag","embeddable":true,"href":"https:\/\/blogs.lasprovincias.es\/elfrancotirador\/wp-json\/wp\/v2\/tags?post=660"}],"curies":[{"name":"wp","href":"https:\/\/api.w.org\/{rel}","templated":true}]}}