{"id":671,"date":"2013-12-01T16:08:00","date_gmt":"2013-12-01T16:08:00","guid":{"rendered":"http:\/\/blogs.lasprovincias.es\/elfrancotirador\/?p=671"},"modified":"2013-12-01T16:08:00","modified_gmt":"2013-12-01T16:08:00","slug":"gibraltar-espanol","status":"publish","type":"post","link":"https:\/\/blogs.lasprovincias.es\/elfrancotirador\/2013\/12\/01\/gibraltar-espanol\/","title":{"rendered":"Gibraltar espa\u00f1ol"},"content":{"rendered":"<p><a class=\"twitter-follow-button\" href=\"https:\/\/twitter.com\/hesteban15\" rel=\"external nofollow\">Seguir a @hesteban15<\/a><\/p>\n<p><strong>Gibraltar espa\u00f1ol<\/strong>. A grito pelado, que es como se reclama a los hijos de la <strong>Gran Breta\u00f1a<\/strong> la devoluci\u00f3n del pe\u00f1\u00f3n: \u00a1\u00a1\u00a1<strong>Gibraltar espa\u00f1ol<\/strong>!!!<\/p>\n<p>Los 39 a\u00f1os de mi vida no tendr\u00edan sentido sin\u00a0la\u00a0devoluci\u00f3n\u00a0del <strong>pe\u00f1\u00f3n<\/strong>. Un guadiana que aparece y desaparece seg\u00fan los intereses pol\u00edticos. Porque el pedrusco, si ha servido para algo, es para vestir y desvestir todo tipo de pol\u00e9micas. Aqu\u00ed el verdadero problema vendr\u00e1 el d\u00eda en el\u00a0que<strong> los brit\u00e1nicos nos\u00a0lo devuelvan de verdad<\/strong>. \u00a1Ojal\u00e1 yo no lo vea! Porque me crear\u00e1 una crisis de identidad. Nos quedaremos hu\u00e9rfanos de reivindicaci\u00f3n y nos dar\u00e1, quiz\u00e1, por tomar Andorra.<\/p>\n<blockquote class=\"twitter-tweet\" lang=\"es\"><p><a href=\"https:\/\/twitter.com\/ramiret76\" rel=\"external nofollow\">@ramiret76<\/a> <a href=\"https:\/\/twitter.com\/popularescorts\" rel=\"external nofollow\">@popularescorts<\/a> gracias por RT. A ver si continu\u00e1is. GIBRALTAR ESPA\u00d1OL.<\/p>\n<p>\u2014 Mayte Parra Almi\u00f1ana (@mayteparrapp) <a href=\"https:\/\/twitter.com\/mayteparrapp\/statuses\/406772360944295936\" rel=\"external nofollow\">noviembre 30, 2013<\/a><\/p><\/blockquote>\n<p>&nbsp;<\/p>\n<p>Tan patrio es el sentimiento por el <strong>Gribaltar espa\u00f1ol<\/strong> que con la que est\u00e1 cayendo, alg\u00fan diputado valenciano mantiene viva la llama de la <strong>devoluci\u00f3n del pe\u00f1\u00f3n<\/strong>. En may\u00fasculas. As\u00ed lo hace la popular <strong>Mayte Parra<\/strong>, la \u00fanica\u00a0parlamentaria que, haciendo honor a su apellido, se trastabill\u00f3 con tres botones <strong>en Les Corts<\/strong>\u00a0y vot\u00f3 nulo al <strong>cierre y liquidaci\u00f3n de Canal 9<\/strong>. Parra, abogada, licenciada en Ciencias Pol\u00edticas y <strong>exalcaldesa de Ibi<\/strong> (pueblo desde donde el Gobierno valenciano vio en directo el apag\u00f3n de RTVV), entra al trapo en cualquier pol\u00e9mica\u00a0que le sirvan en\u00a0las redes sociales. La \u00faltima,\u00a0al grito de <strong>Gibraltar espa\u00f1ol<\/strong>.<\/p>\n<p>Parra, a la que siempre he defendido\u00a0del maltrato de acusarla de <strong>tener dinero en Suiza<\/strong> cuando por ahora, y si alguien me corrige con datos rectificar\u00e9, no est\u00e1 imputada por nada, <strong>ha escenificado en la tribuna la baja graduaci\u00f3n que invade Les Corts<\/strong>. Su intervenci\u00f3n en el debate de pol\u00edtica general, que fue la que cerr\u00f3 el pleno, fue hilarante en toda su expresi\u00f3n. Tanto, que al final logr\u00f3 el aplauso un\u00e1nime de PP y oposici\u00f3n:<\/p>\n<p><iframe loading=\"lazy\" src=\"\/\/www.youtube.com\/embed\/HrKdrWXblao\" frameborder=\"0\" width=\"420\" height=\"315\"><\/iframe><\/p>\n<p>Mientras pide la devoluci\u00f3n del <strong>pe\u00f1\u00f3n<\/strong>, en su Comunitat se apaga una televisi\u00f3n. El Consell saca cuentas de la factura a pagar por lo mal gestionado y ejecutado. Y la oposici\u00f3n, \u00a1ay esa oposici\u00f3n!, que como una remora chup\u00f3ptera <strong>ejerce de pla\u00f1idera de aquellos a los que no hace mucho quer\u00eda ver en la cola del paro<\/strong> por enchufados y manipuladores. Se\u00f1ores, as\u00ed es la pol\u00edtica.<\/p>\n<p>Si un diputado o diputada valenciano, en estos momentos de oscuridad, tiene como objetivo en la vida el <strong>Gibraltar espa\u00f1ol<\/strong>, yo me exilio. Que termine esta legislatura desnortada. Estos cuatro a\u00f1os perdidos entre unos y otros. Donde el Consell propone y la oposici\u00f3n no dialoga. Donde la izquierda ofrece y el Gobierno ensordece. Que hagan un ERE en Les Corts. Pero rapidito. Que esto es insufrible.<\/p>\n<p>Qu\u00e9 gran actriz se perdi\u00f3 Summers para el remake de <strong>Todo el Mundo es Mejor<\/strong>. Aquella pel\u00edcula que elev\u00f3 el orgullo patrio y desafi\u00f3 a los brit\u00e1nicos en la verja al grito de <strong>Gibraltar espa\u00f1ol<\/strong>. Me imagino a Mayte Parra en ese reclutamiento voluntario al grito de <strong>Gibraltar espa\u00f1ol<\/strong>. Venga, ech\u00e9monos unas risas con este v\u00eddeo:<\/p>\n<p><iframe loading=\"lazy\" src=\"\/\/www.youtube.com\/embed\/m3zd28Iz_-E\" frameborder=\"0\" width=\"420\" height=\"315\"><\/iframe><\/p>\n<!-- AddThis Advanced Settings generic via filter on the_content --><!-- AddThis Share Buttons generic via filter on the_content -->","protected":false},"excerpt":{"rendered":"<p>Seguir a @hesteban15 Gibraltar espa\u00f1ol. A grito pelado, que es como se reclama a los hijos de la Gran Breta\u00f1a la devoluci\u00f3n del pe\u00f1\u00f3n: \u00a1\u00a1\u00a1Gibraltar espa\u00f1ol!!! Los 39 a\u00f1os de mi vida no tendr\u00edan sentido sin\u00a0la\u00a0devoluci\u00f3n\u00a0del pe\u00f1\u00f3n. Un guadiana que aparece y desaparece seg\u00fan los intereses pol\u00edticos. Porque el pedrusco, si ha servido para algo, [&hellip;]<!-- AddThis Advanced Settings generic via filter on get_the_excerpt --><!-- AddThis Share Buttons generic via filter on get_the_excerpt --><\/p>\n","protected":false},"author":22,"featured_media":0,"comment_status":"open","ping_status":"open","sticky":false,"template":"","format":"standard","meta":[],"categories":[2],"tags":[157,249,301,302,307,493],"_links":{"self":[{"href":"https:\/\/blogs.lasprovincias.es\/elfrancotirador\/wp-json\/wp\/v2\/posts\/671"}],"collection":[{"href":"https:\/\/blogs.lasprovincias.es\/elfrancotirador\/wp-json\/wp\/v2\/posts"}],"about":[{"href":"https:\/\/blogs.lasprovincias.es\/elfrancotirador\/wp-json\/wp\/v2\/types\/post"}],"author":[{"embeddable":true,"href":"https:\/\/blogs.lasprovincias.es\/elfrancotirador\/wp-json\/wp\/v2\/users\/22"}],"replies":[{"embeddable":true,"href":"https:\/\/blogs.lasprovincias.es\/elfrancotirador\/wp-json\/wp\/v2\/comments?post=671"}],"version-history":[{"count":0,"href":"https:\/\/blogs.lasprovincias.es\/elfrancotirador\/wp-json\/wp\/v2\/posts\/671\/revisions"}],"wp:attachment":[{"href":"https:\/\/blogs.lasprovincias.es\/elfrancotirador\/wp-json\/wp\/v2\/media?parent=671"}],"wp:term":[{"taxonomy":"category","embeddable":true,"href":"https:\/\/blogs.lasprovincias.es\/elfrancotirador\/wp-json\/wp\/v2\/categories?post=671"},{"taxonomy":"post_tag","embeddable":true,"href":"https:\/\/blogs.lasprovincias.es\/elfrancotirador\/wp-json\/wp\/v2\/tags?post=671"}],"curies":[{"name":"wp","href":"https:\/\/api.w.org\/{rel}","templated":true}]}}