{"id":677,"date":"2013-12-08T17:20:38","date_gmt":"2013-12-08T17:20:38","guid":{"rendered":"http:\/\/blogs.lasprovincias.es\/elfrancotirador\/?p=677"},"modified":"2013-12-08T17:20:38","modified_gmt":"2013-12-08T17:20:38","slug":"juego-sucio-antes-de-las-primarias-del-pspv","status":"publish","type":"post","link":"https:\/\/blogs.lasprovincias.es\/elfrancotirador\/2013\/12\/08\/juego-sucio-antes-de-las-primarias-del-pspv\/","title":{"rendered":"Juego sucio antes de las primarias del PSPV"},"content":{"rendered":"<p><a class=\"twitter-follow-button\" href=\"https:\/\/twitter.com\/hesteban15\" rel=\"external nofollow\"> Seguir a @hesteban15<\/a><br \/>\nEn el tablero de las <strong>primarias del PSPV<\/strong> hay trampa. Las cartas est\u00e1n marcadas antes de empezar la partida. El l\u00edder de los socialistas valencianos, <strong>Ximo Puig<\/strong>, fue nombrado diputado de Les Corts en 1983. Treinta a\u00f1os mamando de la teta p\u00fablica. Con la experiencia de que la mejor tortura para el adversario es la invisibilidad. Por eso, el aparato de <strong>Blanquer\u00edas<\/strong> est\u00e1 a su servicio. Trabaja para \u00e9l. Con pit bulls como <a href=\"https:\/\/blogs.lasprovincias.es\/elfrancotirador\/2013\/06\/18\/multan-a-un-diputado-del-pspv-por-tener-el-carne-caducado-y-por-exceso-de-velocidad\/\">Jos\u00e9 Manuel Orengo<\/a>\u00a0y Alfred Boix, dos comisarios pol\u00edticos con un nexo com\u00fan: vivir de la pol\u00edtica a imagen y semejanza del amo.<\/p>\n<div id=\"attachment_682\" style=\"width: 386px\" class=\"wp-caption aligncenter\"><a href=\"https:\/\/blogs.lasprovincias.es\/elfrancotirador\/2013\/12\/08\/juego-sucio-antes-de-las-primarias-del-pspv\/ximo-puig\/\" rel=\"attachment wp-att-682\"><img aria-describedby=\"caption-attachment-682\" loading=\"lazy\" class=\"size-full wp-image-682\" title=\"Ximo Puig\" src=\"\/elfrancotirador\/wp-content\/uploads\/sites\/17\/2013\/12\/Ximo-Puig.png\" alt=\"Ximo Puig en Madrid\" width=\"376\" height=\"134\" srcset=\"https:\/\/static-blogs.lasprovincias.es\/wp-content\/uploads\/sites\/17\/2013\/12\/Ximo-Puig.png 376w, https:\/\/static-blogs.lasprovincias.es\/wp-content\/uploads\/sites\/17\/2013\/12\/Ximo-Puig-300x107.png 300w\" sizes=\"(max-width: 376px) 100vw, 376px\" \/><\/a><p id=\"caption-attachment-682\" class=\"wp-caption-text\">Rubalcaba present\u00f3 a Puig en Madrid<\/p><\/div>\n<p><strong>Las libertades en el PSPV son mentira<\/strong>. La igualdad de oportunidades, una falacia. La democracia interna, la mayor de las estafas. <a href=\"http:\/\/www.lasprovincias.es\/v\/20131205\/politica\/puig-ahuyenta-fantasma-tripartito-20131205.html\" rel=\"external nofollow\">Puig se present\u00f3 en Madrid esta semana pasada como la alternativa al Gobierno del PP<\/a>. El actual diputado nacional engatus\u00f3 a un auditorio convencido <strong>con un modelo pactista<\/strong> y alejado <strong>del diab\u00f3lico tripartito<\/strong>. Una hoja de ruta insostenible. Puig, que puede ser presidente de la Generalitat con los peores resultados de la historia para el <strong>PSPV<\/strong>, s\u00f3lo puede gobernar con <strong><a href=\"https:\/\/blogs.lasprovincias.es\/elfrancotirador\/2013\/09\/09\/las-primarias-de-compromis-son-una-estafa\/\">Comprom\u00eds<\/a><\/strong> y <strong>Esquerra Unida<\/strong>. No tiene otra posibilidad.<\/p>\n<p>Los <strong>Pactos de la Generalitat<\/strong> <strong>de Puig<\/strong> son humo. Nadie puede garantizar una estabilidad cuando <strong>practica el juego sucio en su propio partido<\/strong>. El aparato de Blanquer\u00edas exprime, ahoga, invisibiliza. La pretemporada de las primarias est\u00e1 manchada.<\/p>\n<p>Hace unos d\u00edas, <a href=\"http:\/\/www.lasprovincias.es\/v\/20131204\/comunitat\/razon-faura-cesion-carreteras-20131204.html\" rel=\"external nofollow\">el Tribunal Superior de Justicia de la Comunitat dio la raz\u00f3n al Ayuntamiento de Faura<\/a> y suspendi\u00f3 la cesi\u00f3n de las carreteras de la Generalitat a los ayuntamientos. Una victoria de un Consistorio socialista, de un alcalde socialista, del Partido Socialista.<\/p>\n<p>Desde Blanquer\u00edas, el aparato <a href=\"http:\/\/www.psoe.es\/castelloprovincial\/news\/710491\/page\/gisbert-afirma-que-lacte-del-tsj-que-anulla-intencio-del-consell-cedir-titularitat-car.html\" rel=\"external nofollow\">remiti\u00f3 una nota de prensa para celebrar el auto del TSJ<\/a>. El secretario de Peque\u00f1os Municipios y Comarcas del <strong>PSPV<\/strong>, Josep Gisbert, destac\u00f3 al dictado de Blanquer\u00edas la haza\u00f1a, arremeti\u00f3 contra el Consell y omiti\u00f3 el nombre del Ayuntamiento y del alcalde que\u00a0hizo hincar la rodilla al PP por la\u00a0v\u00eda judicial. \u00bfPor qu\u00e9 se ocult\u00f3 el pueblo y el nombre del alcalde? \u00bfTanto miedo da?<\/p>\n<p>Ese alcalde no es otro que <strong>Toni Gaspar<\/strong>. Un tipo que cursaba la EGB cuando Puig ya gozaba de n\u00f3mina p\u00fablica y que ha cometido la\u00a0osad\u00eda de querer ser candidato del\u00a0PSPV a la Generalitat. <a href=\"http:\/\/www.google.es\/url?sa=t&#038;rct=j&#038;q=&#038;esrc=s&#038;frm=1&#038;source=web&#038;cd=3&#038;ved=0CEEQFjAC&#038;url=http%3A%2F%2Fwww.lasprovincias.es%2Fv%2F20131124%2Fpolitica%2Fgaspar-anuncia-disputara-ximo-20131124.html&#038;ei=gqCkUu3kH6_b7AaB2IHAAQ&#038;usg=AFQjCNFUcWtoh8XvGIJYmZM51UgZuDdrCw&#038;bvm=bv.57752919,d.bGQ\" rel=\"external nofollow\">Anunci\u00f3 que se presentar\u00e1\u00a0a las primarias.<\/a>\u00a0<strong>Su insolencia ha sido pagada con la invisibilidad<\/strong>, con el ninguneo, con el silencio en una nota de prensa. <strong>A Gaspar ya lo guillotinaron\u00a0en\u00a0la Diputaci\u00f3n<\/strong>\u00a0a las primeras de cambio despu\u00e9s de que Puig ganar\u00e1 el congreso de Alicante a cambio de cargos y sueldos p\u00fablicos. Le sustituy\u00f3 Orengo, que es\u00a0de la\u00a0familia.\u00a0La rebeld\u00eda del aspirante socialista se\u00a0medir\u00e1 con sangre. <a href=\"http:\/\/www.francescromeu.es\/\" rel=\"external nofollow\">Francesc Romeu<\/a> tambi\u00e9n quiere concursar pero con este no hay problema. Con unas papas y un refresco se arregla.<\/p>\n<p>La an\u00e9cdota de Gaspar no es la \u00fanica. El pasado 29 de noviembre, <strong>d\u00eda del fundido a negro de Canal 9<\/strong>, en la autopsia final de aquella mesa del plat\u00f3 de informativos (una imagen que demostr\u00f3 que <strong>RTVV naci\u00f3, vivi\u00f3 y muri\u00f3 al servicio de los pol\u00edticos<\/strong>) dos <em>enfants terribles<\/em> como <strong>Juan Soto y <a href=\"http:\/\/www.lasprovincias.es\/v\/20110122\/opinion\/josep-moreno-20110122.html\" rel=\"external nofollow\">Josep Moreno<\/a><\/strong> se colaron en la pantalla. Dos &#8216;anarquistas autodidactas&#8217; a los que no domina Blanquer\u00edas. A Soto lo han <strong>expedientado con 300 euros<\/strong> por votar en Les Corts a favor de la Rep\u00fablica. A Moreno le pegaron una patada en el culo para subirlo a la cuarta fila del hemiciclo\u00a0con el fin de anestesiarlo. El problema es que la muerte de Canal 9 ha resucitado a un diputado que ha dejado en evidencia\u00a0a primeros espadas con un verbo afilado y con\u00a0una capacidad de reacci\u00f3n\u00a0(<a href=\"http:\/\/www.lasprovincias.es\/v\/20131201\/politica\/oposicion-toma-cabecera-20131201.html\" rel=\"external nofollow\">m\u00edtica su sudadera de Paco Telefunken<\/a>) que no est\u00e1 al alcance de gazn\u00e1piros.<\/p>\n<p>&nbsp;<\/p>\n<div id=\"attachment_681\" style=\"width: 625px\" class=\"wp-caption aligncenter\"><a href=\"https:\/\/blogs.lasprovincias.es\/elfrancotirador\/2013\/12\/08\/juego-sucio-antes-de-las-primarias-del-pspv\/paco-telefunken-4\/\" rel=\"attachment wp-att-681\"><img aria-describedby=\"caption-attachment-681\" loading=\"lazy\" class=\"size-full wp-image-681\" title=\"paco telefunken\" src=\"\/elfrancotirador\/wp-content\/uploads\/sites\/17\/2013\/12\/paco-telefunken3.jpg\" alt=\"Manifestaci\u00f3n RTVV\" width=\"615\" height=\"461\" srcset=\"https:\/\/static-blogs.lasprovincias.es\/wp-content\/uploads\/sites\/17\/2013\/12\/paco-telefunken3.jpg 615w, https:\/\/static-blogs.lasprovincias.es\/wp-content\/uploads\/sites\/17\/2013\/12\/paco-telefunken3-300x225.jpg 300w\" sizes=\"(max-width: 615px) 100vw, 615px\" \/><\/a><p id=\"caption-attachment-681\" class=\"wp-caption-text\">Josep &#39;Telefunken&#39; Moreno tras Ximo Puig y Soraya Rodr\u00edguez<\/p><\/div>\n<p>Por eso, el aparato de Blanquer\u00edas coloc\u00f3 como contrapeso en aquella mesa\u00a0de cinco periodistas y siete pol\u00edticos a un tal <strong>Miguel Soler<\/strong>, <a href=\"https:\/\/blogs.lasprovincias.es\/elfrancotirador\/2013\/07\/07\/asesores-enchufados-que-cobran-sin-ir-a-trabajar\/\">un se\u00f1or capaz de cobrar durante un a\u00f1o una n\u00f3mina p\u00fablica de Les Corts Valencianes sin ir ni un solo d\u00eda a trabajar<\/a>. La funci\u00f3n de <strong>Soler era la de controlar al d\u00fao Moreno-Soto<\/strong> m\u00e1s all\u00e1s de llorar el <strong>cierre de RTVV<\/strong>.\u00a0Vigilar y dar parte al aparato. El notario necesario.<\/p>\n<p>Es complicado creer en la libertad de un partido que <strong>mantiene amenazado a muchos militantes d\u00edscolos bajo la espada de la expulsi\u00f3n<\/strong>. En una formaci\u00f3n que impone doctrina de agrupaci\u00f3n en agrupaci\u00f3n. En un PSPV que <strong>se desangra por la femoral de la afiliaci\u00f3n<\/strong>. Blanquer\u00edas practica el juego sucio.<\/p>\n<p>&nbsp;<\/p>\n<p>&nbsp;<\/p>\n<p>&nbsp;<\/p>\n<!-- AddThis Advanced Settings generic via filter on the_content --><!-- AddThis Share Buttons generic via filter on the_content -->","protected":false},"excerpt":{"rendered":"<p>Seguir a @hesteban15 En el tablero de las primarias del PSPV hay trampa. Las cartas est\u00e1n marcadas antes de empezar la partida. El l\u00edder de los socialistas valencianos, Ximo Puig, fue nombrado diputado de Les Corts en 1983. Treinta a\u00f1os mamando de la teta p\u00fablica. Con la experiencia de que la mejor tortura para el [&hellip;]<!-- AddThis Advanced Settings generic via filter on get_the_excerpt --><!-- AddThis Share Buttons generic via filter on get_the_excerpt --><\/p>\n","protected":false},"author":22,"featured_media":0,"comment_status":"open","ping_status":"open","sticky":false,"template":"","format":"standard","meta":[],"categories":[2],"tags":[109,152,253,361,532,539,540,639,690],"_links":{"self":[{"href":"https:\/\/blogs.lasprovincias.es\/elfrancotirador\/wp-json\/wp\/v2\/posts\/677"}],"collection":[{"href":"https:\/\/blogs.lasprovincias.es\/elfrancotirador\/wp-json\/wp\/v2\/posts"}],"about":[{"href":"https:\/\/blogs.lasprovincias.es\/elfrancotirador\/wp-json\/wp\/v2\/types\/post"}],"author":[{"embeddable":true,"href":"https:\/\/blogs.lasprovincias.es\/elfrancotirador\/wp-json\/wp\/v2\/users\/22"}],"replies":[{"embeddable":true,"href":"https:\/\/blogs.lasprovincias.es\/elfrancotirador\/wp-json\/wp\/v2\/comments?post=677"}],"version-history":[{"count":0,"href":"https:\/\/blogs.lasprovincias.es\/elfrancotirador\/wp-json\/wp\/v2\/posts\/677\/revisions"}],"wp:attachment":[{"href":"https:\/\/blogs.lasprovincias.es\/elfrancotirador\/wp-json\/wp\/v2\/media?parent=677"}],"wp:term":[{"taxonomy":"category","embeddable":true,"href":"https:\/\/blogs.lasprovincias.es\/elfrancotirador\/wp-json\/wp\/v2\/categories?post=677"},{"taxonomy":"post_tag","embeddable":true,"href":"https:\/\/blogs.lasprovincias.es\/elfrancotirador\/wp-json\/wp\/v2\/tags?post=677"}],"curies":[{"name":"wp","href":"https:\/\/api.w.org\/{rel}","templated":true}]}}