{"id":686,"date":"2013-12-15T17:21:41","date_gmt":"2013-12-15T17:21:41","guid":{"rendered":"http:\/\/blogs.lasprovincias.es\/elfrancotirador\/?p=686"},"modified":"2013-12-15T17:21:41","modified_gmt":"2013-12-15T17:21:41","slug":"manual-de-votacion-para-diputados-torpes","status":"publish","type":"post","link":"https:\/\/blogs.lasprovincias.es\/elfrancotirador\/2013\/12\/15\/manual-de-votacion-para-diputados-torpes\/","title":{"rendered":"Manual de votaci\u00f3n para diputados torpes"},"content":{"rendered":"<p><a class=\"twitter-follow-button\" href=\"https:\/\/twitter.com\/hesteban15\" rel=\"external nofollow\"> Seguir a @hesteban15<\/a><\/p>\n<p>Lea, lea, que se va a\u00a0divertir. Esta semana empieza el <strong>pleno de presupuestos <\/strong>en Les Corts. \u00bfUna fiesta? Que va, que va. Un\u00a0tost\u00f3n se\u00f1ores, en may\u00fasculas: TOST\u00d3N. \u00bfPero sabe una cosa? Hay detalles de chirigota. De esos que si usted, ciudadano de a pie, viera en vivo y en\u00a0directo le dar\u00eda por exiliarse a Tegucigalpa (\u00a1Viva Honduras!, se\u00f1or Trillo). Esta semana <strong>los diputados de Les Corts trabajan<\/strong> (s\u00ed, no se r\u00eda, jeje, que le veo). Curran\u00a0casi m\u00e1s que en todo el resto del a\u00f1o. Bueno vale, dej\u00e9moslo en que algunos\u00a0van a trabajar (<a href=\"https:\/\/blogs.lasprovincias.es\/elfrancotirador\/2013\/07\/07\/asesores-enchufados-que-cobran-sin-ir-a-trabajar\/\">y no como este asesor<\/a>).\u00a0\u00a0Se debatir\u00e1n <strong>miles de enmiendas<\/strong>. En concreto 2.273. S\u00f3lo 34 del PP, y\u00a0de la oposici\u00f3n, m\u00e1s de 2.200. Al final\u00a0se aprobar\u00e1 una o ninguna, como en el chiste.<\/p>\n<p>\u00bfSabe qu\u00e9 pleno es este? S\u00ed hombre,\u00a0ese en el que usted est\u00e1 en el sill\u00f3n de casa viendo la tele y sale un tipo hablando en la tribuna, enfocan al hemiciclo y <strong>hay menos gente que en el campo del Getafe<\/strong>.\u00a0\u00a1Ese, ese!\u00a0Y usted se pregunta, \u00bfpero d\u00f3nde co&#8230;\u00a0est\u00e1n los <strong>diputados<\/strong>? Todos nos lo hemos preguntado alguna vez en la vida, \u00bfverdad? \u00bfY\u00a0qu\u00e9 hacen\u00a0estos t\u00edos? \u00bfSe han dormido? \u00bfSobremesa de caf\u00e9, copa y puro? \u00bfLa gripe? \u00bfUn caso para <a href=\"http:\/\/www.ikerjimenez.com\/\" rel=\"external nofollow\">Iker Jim\u00e9nez<\/a> y el <strong>diputado ausente<\/strong>? No se preocupe.\u00a0Que no estaban muertos, que estaban de parranda.<\/p>\n<p>Lo mejor llega con las votaciones.\u00a0La pera.\u00a0Berlanguiano oiga, berlanguiano. Eso es el \u00faltimo d\u00eda. Ah\u00ed s\u00ed que est\u00e1n todos. Bueno casi todos. Votar en Les Corts es como una clase de guarder\u00eda. Ni el\u00a0<strong>ministro Wert<\/strong> lo har\u00eda\u00a0mejor.\u00a0Unos fieras, se\u00f1ores, unos fieras. Un d\u00eda <strong>me pongo a repartir gallifantes<\/strong>.<\/p>\n<p>P\u00f3ngase en situaci\u00f3n de votar. Acom\u00f3dese. Venga va. Disfrute. Le presento a continuaci\u00f3n el aparatito que utilizan y los pasos a seguir.<\/p>\n<p>&nbsp;<\/p>\n<p><a href=\"https:\/\/blogs.lasprovincias.es\/elfrancotirador\/2013\/12\/15\/manual-de-votacion-para-diputados-torpes\/aparato-para-votar-4\/\" rel=\"attachment wp-att-691\"><img loading=\"lazy\" class=\"aligncenter size-full wp-image-691\" title=\"Aparato para votar\" src=\"\/elfrancotirador\/wp-content\/uploads\/sites\/17\/2013\/12\/Aparato-para-votar3.jpg\" alt=\"aparato de votar\" width=\"580\" height=\"332\" srcset=\"https:\/\/static-blogs.lasprovincias.es\/wp-content\/uploads\/sites\/17\/2013\/12\/Aparato-para-votar3.jpg 580w, https:\/\/static-blogs.lasprovincias.es\/wp-content\/uploads\/sites\/17\/2013\/12\/Aparato-para-votar3-300x172.jpg 300w\" sizes=\"(max-width: 580px) 100vw, 580px\" \/><\/a><\/p>\n<ul>\n<li><span style=\"text-decoration: underline;\"><strong>Primer paso<\/strong><\/span>: en las dependencias parlamentarias (cafeter\u00eda incluida, <a href=\"https:\/\/blogs.lasprovincias.es\/elfrancotirador\/2013\/02\/05\/el-restaurante-de-lujo-de-los-diputados\/\">donde se guardan 72 vasos de g\u00fcisqui<\/a>) suena una se\u00f1al de alarma: pon, pon, pon&#8230;\u00a0Minutos antes de iniciarse la votaci\u00f3n <strong>avisa a los diputados<\/strong>\u00a0ausentes de que hay que ir a votar.\u00a0Hay quien se\u00a0tiene que dejar el bocadillo de at\u00fan con olivas a mitad en la barra del bar. Y a correr para llegar al esca\u00f1o con la boca llena.<\/li>\n<li><span style=\"text-decoration: underline;\"><strong>Segundo paso:<\/strong><\/span> mientras suena la alarma, dentro de la C\u00e1mara hay uno que se encarga de contar\u00a0los diputados que hay. <strong>Los m\u00e1s preocupados son los del PP<\/strong>, que pueden perder la votaci\u00f3n pese a su mayor\u00eda absoluta. \u00a1Menudo bochorno! Si hay muchos huecos, la diputada del PP Marisol Linares, <a href=\"https:\/\/blogs.lasprovincias.es\/elfrancotirador\/2012\/10\/05\/la-diputada-que-nos-echo-del-ascensor\/\">que una vez me tir\u00f3 de malas maneras de un ascensor<\/a>, sale a los pasillos a echar la bronca: &#8220;A veeerrr fulanito, a votaarr&#8230;&#8221; Y as\u00ed va dando tirones de orejas a troche y moche a los parlamentarios que hacen novillos o <a href=\"https:\/\/blogs.lasprovincias.es\/elfrancotirador\/2013\/03\/20\/cigarritos-ilegales-en-les-corts\/\">fuman<\/a> en el patio.<\/li>\n<li><strong><span style=\"text-decoration: underline;\">Tercer paso:<\/span><\/strong> cuando ya est\u00e1n todos colocados, el presidente de la C\u00e1mara dice: &#8220;<strong>Comienza la votaci\u00f3n<\/strong>&#8220;. En el marcador se inicia una <strong>cuenta atr\u00e1s de diez segundos<\/strong> como si fuera a despegar el Columbia. Es el tiempo que tienen sus se\u00f1or\u00edas para apretar el bot\u00f3n y fijar su voto.<\/li>\n<li><strong><span style=\"text-decoration: underline;\">Cuarto paso:<\/span><\/strong> De repente, en la bancada <strong>del PP y del PSPV<\/strong> se levantan un par de manos durante toda la cuenta atr\u00e1s. Una en la primera fila y la otra en la \u00faltima. Hay diputados con aspiraciones de guardia urbano que con sus dedos marcan el voto. Porque sus compa\u00f1eros, tan despistados ellos, <strong>no tienen en ocasiones ni pu\u00f1etera idea de lo que hay que votar<\/strong>. Las se\u00f1or\u00edas de los dedos los mueven con gracia y salero. Incluso se oye &#8220;s\u00ediii&#8221; o &#8220;nooooo&#8221; para que de viva voz la gente se entere del botoncito que hay que apretar. Lo que yo le digo, de chirigota.\u00a0Un dedo (modelo frigodedo, en ning\u00fan caso peineta) significa voto\u00a0<strong>a favor<\/strong>; dos dedos (siempre en\u00a0V de victoria), <strong>en contra<\/strong>; tres dedos (como si pidieras tres cervezas), <strong>abstenci\u00f3n<\/strong>.<\/li>\n<\/ul>\n<p>Le dejo aqu\u00ed una infograf\u00eda para que\u00a0lo analice con detalle.<\/p>\n<p><a href=\"https:\/\/blogs.lasprovincias.es\/elfrancotirador\/2013\/12\/15\/manual-de-votacion-para-diputados-torpes\/diputados\/\" rel=\"attachment wp-att-687\"><img loading=\"lazy\" class=\"aligncenter size-large wp-image-687\" title=\"diputados\" src=\"\/elfrancotirador\/wp-content\/uploads\/sites\/17\/2013\/12\/diputados.jpg\" alt=\"C\u00f3mo votan los diputados\" width=\"321\" height=\"600\" srcset=\"https:\/\/static-blogs.lasprovincias.es\/wp-content\/uploads\/sites\/17\/2013\/12\/diputados.jpg 941w, https:\/\/static-blogs.lasprovincias.es\/wp-content\/uploads\/sites\/17\/2013\/12\/diputados-161x300.jpg 161w, https:\/\/static-blogs.lasprovincias.es\/wp-content\/uploads\/sites\/17\/2013\/12\/diputados-768x1432.jpg 768w\" sizes=\"(max-width: 321px) 100vw, 321px\" \/><\/a><\/p>\n<ul>\n<li><strong><span style=\"text-decoration: underline;\">Quinto paso:<\/span><\/strong>\u00a0apretar el bot\u00f3n. <strong>En cada esca\u00f1o hay un aparatito <\/strong>(id\u00e9ntico al de la primera imagen de este post). <strong>Tres botones que son un infierno<\/strong>. Muchos sudan. El aparato lleva una ranura para meter la tarjeta\u00a0identificativa de cada\u00a0se\u00f1or\u00eda (la colocan al inicio del pleno). Luego, para votar, hay que apretar primero\u00a0un bot\u00f3n que da fe que en el esca\u00f1o hay alguien (como que uno est\u00e1 vivo, vamos) y de inmediato\u00a0<strong>el bot\u00f3n correspondiente al voto que marcan los deditos<\/strong> (mire la imagen de aqu\u00ed arriba).<\/li>\n<li><span style=\"text-decoration: underline;\"><strong>Sexto paso:<\/strong><\/span> cuando terminan los diez segundos, el marcador electr\u00f3nico del hemiciclo se ilumina y <strong>chiva lo que han votado sus se\u00f1or\u00edas<\/strong>. Si <strong>es verde<\/strong>, a favor; <strong>rojo<\/strong>, en contra; <strong>naranja<\/strong>, asbtenci\u00f3n y <strong>si parpadea<\/strong>, nulo (este \u00faltimo quiere decir que <strong>el diputado ha sido incapaz en diez segundos de apretar dos botones<\/strong> bien&#8230; y le aseguro que pasa m\u00e1s de lo que cree).<\/li>\n<\/ul>\n<p>Una vez terminada la cuenta atr\u00e1s y apretados los botones, todo sale en el marcador. Como en esta imagen.<\/p>\n<p><a href=\"\/elfrancotirador\/wp-content\/uploads\/sites\/17\/2013\/12\/custodia.jpg\"><img loading=\"lazy\" class=\"aligncenter size-full wp-image-692\" title=\"LES CORTS APRUEBA LA LEY DE CUSTODIA COMPARTIDA\" src=\"\/elfrancotirador\/wp-content\/uploads\/sites\/17\/2013\/12\/custodia.jpg\" alt=\"\" width=\"647\" height=\"231\" \/><\/a><\/p>\n<p>Ha visto que f\u00e1cil. De parvulario oiga, de parvulario. Pues a\u00fan as\u00ed, con un <strong>protocolo infantil,<\/strong> hay quien \u00a1\u00a1\u00a1SE EQUIVOCA!!!. No se pellizque, no&#8230; Se lo repito: SE EQUIVOCA. Esta semana veremos <strong>diputados que votan en contra de su grupo<\/strong> (perd\u00f3n, <a href=\"http:\/\/www.lasprovincias.es\/v\/20130118\/politica\/diputado-exige-cierre-academia-20130118.html\" rel=\"external nofollow\">Rafael Ferraro lo hace a conciencia contra la Acad\u00e8mia de la Llengua<\/a>), otros que <strong>reconocen en p\u00fablico que no les funciona el aparato<\/strong> (m\u00edtica frase del socialista Rafael Rubio con chanzas incluidas de compa\u00f1eros y periodistas)\u00a0y algunos que ponen cara de bacalao <strong>porque su esca\u00f1o marca nulo en el marcador<\/strong>. Y cuando esto pasa <strong>sus se\u00f1or\u00edas se descojonan<\/strong>. Ale, venga la risa y\u00a0le hacen gracietas al que se ha equivocado, chuflas y dem\u00e1s\u00a0chanzas espont\u00e1neas. Torpe, cenutrio, gazn\u00e1piro&#8230; jejeje.<\/p>\n<p>Incluso se ha dado el caso de que alguna diputada como <strong>Vicenta Crespo<\/strong>, que hace unas magdalenas para morirse y que es como la madre que todos querr\u00edamos tener, un d\u00eda, con esa candidez que le caracteriza, <a href=\"http:\/\/www.lasprovincias.es\/valencia\/20071117\/politica\/diputada-pspv-vota-ella-20071117.html\" rel=\"external nofollow\">vot\u00f3 por ella y por su compa\u00f1ero Manuel Bueno<\/a>, que sali\u00f3 al pasillo a hablar por tel\u00e9fono\u00a0y no le dio tiempo a entrar al pleno. A eso se le llama suplantar la identidad. \u00a0\u00bf<strong>Se imaginan a Soraya apret\u00e1ndole el bot\u00f3n a Rajoy<\/strong>? Jeje, menudo l\u00edo.<\/p>\n<p>Pero como una imagen vale m\u00e1s que mil palabras, rescato la fotograf\u00eda del post &#8220;<a href=\"https:\/\/blogs.lasprovincias.es\/elfrancotirador\/2012\/03\/11\/diputado-durmiente\/\">El diputado durmiente<\/a>&#8220;, en el que se ve a David Serra levantando el dedo (modelo frigodedo) para pedir el voto a favor y detr\u00e1s, su compa\u00f1ero Luis D\u00edaz Alperi en los brazos de Morfeo.<\/p>\n<p><a href=\"\/elfrancotirador\/wp-content\/uploads\/sites\/17\/2013\/12\/alperi3.png\"><img loading=\"lazy\" class=\"aligncenter size-full wp-image-693\" title=\"alperi3\" src=\"\/elfrancotirador\/wp-content\/uploads\/sites\/17\/2013\/12\/alperi3.png\" alt=\"\" width=\"207\" height=\"300\" \/><\/a><\/p>\n<p>Pues bueno, a esto nos vamos a dedicar esta semana en <strong>Les Corts Valencianes<\/strong>. A votar miles de enmiendas y a vigilar al lince que se equivoque, que <strong>para algunos tres botones es una aut\u00e9ntico sudoku<\/strong>. A partir de finales de semana, sus se\u00f1or\u00edas se ir\u00e1n de vacaciones y\u00a0<a href=\"https:\/\/blogs.lasprovincias.es\/elfrancotirador\/2013\/01\/08\/desaparecen-99-diputados\/\">desaparecer\u00e1n hasta\u00a0febrero<\/a>. A la <em>dolce far niente<\/em>.<\/p>\n<p>&nbsp;<\/p>\n<p>&nbsp;<\/p>\n<!-- AddThis Advanced Settings generic via filter on the_content --><!-- AddThis Share Buttons generic via filter on the_content -->","protected":false},"excerpt":{"rendered":"<p>Seguir a @hesteban15 Lea, lea, que se va a\u00a0divertir. Esta semana empieza el pleno de presupuestos en Les Corts. \u00bfUna fiesta? Que va, que va. Un\u00a0tost\u00f3n se\u00f1ores, en may\u00fasculas: TOST\u00d3N. \u00bfPero sabe una cosa? Hay detalles de chirigota. De esos que si usted, ciudadano de a pie, viera en vivo y en\u00a0directo le dar\u00eda por [&hellip;]<!-- AddThis Advanced Settings generic via filter on get_the_excerpt --><!-- AddThis Share Buttons generic via filter on get_the_excerpt --><\/p>\n","protected":false},"author":22,"featured_media":0,"comment_status":"open","ping_status":"open","sticky":false,"template":"","format":"standard","meta":[],"categories":[2],"tags":[171,217,404,522,530,539,642,684,685],"_links":{"self":[{"href":"https:\/\/blogs.lasprovincias.es\/elfrancotirador\/wp-json\/wp\/v2\/posts\/686"}],"collection":[{"href":"https:\/\/blogs.lasprovincias.es\/elfrancotirador\/wp-json\/wp\/v2\/posts"}],"about":[{"href":"https:\/\/blogs.lasprovincias.es\/elfrancotirador\/wp-json\/wp\/v2\/types\/post"}],"author":[{"embeddable":true,"href":"https:\/\/blogs.lasprovincias.es\/elfrancotirador\/wp-json\/wp\/v2\/users\/22"}],"replies":[{"embeddable":true,"href":"https:\/\/blogs.lasprovincias.es\/elfrancotirador\/wp-json\/wp\/v2\/comments?post=686"}],"version-history":[{"count":0,"href":"https:\/\/blogs.lasprovincias.es\/elfrancotirador\/wp-json\/wp\/v2\/posts\/686\/revisions"}],"wp:attachment":[{"href":"https:\/\/blogs.lasprovincias.es\/elfrancotirador\/wp-json\/wp\/v2\/media?parent=686"}],"wp:term":[{"taxonomy":"category","embeddable":true,"href":"https:\/\/blogs.lasprovincias.es\/elfrancotirador\/wp-json\/wp\/v2\/categories?post=686"},{"taxonomy":"post_tag","embeddable":true,"href":"https:\/\/blogs.lasprovincias.es\/elfrancotirador\/wp-json\/wp\/v2\/tags?post=686"}],"curies":[{"name":"wp","href":"https:\/\/api.w.org\/{rel}","templated":true}]}}