{"id":694,"date":"2013-12-20T10:51:32","date_gmt":"2013-12-20T10:51:32","guid":{"rendered":"http:\/\/blogs.lasprovincias.es\/elfrancotirador\/?p=694"},"modified":"2013-12-20T10:51:32","modified_gmt":"2013-12-20T10:51:32","slug":"me-llamo-vega-estoy-luchando-me-ayudas","status":"publish","type":"post","link":"https:\/\/blogs.lasprovincias.es\/elfrancotirador\/2013\/12\/20\/me-llamo-vega-estoy-luchando-me-ayudas\/","title":{"rendered":"Me llamo Vega. Estoy luchando, \u00bfme ayudas?"},"content":{"rendered":"<p><a class=\"twitter-follow-button\" href=\"https:\/\/twitter.com\/hesteban15\" rel=\"external nofollow\"> Seguir a @hesteban15<\/a><\/p>\n<p>Hola, <strong>me llamo Vega<\/strong>. Esta semana cumplo once meses. Cuando nac\u00ed me dieron <strong>dos infartos cerebrales<\/strong>. Pero yo no me rindo. Soy una campeona. Una jabata.\u00a0<strong>Lucho con todas mis fuerzas<\/strong>. Con el apoyo de mis pap\u00e1s, L\u00e1zaro y Reme. Ellos s\u00ed que son unos leones. <strong>Necesito tu ayuda<\/strong>. S\u00f3lo un poquito de tu ayuda. Para que <strong>mi vida sea mejor d\u00eda a d\u00eda<\/strong>. Yo lucho por ello y t\u00fa me puedes ayudar. S\u00ed, s\u00ed, t\u00fa.\u00a0Soy cabezota, muy cabezota \u00bfsabes? Y esta partida la voy a ganar. No lo dudes. Te cuento <strong>mi historia<\/strong>.<\/p>\n<p><a href=\"\/elfrancotirador\/wp-content\/uploads\/sites\/17\/2013\/12\/Vega15.jpg\"><img loading=\"lazy\" class=\"aligncenter size-full wp-image-704\" title=\"Vega1\" src=\"\/elfrancotirador\/wp-content\/uploads\/sites\/17\/2013\/12\/Vega15.jpg\" alt=\"\" width=\"580\" height=\"389\" srcset=\"https:\/\/static-blogs.lasprovincias.es\/wp-content\/uploads\/sites\/17\/2013\/12\/Vega15.jpg 580w, https:\/\/static-blogs.lasprovincias.es\/wp-content\/uploads\/sites\/17\/2013\/12\/Vega15-300x201.jpg 300w\" sizes=\"(max-width: 580px) 100vw, 580px\" \/><\/a><\/p>\n<p>Nac\u00ed el 26 de enero de 2013 junto a mi hermano Leo, que es un glot\u00f3n. Un mofletudo que come mucho, jeje. Somos mellizos. A mi mam\u00e1 Reme se le adelant\u00f3 el parto.\u00a0Yo,\u00a0seis horas\u00a0despu\u00e9s de nacer <strong>convulsion\u00e9<\/strong>. Me dio un infarto cerebral. Despu\u00e9s me repiti\u00f3. Fueron momentos terribles. A mis pap\u00e1s los m\u00e9dicos <strong>les dijeron que no vivir\u00eda<\/strong>. \u00a1Qu\u00e9 ilusos! Ellos no sab\u00edan con quien estaban jugando. Chss, chsss, atiende.. <strong>soy Vega, la supercampeona<\/strong>. Yo apost\u00e9 por la otra cara: LA DE VIVIR. Y aqu\u00ed estoy, a punto de cumplir un a\u00f1ito el mes que viene.<\/p>\n<p>No os doy ninguna sorpresa si os digo que al principio mis pap\u00e1s Reme y L\u00e1zaro lo pasaron muy mal. Es normal. Pero yo con mis progresos les indiqu\u00e9 <strong>el camino a seguir<\/strong>: LUCHAR, con may\u00fasculas.<\/p>\n<p>En eso estamos. A mis padres despu\u00e9s les dijeron que me tendr\u00edan que alimentar a trav\u00e9s de un agujerito en la tripa. Con una jeringuilla\u00a0me meter\u00edan la comida. \u00a1Pero eso a m\u00ed no me gusta! \u00bfYa os he dicho que soy muy cabezota, no? Pues con la ayuda de una enfermera muy chachi<strong> aprend\u00ed a tomar biberones<\/strong>&#8230; \u00a1incluso me he atrevido con las papillas!<\/p>\n<p>Mis padres vieron<strong> mis tremendas ganas de vivir<\/strong>. Por eso cambiaron el chip. Los lamentos se transformaron en\u00a0la aventura &#8220;<strong>Una sonrisa para Vega<\/strong>&#8220;. Y en esa monta\u00f1a rusa estamos ahora. <strong>Una campa\u00f1a\u00a0de ayuda\u00a0para que d\u00eda a d\u00eda tenga una vida mejor<\/strong>.<\/p>\n<p>Dicen que la gente no es solidaria. Que en estos tiempos de crisis cada uno va a lo suyo. Pues no, mi familia y yo podemos decir bien alto que<strong> la gente se ha volcado para sacarme una sonrisa<\/strong>. Asociaciones, comercios, colegios, gente particular, conocidos, desconocidos&#8230; miles de personas que dedican parte de su tiempo\u00a0a ayudarme. Desinteresadamente pero con mucha fuerza y\u00a0gran ilusi\u00f3n.<\/p>\n<p><a href=\"\/elfrancotirador\/wp-content\/uploads\/sites\/17\/2013\/12\/Una-sonrisa-para-vega-8.jpg\"><img loading=\"lazy\" class=\"aligncenter size-full wp-image-712\" title=\"Una sonrisa para vega 8\" src=\"\/elfrancotirador\/wp-content\/uploads\/sites\/17\/2013\/12\/Una-sonrisa-para-vega-8.jpg\" alt=\"\" width=\"520\" height=\"390\" srcset=\"https:\/\/static-blogs.lasprovincias.es\/wp-content\/uploads\/sites\/17\/2013\/12\/Una-sonrisa-para-vega-8.jpg 520w, https:\/\/static-blogs.lasprovincias.es\/wp-content\/uploads\/sites\/17\/2013\/12\/Una-sonrisa-para-vega-8-300x225.jpg 300w\" sizes=\"(max-width: 520px) 100vw, 520px\" \/><\/a><\/p>\n<p>Una de las primeras ideas fue la <strong>de recoger tapones<\/strong>. Est\u00e1n recogiendo en Chiva, Guadassuar, Valencia y\u00a0much\u00edsimos pueblos de la zona para ayudarme. Almacenamos las sacas en unas naves de la familia y amigos. Luego las\u00a0llevaremos a una planta de Alzira. <strong>Cada tonelada de pl\u00e1stico equivale a 200 euros<\/strong>. No nos dan el dinero. Simplemente es como un trueque. Si yo necesito una sillita o una cama, mis pap\u00e1s presentan la factura de lo que vale y la planta me la compra. <strong>Tapones por\u00a0calidad\u00a0de vida<\/strong>. Lo mismo pasar\u00eda si necesitamos hacer una reforma en casa, tratamientos de terapia o cualquier otra necesidad.<\/p>\n<p>Se han ofrecido de<strong> otras ciudades de Espa\u00f1a para recogerme tapones<\/strong>. El problema es que no tengo sitio donde almacenarlos fuera de aqu\u00ed. \u00bfSe imaginan que en una ciudad tan grande como Madrid se recogieran tapones y me los pudieran traer? Ser\u00eda guay. Si alguien me quiere echar una mano, yo encantada \ud83d\ude09<\/p>\n<p>Adem\u00e1s, se han organizado muchos actos ben\u00e9ficos como conciertos, carreras, obras de teatro&#8230; Una <strong>recaudaci\u00f3n solidaria<\/strong> que me viene muy bien para hacer frente a <strong>mis tratamientos, que son muy costosos<\/strong> la verdad y todo ayuda siempre es bien recibida. Incluso repartimos calendarios.<\/p>\n<p><a href=\"\/elfrancotirador\/wp-content\/uploads\/sites\/17\/2013\/12\/Una-sonrisa-para-vega-11.jpg\"><img loading=\"lazy\" class=\"aligncenter size-full wp-image-709\" title=\"Una sonrisa para vega 1\" src=\"\/elfrancotirador\/wp-content\/uploads\/sites\/17\/2013\/12\/Una-sonrisa-para-vega-11.jpg\" alt=\"\" width=\"520\" height=\"390\" srcset=\"https:\/\/static-blogs.lasprovincias.es\/wp-content\/uploads\/sites\/17\/2013\/12\/Una-sonrisa-para-vega-11.jpg 520w, https:\/\/static-blogs.lasprovincias.es\/wp-content\/uploads\/sites\/17\/2013\/12\/Una-sonrisa-para-vega-11-300x225.jpg 300w\" sizes=\"(max-width: 520px) 100vw, 520px\" \/><\/a><\/p>\n<p>A mi mam\u00e1 lo que m\u00e1s ilusi\u00f3n le har\u00eda es<strong> poder disponer de una persona en casa para mis ejercicios de fisioterapia<\/strong>. He mejorado mucho gracias al centro al que voy. S\u00f3lo tres horas a la semana. Pagamos<strong> 75 euros al mes<\/strong> por el tratamiento. Por eso, con un <strong>poquito de ayuda podr\u00eda tener una atenci\u00f3n m\u00e1s personalizada<\/strong>. Uno de mis problemas es que padezco espasticidad r\u00edgida. Una cosa tan f\u00e1cil como ponerse una chaqueta para m\u00ed es como subir el Everest. Pero he mejorado con los tratamientos. Ya no estoy tan r\u00edgida. Por eso mi mam\u00e1, Reme, cree que la fisioterapia me va fenomenal y le gustar\u00eda que pudiera recibir un poquito m\u00e1s.<\/p>\n<p>Ahora tambi\u00e9n me han construido un molde de escayola, que se adapta totalmente a mis piernas, <strong>para poco a poco estar m\u00e1s erguida<\/strong>. Cuando me propongo una cosa no paro.\u00a0Esto es como una monta\u00f1a rusa, ya os lo he dicho, con sus bajadas y subidas, <strong>pero lo importante es que seguimos dando vueltas<\/strong>.<\/p>\n<p><a href=\"\/elfrancotirador\/wp-content\/uploads\/sites\/17\/2013\/12\/sonrisa-para-vega-31.jpg\"><img loading=\"lazy\" class=\"aligncenter size-full wp-image-711\" title=\"sonrisa para vega 3\" src=\"\/elfrancotirador\/wp-content\/uploads\/sites\/17\/2013\/12\/sonrisa-para-vega-31.jpg\" alt=\"\" width=\"520\" height=\"390\" srcset=\"https:\/\/static-blogs.lasprovincias.es\/wp-content\/uploads\/sites\/17\/2013\/12\/sonrisa-para-vega-31.jpg 520w, https:\/\/static-blogs.lasprovincias.es\/wp-content\/uploads\/sites\/17\/2013\/12\/sonrisa-para-vega-31-300x225.jpg 300w\" sizes=\"(max-width: 520px) 100vw, 520px\" \/><\/a><\/p>\n<p>Mirad si lucho que a mis pap\u00e1s, este semana les han dado una gran noticia: los estudios que han realizado sobre si puedo ver son muy positivos por ahora. Era una de las grandes dudas que ten\u00edamos. Mis papis cre\u00edan que pod\u00eda ver porque cuando escuchaba su voz yo abr\u00eda los ojos aunque fuera un segundo. <strong>Pues mirad que bien que hace unos d\u00edas me han dicho que es f\u00e1cil que\u00a0vea<\/strong>. \u00a1Si ya os dije que era una cabezota!<\/p>\n<p>Soy una luchadora <strong>pero necesito el apoyo de todos<\/strong> para cumplir mis metas.<\/p>\n<p>Si quer\u00e9is seguirme la pista lo pod\u00e9is hacer en mi p\u00e1gina de <strong>Facebook<\/strong>: Una sonrisa para Vega. \u00a1Por cierto!, que <strong>no se os olvide darle al me gusta<\/strong>. Y me est\u00e1n construyendo una p\u00e1gina web que dentro de poco estar\u00e1 en marcha. \u00a1Tengo unas ganas!<\/p>\n<p><a href=\"\/elfrancotirador\/wp-content\/uploads\/sites\/17\/2013\/12\/Una-Sonrisa-para-Vega-F.jpg\"><img loading=\"lazy\" class=\"aligncenter size-full wp-image-714\" title=\"Una Sonrisa para Vega F\" src=\"\/elfrancotirador\/wp-content\/uploads\/sites\/17\/2013\/12\/Una-Sonrisa-para-Vega-F.jpg\" alt=\"\" width=\"520\" height=\"229\" srcset=\"https:\/\/static-blogs.lasprovincias.es\/wp-content\/uploads\/sites\/17\/2013\/12\/Una-Sonrisa-para-Vega-F.jpg 520w, https:\/\/static-blogs.lasprovincias.es\/wp-content\/uploads\/sites\/17\/2013\/12\/Una-Sonrisa-para-Vega-F-300x132.jpg 300w\" sizes=\"(max-width: 520px) 100vw, 520px\" \/><\/a><\/p>\n<p>Adem\u00e1s, me han abierto <strong>una cuenta<\/strong> en La Caixa: <span style=\"font-size: large;\">2100 2737 96 0100350008<\/span><\/p>\n<p>Tambi\u00e9n tengo una <strong>cuenta de teaming<\/strong>. Esta es una p\u00e1gina de<strong> microdonaciones que tan s\u00f3lo supone un gasto de un euro al mes<\/strong>. S\u00ed, s\u00ed, una aportaci\u00f3n tan peque\u00f1a como un euro que para m\u00ed, si consigo muchos seguidores, es como un tesoro. S\u00f3lo hay que entrar en <a href=\"http:\/\/www.teaming.net\" rel=\"external nofollow\">www.teaming.net<\/a> y en b\u00fasquedas poner: <strong>Una sonrisa para Vega<\/strong>.<\/p>\n<p>Cualquier apoyo, por m\u00ednimo que sea, para m\u00ed es un paso de gigante.<\/p>\n<p><span style=\"font-size: large;\">Voy a seguir luchando: \u00bfMe ayudas?<\/span><\/p>\n<p>&nbsp;<\/p>\n<p><span style=\"font-family: Calibri; font-size: small;\">\u00a0<\/span><\/p>\n<p>&nbsp;<\/p>\n<p><span style=\"font-family: Calibri; font-size: small;\">\u00a0<\/span><\/p>\n<p>&nbsp;<\/p>\n<p><span style=\"font-family: Calibri; font-size: small;\">\u00a0<\/span><\/p>\n<p><span style=\"font-family: Calibri; font-size: small;\">\u00a0<\/span><\/p>\n<p>&nbsp;<\/p>\n<!-- AddThis Advanced Settings generic via filter on the_content --><!-- AddThis Share Buttons generic via filter on the_content -->","protected":false},"excerpt":{"rendered":"<p>Seguir a @hesteban15 Hola, me llamo Vega. Esta semana cumplo once meses. Cuando nac\u00ed me dieron dos infartos cerebrales. Pero yo no me rindo. Soy una campeona. Una jabata.\u00a0Lucho con todas mis fuerzas. Con el apoyo de mis pap\u00e1s, L\u00e1zaro y Reme. Ellos s\u00ed que son unos leones. Necesito tu ayuda. S\u00f3lo un poquito de [&hellip;]<!-- AddThis Advanced Settings generic via filter on get_the_excerpt --><!-- AddThis Share Buttons generic via filter on get_the_excerpt --><\/p>\n","protected":false},"author":22,"featured_media":0,"comment_status":"open","ping_status":"open","sticky":false,"template":"","format":"standard","meta":[],"categories":[2],"tags":[55,629,655,667],"_links":{"self":[{"href":"https:\/\/blogs.lasprovincias.es\/elfrancotirador\/wp-json\/wp\/v2\/posts\/694"}],"collection":[{"href":"https:\/\/blogs.lasprovincias.es\/elfrancotirador\/wp-json\/wp\/v2\/posts"}],"about":[{"href":"https:\/\/blogs.lasprovincias.es\/elfrancotirador\/wp-json\/wp\/v2\/types\/post"}],"author":[{"embeddable":true,"href":"https:\/\/blogs.lasprovincias.es\/elfrancotirador\/wp-json\/wp\/v2\/users\/22"}],"replies":[{"embeddable":true,"href":"https:\/\/blogs.lasprovincias.es\/elfrancotirador\/wp-json\/wp\/v2\/comments?post=694"}],"version-history":[{"count":0,"href":"https:\/\/blogs.lasprovincias.es\/elfrancotirador\/wp-json\/wp\/v2\/posts\/694\/revisions"}],"wp:attachment":[{"href":"https:\/\/blogs.lasprovincias.es\/elfrancotirador\/wp-json\/wp\/v2\/media?parent=694"}],"wp:term":[{"taxonomy":"category","embeddable":true,"href":"https:\/\/blogs.lasprovincias.es\/elfrancotirador\/wp-json\/wp\/v2\/categories?post=694"},{"taxonomy":"post_tag","embeddable":true,"href":"https:\/\/blogs.lasprovincias.es\/elfrancotirador\/wp-json\/wp\/v2\/tags?post=694"}],"curies":[{"name":"wp","href":"https:\/\/api.w.org\/{rel}","templated":true}]}}