{"id":716,"date":"2013-12-22T13:58:37","date_gmt":"2013-12-22T13:58:37","guid":{"rendered":"http:\/\/blogs.lasprovincias.es\/elfrancotirador\/?p=716"},"modified":"2013-12-22T13:58:37","modified_gmt":"2013-12-22T13:58:37","slug":"un-diputada-a-ana-belen-roy-por-la-loteria-es-una-rubia-pepera-en-busca-de-neurona","status":"publish","type":"post","link":"https:\/\/blogs.lasprovincias.es\/elfrancotirador\/2013\/12\/22\/un-diputada-a-ana-belen-roy-por-la-loteria-es-una-rubia-pepera-en-busca-de-neurona\/","title":{"rendered":"Una diputada a Ana Bel\u00e9n Roy por la Loter\u00eda: &#8220;Es una rubia pepera en busca de neurona&#8221;"},"content":{"rendered":"<p><a class=\"twitter-follow-button\" href=\"https:\/\/twitter.com\/hesteban15\" rel=\"external nofollow\"> Seguir a @hesteban15<\/a><\/p>\n<p><strong>Ana Bel\u00e9n Roy<\/strong> es periodista y polit\u00f3loga. Presenta el <strong>Telediario<\/strong> Matinal\u00a0de TVE. Adem\u00e1s, la cadena p\u00fablica le ha encargado la retransmisi\u00f3n del sorteo de la Loter\u00eda de Navidad. No es una novata. Lleva siete a\u00f1os contando c\u00f3mo se reparte la suerte. Siete a\u00f1os con gobiernos del PSOE y del PP.\u00a0Es casi tan tradicional como <strong>el calvo de la Loter\u00eda<\/strong>.<\/p>\n<p>Pero a todo el mundo no le gusta c\u00f3mo canta la suerte <strong>Ana Bel\u00e9n Roy<\/strong>. Por eso\u00a0la portavoz adjunta del PSPV en Les Corts,<strong> Carmen Ninet<\/strong>, descarg\u00f3 su ira contra <strong>la periodista<\/strong>.<\/p>\n<p><a href=\"\/elfrancotirador\/wp-content\/uploads\/sites\/17\/2013\/12\/Ana-Bel\u00e9n-Roy1.jpg\"><img loading=\"lazy\" class=\"aligncenter size-full wp-image-718\" title=\"Ana Bel\u00e9n Roy\" src=\"\/elfrancotirador\/wp-content\/uploads\/sites\/17\/2013\/12\/Ana-Bel\u00e9n-Roy1.jpg\" alt=\"\" width=\"450\" height=\"800\" srcset=\"https:\/\/static-blogs.lasprovincias.es\/wp-content\/uploads\/sites\/17\/2013\/12\/Ana-Bel\u00e9n-Roy1.jpg 450w, https:\/\/static-blogs.lasprovincias.es\/wp-content\/uploads\/sites\/17\/2013\/12\/Ana-Bel\u00e9n-Roy1-169x300.jpg 169w, https:\/\/static-blogs.lasprovincias.es\/wp-content\/uploads\/sites\/17\/2013\/12\/Ana-Bel\u00e9n-Roy1-338x600.jpg 338w\" sizes=\"(max-width: 450px) 100vw, 450px\" \/><\/a><br \/>\nMe sorprende que Ninet, una diputada veterana a la que le tengo aprecio por la convicci\u00f3n con la que defiende sus ideas, haya cometido<strong> una torpeza de este calibre<\/strong>. Lo de &#8220;rubia pepera&#8221; (con el t\u00edpico clich\u00e9 de que todas las rubias son tontas) me parece ya un exceso hacia una persona que cumple con su trabajo. Pero el mal gusto y el desprecio absoluto llega <strong>con el a\u00f1adido de si Ana Bel\u00e9n\u00a0Roy<\/strong> est\u00e1 a la b\u00fasqueda &#8220;de la neurona&#8221; perdida.<\/p>\n<p>La reflexi\u00f3n de Ninet es despreciable. Me sorprende que una persona, que ha sido la presidenta de la <strong>Federaci\u00f3 de Dones Progressistes de la Comunitat Valenciana entre 1991 y 1997<\/strong>, haga chistes f\u00e1ciles de este tipo. El tema de las neuronas ya huele y es excesivamente recurrente.<\/p>\n<p>La diputada socialista, que ha firmado recientemente una iniciativa junto a su compa\u00f1era Modesta Salazar para que se mida el tiempo de ocio de hombres y mujeres, <strong>deber\u00eda, como m\u00ednimo, pedir perd\u00f3n<\/strong>. Despu\u00e9s de publicar el tuit, y ante el l\u00edo que se mont\u00f3, opt\u00f3 por borrarlo. Ahora s\u00f3lo le falta disculparse<strong> por el poco bien que su comentario hace a la mujer<\/strong>, a lo que ella defiende, a los derechos por una igualdad real.<\/p>\n<p>Minutos despu\u00e9s de escribir este post, <strong>Carmen Ninet<\/strong> pidi\u00f3 disculpas. Le honra. Por eso, cuelgo su tuit pidiendo perd\u00f3n a quien se haya sentido ofendida<\/p>\n<p><a href=\"\/elfrancotirador\/wp-content\/uploads\/sites\/17\/2013\/12\/Anabel-Roy1.jpg\"><img loading=\"lazy\" class=\"aligncenter size-full wp-image-722\" title=\"Anabel Roy\" src=\"\/elfrancotirador\/wp-content\/uploads\/sites\/17\/2013\/12\/Anabel-Roy1.jpg\" alt=\"\" width=\"533\" height=\"800\" srcset=\"https:\/\/static-blogs.lasprovincias.es\/wp-content\/uploads\/sites\/17\/2013\/12\/Anabel-Roy1.jpg 533w, https:\/\/static-blogs.lasprovincias.es\/wp-content\/uploads\/sites\/17\/2013\/12\/Anabel-Roy1-200x300.jpg 200w, https:\/\/static-blogs.lasprovincias.es\/wp-content\/uploads\/sites\/17\/2013\/12\/Anabel-Roy1-400x600.jpg 400w\" sizes=\"(max-width: 533px) 100vw, 533px\" \/><\/a><\/p>\n<!-- AddThis Advanced Settings generic via filter on the_content --><!-- AddThis Share Buttons generic via filter on the_content -->","protected":false},"excerpt":{"rendered":"<p>Seguir a @hesteban15 Ana Bel\u00e9n Roy es periodista y polit\u00f3loga. Presenta el Telediario Matinal\u00a0de TVE. Adem\u00e1s, la cadena p\u00fablica le ha encargado la retransmisi\u00f3n del sorteo de la Loter\u00eda de Navidad. No es una novata. Lleva siete a\u00f1os contando c\u00f3mo se reparte la suerte. Siete a\u00f1os con gobiernos del PSOE y del PP.\u00a0Es casi tan [&hellip;]<!-- AddThis Advanced Settings generic via filter on get_the_excerpt --><!-- AddThis Share Buttons generic via filter on get_the_excerpt --><\/p>\n","protected":false},"author":22,"featured_media":0,"comment_status":"open","ping_status":"open","sticky":false,"template":"","format":"standard","meta":[],"categories":[2],"tags":[36,226,392,495],"_links":{"self":[{"href":"https:\/\/blogs.lasprovincias.es\/elfrancotirador\/wp-json\/wp\/v2\/posts\/716"}],"collection":[{"href":"https:\/\/blogs.lasprovincias.es\/elfrancotirador\/wp-json\/wp\/v2\/posts"}],"about":[{"href":"https:\/\/blogs.lasprovincias.es\/elfrancotirador\/wp-json\/wp\/v2\/types\/post"}],"author":[{"embeddable":true,"href":"https:\/\/blogs.lasprovincias.es\/elfrancotirador\/wp-json\/wp\/v2\/users\/22"}],"replies":[{"embeddable":true,"href":"https:\/\/blogs.lasprovincias.es\/elfrancotirador\/wp-json\/wp\/v2\/comments?post=716"}],"version-history":[{"count":0,"href":"https:\/\/blogs.lasprovincias.es\/elfrancotirador\/wp-json\/wp\/v2\/posts\/716\/revisions"}],"wp:attachment":[{"href":"https:\/\/blogs.lasprovincias.es\/elfrancotirador\/wp-json\/wp\/v2\/media?parent=716"}],"wp:term":[{"taxonomy":"category","embeddable":true,"href":"https:\/\/blogs.lasprovincias.es\/elfrancotirador\/wp-json\/wp\/v2\/categories?post=716"},{"taxonomy":"post_tag","embeddable":true,"href":"https:\/\/blogs.lasprovincias.es\/elfrancotirador\/wp-json\/wp\/v2\/tags?post=716"}],"curies":[{"name":"wp","href":"https:\/\/api.w.org\/{rel}","templated":true}]}}