{"id":724,"date":"2013-12-27T08:40:33","date_gmt":"2013-12-27T08:40:33","guid":{"rendered":"http:\/\/blogs.lasprovincias.es\/elfrancotirador\/?p=724"},"modified":"2013-12-27T08:40:33","modified_gmt":"2013-12-27T08:40:33","slug":"el-top-10-de-el-francotirador","status":"publish","type":"post","link":"https:\/\/blogs.lasprovincias.es\/elfrancotirador\/2013\/12\/27\/el-top-10-de-el-francotirador\/","title":{"rendered":"El Top 10 de El Francotirador"},"content":{"rendered":"<p><a class=\"twitter-follow-button\" href=\"https:\/\/twitter.com\/hesteban15\" rel=\"external nofollow\"> Seguir a @hesteban15<\/a><\/p>\n<p><span style=\"font-size: large;\"><strong>El Francotirador<\/strong><\/span> est\u00e1 a punto de cumplir dos a\u00f1os. Surgi\u00f3 como continuaci\u00f3n del blog &#8220;Un \u00e1crata en la corte&#8221; y en estos casi 24 meses de vida (naci\u00f3 el 31 de enero de 2o12 con este post <a href=\"https:\/\/blogs.lasprovincias.es\/elfrancotirador\/2012\/01\/31\/el-pspv-se-queda-sin-recursos\/\">El PSPV se queda sin recursos<\/a>)\u00a0lo han le\u00eddo\u00a0cerca de <strong>350.0oo internatutas<\/strong> (visitantes \u00fanicos). A punto de cerrar 2013, me he permitido la licencia de hacer una selecci\u00f3n de los que considero <strong>los diez post m\u00e1s relevantes.<\/strong><\/p>\n<p><span style=\"font-size: large;\"><strong>N\u00famero 1.<\/strong><\/span> \u00a0Por ser el embri\u00f3n de una <strong>pol\u00e9mica a nivel nacional<\/strong> con entrevistas de todo tipo. Por tener la sensaci\u00f3n de que algo se te ha ido de las manos. Por el hecho de que <strong>este blog tuvo su link<\/strong> en medios de la importancia de la <a href=\"paella-polemica-independent-time-201306071438\">revista Time y del diario The Independent<\/a>. Y porque <strong>Estrella Damm<\/strong> todav\u00eda no ha mandado una cajita de cervezas a la redacci\u00f3n, el ganador (pese a no ser el que m\u00e1s visitas tuvo: supera ahora mismo\u00a0las 20.000) es: <span style=\"font-size: large;\"><a href=\"https:\/\/blogs.lasprovincias.es\/elfrancotirador\/2013\/05\/27\/un-atentado-contra-la-paella\/\">El atentando contra la paella de Love of Lesbian y Estrella Damm<\/a>.<\/span><\/p>\n<p><span style=\"font-size: large;\"><a href=\"\/elfrancotirador\/wp-content\/uploads\/sites\/17\/2013\/12\/Love-of-Lesbian.jpg\"><img loading=\"lazy\" class=\"aligncenter size-full wp-image-725\" title=\"Love of Lesbian\" src=\"\/elfrancotirador\/wp-content\/uploads\/sites\/17\/2013\/12\/Love-of-Lesbian.jpg\" alt=\"paella\" width=\"640\" height=\"480\" srcset=\"https:\/\/static-blogs.lasprovincias.es\/wp-content\/uploads\/sites\/17\/2013\/12\/Love-of-Lesbian.jpg 640w, https:\/\/static-blogs.lasprovincias.es\/wp-content\/uploads\/sites\/17\/2013\/12\/Love-of-Lesbian-300x225.jpg 300w\" sizes=\"(max-width: 640px) 100vw, 640px\" \/><\/a><\/span><\/p>\n<p>Adem\u00e1s, la pol\u00e9mica me permiti\u00f3 encontrarme con los miembros del grupo, <a href=\"https:\/\/blogs.lasprovincias.es\/elfrancotirador\/2013\/06\/08\/love-of-lesbian-se-come-un-autentico-arroz-valenciano\/\">que por fin se comieron un aut\u00e9ntico arroz valenciano<\/a>.<\/p>\n<p><span style=\"font-size: large;\"><strong>N\u00famero 2<\/strong><\/span>. La <strong>cafeter\u00eda de lujo de los diputados valencianos<\/strong> sigue dando mucho juego. Un gasto de m\u00e1s de 1,8 millones de euros <strong>s\u00edmbolo del despilfarro<\/strong> de los d\u00edas de vino y rosas en Les Corts Valencianes. Hoy, sigue siendo <strong>el post con m\u00e1s visitas<\/strong>:\u00a0supera las\u00a025.000. Pero lo peor de todo es que a\u00fan no he encontrado respuesta a esta pregunta: <span style=\"font-size: large;\"><a href=\"https:\/\/blogs.lasprovincias.es\/elfrancotirador\/2013\/02\/05\/el-restaurante-de-lujo-de-los-diputados\/\">\u00bfPara qu\u00e9 quieren los diputados 72 vasos de whisky?<\/a><\/span><\/p>\n<p><span style=\"font-size: large;\"><strong>N\u00famero 3.<\/strong><\/span> La socialista <strong>Elena Valenciano<\/strong> protagoniz\u00f3 ante m\u00ed <strong>uno de los episodios m\u00e1s lamentables<\/strong> que he vivido como periodista. La diputada, en un arrebato de interesada caridad, <strong>mont\u00f3 un estudio de televisi\u00f3n en uno de los almacenes del Banco de Alimentos<\/strong> para dar publicidad a su buena acci\u00f3n del d\u00eda. El carro\u00f1erismo de nuestros dirigentes se concentr\u00f3 en: <span style=\"font-size: large;\"><a href=\"https:\/\/blogs.lasprovincias.es\/elfrancotirador\/2012\/11\/04\/el-vampirismo-de-la-politica\/\">El vampirismo de la pol\u00edtica<\/a><\/span>.<\/p>\n<p><a href=\"\/elfrancotirador\/wp-content\/uploads\/sites\/17\/2013\/12\/elena-valenciano.jpg\"><img loading=\"lazy\" class=\"aligncenter size-full wp-image-726\" title=\"Ximo Puig y Elena Valenciano en el Banco de Alimentos - Psoe\" src=\"\/elfrancotirador\/wp-content\/uploads\/sites\/17\/2013\/12\/elena-valenciano.jpg\" alt=\"\" width=\"640\" height=\"427\" srcset=\"https:\/\/static-blogs.lasprovincias.es\/wp-content\/uploads\/sites\/17\/2013\/12\/elena-valenciano.jpg 640w, https:\/\/static-blogs.lasprovincias.es\/wp-content\/uploads\/sites\/17\/2013\/12\/elena-valenciano-300x200.jpg 300w\" sizes=\"(max-width: 640px) 100vw, 640px\" \/><\/a><\/p>\n<p>Por cierto, <strong>Elena Valenciano<\/strong> nunca volvi\u00f3 por el Banco de Alimentos: <a href=\"https:\/\/blogs.lasprovincias.es\/elfrancotirador\/2013\/11\/13\/elena-valenciano-y-el-vampirismo-de-la-politica-ii\/\">El vampirismo de la pol\u00edtica (II).<\/a><\/p>\n<p><strong><span style=\"font-size: large;\">N\u00famero 4.<\/span><\/strong> <strong>Luis Salom<\/strong> se ha convertido ya en un cl\u00e1sico en el time line de muchos tuiteros. Salom, que es <strong>asesor del PP en el Ayuntamiento de Valencia<\/strong> y en su d\u00eda destacado miembro de Nuevas Generaciones (<a href=\"https:\/\/blogs.lasprovincias.es\/elfrancotirador\/2012\/11\/14\/los-chicos-de-nuevas-generaciones\/\">\u00bfqu\u00e9 hacen estos chicos?<\/a>), se ha convertido en uno de los estiletes del partido en las redes sociales. Casi 60.000 tuits adornan su perfil. Una labor bien remunerada con <strong>un sueldo de m\u00e1s de 4.000 euros brutos al mes<\/strong>. Salom valor\u00f3 a su manera el resultado de las elecciones andaluzas: <span style=\"font-size: large;\"><a href=\"https:\/\/blogs.lasprovincias.es\/elfrancotirador\/2012\/11\/14\/los-chicos-de-nuevas-generaciones\/\">La &#8216;coca&#8217; del asesor del PP<\/a>.<\/span><\/p>\n<p>Pero el sectarismo no es exclusivo de <strong>asesores y cargos conservadores<\/strong>. Este es otro ejemplo: <a href=\"https:\/\/blogs.lasprovincias.es\/elfrancotirador\/2013\/04\/02\/los-politicos-sectarios\/\">Los pol\u00edticos sectarios<\/a>.<\/p>\n<p><strong><span style=\"font-size: large;\">N\u00famero 5.<\/span><\/strong> El post permiti\u00f3 acu\u00f1ar un t\u00e9rmino: <strong>Baldov\u00ed, el opaco<\/strong>. Quiz\u00e1 deber\u00eda haberlo registrado para que cada vez que los diputados del PP lo han repetido en la tribuna me hubiera llevado alg\u00fan dinerillo por la patente. <strong>Mi relaci\u00f3n con el diputado de Comprom\u00eds<\/strong> mereci\u00f3 una trilog\u00eda y un anexo <strong>para dar por cerrada la pol\u00e9mica<\/strong>: <span style=\"font-size: large;\"><a href=\"https:\/\/blogs.lasprovincias.es\/elfrancotirador\/2012\/04\/10\/baldovi-el-opaco\/\">Baldov\u00ed, el opaco (I<\/a>, <a href=\"https:\/\/blogs.lasprovincias.es\/elfrancotirador\/2012\/09\/27\/baldovi-el-opaco-ii\/\">II<\/a>, <a href=\"https:\/\/blogs.lasprovincias.es\/elfrancotirador\/2012\/11\/19\/baldovi-el-opaco-y-iii\/\">III<\/a> y <a href=\"https:\/\/blogs.lasprovincias.es\/elfrancotirador\/2013\/10\/15\/el-exopaco-baldovi\/\">anexo<\/a>).<\/span><\/p>\n<p><span style=\"font-size: large;\"><strong>N\u00famero 6.<\/strong><\/span> El <strong>cierre de Canal 9<\/strong> tambi\u00e9n tuvo su espacio en este blog. La \u00faltima imagen de la televisi\u00f3n p\u00fablica de los valencianos, con <strong>una mesa copada por cargos p\u00fablicos<\/strong>, fue su mejor epitafio: naci\u00f3, muri\u00f3 y vivi\u00f3 <a href=\"http:\/\/https:\/\/blogs.lasprovincias.es\/elfrancotirador\/2013\/11\/10\/canal-9-y-la-politica\/\" rel=\"external nofollow\">al servicio de los pol\u00edticos<\/a>. No aprendi\u00f3 ni el d\u00eda de su ejecuci\u00f3n. Una top model y unos premios como los Nova escenificaron el derroche y despilfarro en RTVV: <span style=\"font-size: large;\"><a href=\"https:\/\/blogs.lasprovincias.es\/elfrancotirador\/2013\/04\/28\/carla-bruni-cobro-un-dineral-de-canal-9\/\">Carla Bruni cobr\u00f3 un dineral de Canal 9<\/a>.<\/span><\/p>\n<p>Radiotelevisi\u00f3n Valenciana (RTVV) empez\u00f3 a cavar su tumba cuando la parrilla <a href=\"https:\/\/blogs.lasprovincias.es\/elfrancotirador\/2013\/04\/28\/carla-bruni-cobro-un-dineral-de-canal-9\/\">dio entrada a programas como T\u00f3mbola<\/a>.<\/p>\n<p><span style=\"font-size: large;\"><strong>N\u00famero 7.<\/strong><\/span> <strong>Comprom\u00eds<\/strong> se merece un puesto en esta lista. La formaci\u00f3n, que abandera la nueva forma de hacer pol\u00edtica, siempre es motivo de debate por sus formas y sus gestos. <strong>El partido dar\u00e1 mucho juego en el futuro<\/strong>. No todo es un remanso de paz en el grupo econacionalista. Si sabe jugar, no ser\u00e1 la llave para el PSPV (<a href=\"https:\/\/blogs.lasprovincias.es\/elfrancotirador\/2013\/12\/08\/juego-sucio-antes-de-las-primarias-del-pspv\/\">perdido en guerras internas<\/a>) en un hipot\u00e9tico tripartito. <a href=\"https:\/\/blogs.lasprovincias.es\/elfrancotirador\/2012\/10\/22\/el-pspv-siente-panico-de-compromis\/\">M\u00e1s bien ser\u00e1 la argolla<\/a>. A Comprom\u00eds por delante le queda la tarea m\u00e1s dura: elegir entre <a href=\"https:\/\/blogs.lasprovincias.es\/elfrancotirador\/2012\/10\/03\/monica-oltra-gobierna-el-rebano\/\">M\u00f3nica Oltra<\/a> y Enric Morera:<span style=\"font-size: large;\"> <a href=\"https:\/\/blogs.lasprovincias.es\/elfrancotirador\/2013\/09\/09\/las-primarias-de-compromis-son-una-estafa\/\">Las primarias de Comprom\u00eds son una estafa<\/a><\/span>.<\/p>\n<p><a href=\"\/elfrancotirador\/wp-content\/uploads\/sites\/17\/2013\/12\/monica-oltra.jpg\"><img loading=\"lazy\" class=\"aligncenter size-full wp-image-727\" title=\"monica oltra\" src=\"\/elfrancotirador\/wp-content\/uploads\/sites\/17\/2013\/12\/monica-oltra.jpg\" alt=\"Tripartito\" width=\"647\" height=\"426\" srcset=\"https:\/\/static-blogs.lasprovincias.es\/wp-content\/uploads\/sites\/17\/2013\/12\/monica-oltra.jpg 647w, https:\/\/static-blogs.lasprovincias.es\/wp-content\/uploads\/sites\/17\/2013\/12\/monica-oltra-300x198.jpg 300w\" sizes=\"(max-width: 647px) 100vw, 647px\" \/><\/a><\/p>\n<p><span style=\"font-size: large;\"><strong>N\u00famero 8.<\/strong><\/span> Les <a href=\"https:\/\/blogs.lasprovincias.es\/elfrancotirador\/2012\/12\/02\/los-diputados-ni-ni\/\">Corts Valencianes <\/a>siempre da mucho juego. Diputados que se <a href=\"https:\/\/blogs.lasprovincias.es\/elfrancotirador\/2012\/03\/11\/diputado-durmiente\/\">duermen en el pleno<\/a>, otras que <a href=\"https:\/\/blogs.lasprovincias.es\/elfrancotirador\/2012\/10\/05\/la-diputada-que-nos-echo-del-ascensor\/\">expulsan a los periodistas de los ascensores<\/a>, parlamentarias que <a href=\"https:\/\/blogs.lasprovincias.es\/elfrancotirador\/2013\/12\/22\/un-diputada-a-ana-belen-roy-por-la-loteria-es-una-rubia-pepera-en-busca-de-neurona\/\">insultan a presentadoras de televisi\u00f3n<\/a> y representantes nacionales con erratas tan b\u00e1rbaras <a href=\"https:\/\/blogs.lasprovincias.es\/elfrancotirador\/2012\/12\/16\/la-diputada-que-escribio-hironia\/\">como escribir (\u00a1\u00a1dos veces!!) &#8220;hiron\u00eda&#8221; con &#8220;h&#8221;<\/a>. En estos tiempos de crisis, sus se\u00f1or\u00edas tienen la <a href=\"https:\/\/blogs.lasprovincias.es\/elfrancotirador\/2012\/09\/21\/quiere-saber-lo-que-cobran-los-diputados\/\">n\u00f3mina asegurada<\/a> y las <a href=\"https:\/\/blogs.lasprovincias.es\/elfrancotirador\/2013\/01\/08\/desaparecen-99-diputados\/\">vacaciones<\/a>\u00a0blindadas aunque <a href=\"https:\/\/blogs.lasprovincias.es\/elfrancotirador\/2013\/12\/15\/manual-de-votacion-para-diputados-torpes\/\">ni siquiera sepan c\u00f3mo se vota<\/a>. Por eso, siempre hay que denunciar: <span style=\"font-size: large;\"><a href=\"https:\/\/blogs.lasprovincias.es\/elfrancotirador\/2012\/12\/02\/los-diputados-ni-ni\/\">Los chollos de los diputados<\/a><\/span>.<\/p>\n<p><span style=\"font-size: large;\"><strong>N\u00famero 9.<\/strong><\/span> Hay cl\u00e1sicos que nunca mueren en estas tierras. La <strong>guerra de banderas, s\u00edmbolos y lenguas<\/strong>. Desde que <a href=\"https:\/\/blogs.lasprovincias.es\/elfrancotirador\/2013\/10\/04\/la-sombra-de-gonzalez-lizondo\/\">muri\u00f3 Gonz\u00e1lez Lizondo<\/a>, el valencianismo se\u00a0encuentra hu\u00e9rfano. Por el otro lado, los postulados nacionalistas m\u00e1s pr\u00f3ximos al catalanismo intentan mantener su lucha ahora que se abre el abanico electoral. Otros, como un servidor, nos quedamos al margen: <span style=\"font-size: large;\"><a href=\"https:\/\/blogs.lasprovincias.es\/elfrancotirador\/2012\/10\/14\/el-socorrido-pais-valencia\/\">El socorrido Pa\u00eds Valenci\u00e0<\/a><\/span>.<\/p>\n<p><strong><span style=\"font-size: large;\">N\u00famero 10.<\/span><\/strong> Este post no necesita introducci\u00f3n:<span style=\"font-size: large;\"> <a href=\"https:\/\/blogs.lasprovincias.es\/elfrancotirador\/2013\/12\/20\/me-llamo-vega-estoy-luchando-me-ayudas\/\">&#8220;Me llamo Vega. Estoy luchando, \u00bfme ayudas?&#8221;<\/a><\/span><\/p>\n<p>El a\u00f1o termina con el regusto de que se necesita una <span style=\"font-size: large;\"><a href=\"https:\/\/blogs.lasprovincias.es\/elfrancotirador\/2013\/01\/19\/regeneracion-democratica-ya\/\">regeneraci\u00f3n democr\u00e1tica<\/a><\/span> urgente y con\u00a0la sensaci\u00f3n que lleva muchos meses instalada en la calle: <span style=\"font-size: large;\"><a href=\"https:\/\/blogs.lasprovincias.es\/elfrancotirador\/2012\/07\/13\/la-gente-esta-hasta-los-huevos\/\">La gente est\u00e1 hasta los huevos<\/a><\/span>.<\/p>\n<p><strong>Feliz a\u00f1o<\/strong> a todos<\/p>\n<p>&nbsp;<\/p>\n<!-- AddThis Advanced Settings generic via filter on the_content --><!-- AddThis Share Buttons generic via filter on the_content -->","protected":false},"excerpt":{"rendered":"<p>Seguir a @hesteban15 El Francotirador est\u00e1 a punto de cumplir dos a\u00f1os. Surgi\u00f3 como continuaci\u00f3n del blog &#8220;Un \u00e1crata en la corte&#8221; y en estos casi 24 meses de vida (naci\u00f3 el 31 de enero de 2o12 con este post El PSPV se queda sin recursos)\u00a0lo han le\u00eddo\u00a0cerca de 350.0oo internatutas (visitantes \u00fanicos). A punto [&hellip;]<!-- AddThis Advanced Settings generic via filter on get_the_excerpt --><!-- AddThis Share Buttons generic via filter on get_the_excerpt --><\/p>\n","protected":false},"author":22,"featured_media":0,"comment_status":"open","ping_status":"open","sticky":false,"template":"","format":"standard","meta":[],"categories":[2],"tags":[152,217,227,393,432,640],"_links":{"self":[{"href":"https:\/\/blogs.lasprovincias.es\/elfrancotirador\/wp-json\/wp\/v2\/posts\/724"}],"collection":[{"href":"https:\/\/blogs.lasprovincias.es\/elfrancotirador\/wp-json\/wp\/v2\/posts"}],"about":[{"href":"https:\/\/blogs.lasprovincias.es\/elfrancotirador\/wp-json\/wp\/v2\/types\/post"}],"author":[{"embeddable":true,"href":"https:\/\/blogs.lasprovincias.es\/elfrancotirador\/wp-json\/wp\/v2\/users\/22"}],"replies":[{"embeddable":true,"href":"https:\/\/blogs.lasprovincias.es\/elfrancotirador\/wp-json\/wp\/v2\/comments?post=724"}],"version-history":[{"count":0,"href":"https:\/\/blogs.lasprovincias.es\/elfrancotirador\/wp-json\/wp\/v2\/posts\/724\/revisions"}],"wp:attachment":[{"href":"https:\/\/blogs.lasprovincias.es\/elfrancotirador\/wp-json\/wp\/v2\/media?parent=724"}],"wp:term":[{"taxonomy":"category","embeddable":true,"href":"https:\/\/blogs.lasprovincias.es\/elfrancotirador\/wp-json\/wp\/v2\/categories?post=724"},{"taxonomy":"post_tag","embeddable":true,"href":"https:\/\/blogs.lasprovincias.es\/elfrancotirador\/wp-json\/wp\/v2\/tags?post=724"}],"curies":[{"name":"wp","href":"https:\/\/api.w.org\/{rel}","templated":true}]}}