{"id":775,"date":"2014-03-02T14:27:28","date_gmt":"2014-03-02T14:27:28","guid":{"rendered":"http:\/\/blogs.lasprovincias.es\/elfrancotirador\/?p=775"},"modified":"2014-03-02T14:27:28","modified_gmt":"2014-03-02T14:27:28","slug":"el-error-de-upyd-con-toni-canto","status":"publish","type":"post","link":"https:\/\/blogs.lasprovincias.es\/elfrancotirador\/2014\/03\/02\/el-error-de-upyd-con-toni-canto\/","title":{"rendered":"El error de UPyD con Toni Cant\u00f3"},"content":{"rendered":"<p><a class=\"twitter-follow-button\" href=\"https:\/\/twitter.com\/hesteban15\" rel=\"external nofollow\"> Seguir a @hesteban15<\/a><\/p>\n<p><span style=\"font-size: medium;\"><em>&#8220;Un d\u00eda, mientras abr\u00eda el buz\u00f3n en el rellano, una vecina se me acerc\u00f3 y me dijo: &#8220;Ch\u00e9, no sab\u00eda que eras pol\u00edtico&#8221;.\u00a0En ese momento\u00a0supe que no saldr\u00eda elegido diputado. Veinte a\u00f1os\u00a0dedicado a esto\u00a0y mi vecina, la de al lado de casa, ni se hab\u00eda enterado de que me dedicaba a la pol\u00edtica. Me hundi\u00f3&#8221;.<\/em><\/span><\/p>\n<p><span style=\"font-size: medium;\">La an\u00e9cdota la cont\u00f3 <strong>Pere Mayor<\/strong> tras fracasar en las elecciones de 2003. El <strong>Bloc<\/strong>, en aquella campa\u00f1a, <strong>gast\u00f3 por encima de sus posibilidades en propaganda electoral\u00a0<\/strong>para\u00a0entrar en Les Corts Valencianes. Muri\u00f3 en la orilla. En\u00a0la misma arena.\u00a0De la manera m\u00e1s cruel posible. <strong>Logr\u00f3 el 4,8% de los votos<\/strong>. A dos d\u00e9cimas de la barrera electoral del 5%, que es el m\u00ednimo para tener representaci\u00f3n en el Parlamento regional. Los nacionalistas sumaron m\u00e1s de 114.000 votos que no sirvieron para casi nada. Pere Mayor, a trav\u00e9s de su vecina, se dio de bruces con <strong>el mal de la invisibilidad<\/strong>, lo peor que le puede pasar a un pol\u00edtico.<\/span><\/p>\n<p><span style=\"font-size: medium;\"><strong>UPyD<\/strong> ha decidido no apostar por <strong>Toni Cant\u00f3<\/strong>, que respaldaba la candidatura de <strong>Fernando Llopis<\/strong>, concejal de <strong>UPyD<\/strong> en Alicante. La militancia opt\u00f3 por <strong>Alexis Mar\u00ed<\/strong> como nuevo responsable territorial. La diferencia entre Mar\u00ed y Llopis fue m\u00ednima: 39 votos.<\/span><\/p>\n<p><a href=\"\/elfrancotirador\/wp-content\/uploads\/sites\/17\/2014\/03\/Toni-Cant\u00f3.jpg\"><img loading=\"lazy\" class=\"aligncenter size-full wp-image-776\" title=\"DOCU_LP UPyD - Toni Canto y Rosa Diez\" src=\"\/elfrancotirador\/wp-content\/uploads\/sites\/17\/2014\/03\/Toni-Cant\u00f3.jpg\" alt=\"\" width=\"640\" height=\"377\" srcset=\"https:\/\/static-blogs.lasprovincias.es\/wp-content\/uploads\/sites\/17\/2014\/03\/Toni-Cant\u00f3.jpg 640w, https:\/\/static-blogs.lasprovincias.es\/wp-content\/uploads\/sites\/17\/2014\/03\/Toni-Cant\u00f3-300x177.jpg 300w\" sizes=\"(max-width: 640px) 100vw, 640px\" \/><\/a><\/p>\n<p><span style=\"font-size: medium;\">Los militantes de <strong>UPyD<\/strong> han\u00a0asumido <strong>el riesgo de la invisibilidad<\/strong>. No entro en el programa electoral de la formaci\u00f3n <strong>magenta,<\/strong> que lidera <strong>Rosa D\u00edez<\/strong>. Ni profundizo en su ideolog\u00eda ni en su forma de ver las cosas. S\u00f3lo en el an\u00e1lisis de que cuando un partido tiene ganada la popularidad de un candidato tiene\u00a0medio camino recorrido. En pol\u00edtica el problema no es mantenerse (que tambi\u00e9n lo es) sino llegar.<\/span><\/p>\n<p><span style=\"font-size: medium;\"><strong>UPyD<\/strong> no\u00a0ser\u00eda nada sin <strong>Rosa D\u00edez<\/strong>. Los amores y odios que se profesan por la diputada vasca mantienen a la formaci\u00f3n. <strong>UPyD, sin D\u00edez, hubiera muerto en alta mar<\/strong>. Es su marca.<\/span><\/p>\n<p><span style=\"font-size: medium;\">En la Comunitat se podr\u00eda aplicar lo mismo a <strong>Comprom\u00eds<\/strong>. Su\u00a0imagen es <strong>M\u00f3nica Oltra<\/strong>. Por encima del resto. De hecho, a a\u00f1os luz. <strong>Oltra<\/strong> se gan\u00f3 la visibilidad a base de camisetas y excesos parlamentarios. Nadie puede discutir que la abogada es de las mejores oradoras (quiz\u00e1 la mejor) de la C\u00e1mara. Pero eso s\u00f3lo se\u00a0paladea de puertas para adentro. En la calle <strong>Oltra se hizo famosa por las camisetas<\/strong>. Por su <strong>Wanted con la cara de Francisco Camps<\/strong>.<\/span><\/p>\n<p><span style=\"font-size: medium;\"><strong>M\u00f3nica Oltra<\/strong> es lista y est\u00e1 bien asesorada. Por ah\u00ed hay un bonach\u00f3n, un\u00a0tal Evarist, que no tiene ni un pelo de tonto. La diputada de Comprom\u00eds se ha merendado al resto. <strong>La diferencia entre Morera y Oltra<\/strong> es la que hay entre un buen resultado y el \u00e9xito. Y en Comprom\u00eds lo saben. No poner a la diputada de n\u00famero uno\u00a0a la Generalitat ser\u00eda no sumar votos. <strong>Las primarias la encumbrar\u00e1n<\/strong>. Ella, de momento, ya da pasitos como dejar la portavoc\u00eda de Iniciativa para dedicarse a lo suyo: ser la candidata.<\/span><\/p>\n<p><a href=\"\/elfrancotirador\/wp-content\/uploads\/sites\/17\/2014\/03\/M\u00f3nica-Oltra.jpg\"><img loading=\"lazy\" class=\"aligncenter size-full wp-image-777\" title=\"DOCU_LP Forum Europa.\" src=\"\/elfrancotirador\/wp-content\/uploads\/sites\/17\/2014\/03\/M\u00f3nica-Oltra.jpg\" alt=\"\" width=\"640\" height=\"426\" srcset=\"https:\/\/static-blogs.lasprovincias.es\/wp-content\/uploads\/sites\/17\/2014\/03\/M\u00f3nica-Oltra.jpg 640w, https:\/\/static-blogs.lasprovincias.es\/wp-content\/uploads\/sites\/17\/2014\/03\/M\u00f3nica-Oltra-300x200.jpg 300w\" sizes=\"(max-width: 640px) 100vw, 640px\" \/><\/a><\/p>\n<p><span style=\"font-size: medium;\">En el PP pasa lo mismo. <strong>Rita Barber\u00e1<\/strong> <strong>est\u00e1 por encima de la siglas<\/strong>. En la ciudad, el PP hubiera ganado sin Rita. Pero con ella, y eso nadie lo discute, aplasta. Por eso el PSPV lleva a\u00f1os\u00a0hu\u00e9rfano en la b\u00fasqueda de alguien que pierda a los puntos\u00a0contra la alcaldesa. Aurelio Mart\u00ednez, Ana Noguera, Rafa Rubio, <strong>Carmen Alborch<\/strong> (un intento a la desesperada)\u00a0y Joan Calabuig han sido aspirantes abonados al fracaso. <strong>Rita Barber\u00e1<\/strong> es una marca por encima de las siglas. El PP s\u00f3lo perder\u00e1 las elecciones (no hablo de mayor\u00edas) si se va Barber\u00e1. <strong>De Alberto Fabra no puedo decir lo mismo por mucho que Eduardo Zaplana<\/strong>, otro mito, ejerza de apoderado.<\/span><\/p>\n<p><span style=\"font-size: medium;\"><strong>UPyD<\/strong> <strong>ha cometido su primer error<\/strong>. Nadie sabe qui\u00e9n es <strong>Alexis Mar\u00ed<\/strong>. Ni siquiera le esperaban en el desayuno de <strong>Rosa D\u00edez<\/strong> en Valencia. En cambio todos conocen a <strong>Toni Cant\u00f3<\/strong>. Sale en la tele. Adem\u00e1s, se ha ganado su visibilidad en\u00a0las redes sociales\u00a0lanzando misiles contra Canal 9. Tiene m\u00e1s de 150.000 seguidores en twitter, para lo bueno y para lo malo.\u00a0No es lo ortodoxo pero te pone en circulaci\u00f3n.<\/span><\/p>\n<p><span style=\"font-size: medium;\">La derrota le ha sentado mal a <strong>Toni Cant\u00f3<\/strong>. Por eso ya apunt\u00f3 que a partir ahora\u00a0se dedicar\u00e1 a sus cosas\u00a0pese a que\u00a0<strong>Rosa D\u00edez<\/strong>, que <a href=\"http:\/\/www.lasprovincias.es\/20140224\/mas-actualidad\/politica\/toni-canto-rosa-diez-201402241058.html\" rel=\"external nofollow\">no se esperaba la ca\u00edda de su protegido<\/a>, dijera: &#8220;Toni ser\u00e1 lo que \u00e9l quiera&#8221;. <a href=\"http:\/\/www.lasprovincias.es\/v\/20140225\/politica\/toni-canto-anuncia-sera-20140225.html\" target=\"_blank\" rel=\"external nofollow\">Otra cosa es que tenga ganas de ser.<\/a><\/span><\/p>\n<p><span style=\"font-size: medium;\">No s\u00e9 si hay ansias en <strong>UPyD<\/strong>\u00a0por un\u00a0cargo y sueldo p\u00fablico. Con el viento a favor, con las encuestas <em>on fire<\/em>, <strong>en la formaci\u00f3n magenta hay euforia y coloc\u00f3n<\/strong>. Tanto, que se han cargado a la dupla Llopis y Cant\u00f3, los cargos m\u00e1s representativos del partido en la Comunitat. El primero como concejal en el Ayuntamiento de Alicante, y el segundo, diputado en el Congreso.<\/span><\/p>\n<p><span style=\"font-size: medium;\"><strong>Toni Cant\u00f3<\/strong>, como cabeza de lista a las generales, logr\u00f3 que <strong>UPyD<\/strong> pasara de los 19.294 votos que obtuvo Carlos Mart\u00ednez Gorriar\u00e1n en 2008 a los 145.923 de noviembre de 2011. Incluso super\u00f3 en 20.000\u00a0papeletas a Comprom\u00eds-Equo, liderada por Joan Baldov\u00ed. Meses antes, Fernando Llopis se hizo con el primer concejal de los magenta en una capital gracias a sus 7.306 votos, dejando fuera a\u00a0los &#8216;compromiseros&#8217;\u00a0en Alicante, donde la coalici\u00f3n\u00a0est\u00e1\u00a0dominada por el &#8216;clan\u00a0Moll\u00e0&#8217;.<\/span><\/p>\n<p><span style=\"font-size: medium;\"><strong>UPyD<\/strong>, quiz\u00e1, se lo ha jugado todo a la invisibilidad.<\/span><\/p>\n<p>&nbsp;<\/p>\n<p>&nbsp;<\/p>\n<p>&nbsp;<\/p>\n<!-- AddThis Advanced Settings generic via filter on the_content --><!-- AddThis Share Buttons generic via filter on the_content -->","protected":false},"excerpt":{"rendered":"<p>Seguir a @hesteban15 &#8220;Un d\u00eda, mientras abr\u00eda el buz\u00f3n en el rellano, una vecina se me acerc\u00f3 y me dijo: &#8220;Ch\u00e9, no sab\u00eda que eras pol\u00edtico&#8221;.\u00a0En ese momento\u00a0supe que no saldr\u00eda elegido diputado. Veinte a\u00f1os\u00a0dedicado a esto\u00a0y mi vecina, la de al lado de casa, ni se hab\u00eda enterado de que me dedicaba a la [&hellip;]<!-- AddThis Advanced Settings generic via filter on get_the_excerpt --><!-- AddThis Share Buttons generic via filter on get_the_excerpt --><\/p>\n","protected":false},"author":22,"featured_media":0,"comment_status":"open","ping_status":"open","sticky":false,"template":"","format":"standard","meta":[],"categories":[2],"tags":[108,152,216,229,400,432,532,575,578,638,660],"_links":{"self":[{"href":"https:\/\/blogs.lasprovincias.es\/elfrancotirador\/wp-json\/wp\/v2\/posts\/775"}],"collection":[{"href":"https:\/\/blogs.lasprovincias.es\/elfrancotirador\/wp-json\/wp\/v2\/posts"}],"about":[{"href":"https:\/\/blogs.lasprovincias.es\/elfrancotirador\/wp-json\/wp\/v2\/types\/post"}],"author":[{"embeddable":true,"href":"https:\/\/blogs.lasprovincias.es\/elfrancotirador\/wp-json\/wp\/v2\/users\/22"}],"replies":[{"embeddable":true,"href":"https:\/\/blogs.lasprovincias.es\/elfrancotirador\/wp-json\/wp\/v2\/comments?post=775"}],"version-history":[{"count":0,"href":"https:\/\/blogs.lasprovincias.es\/elfrancotirador\/wp-json\/wp\/v2\/posts\/775\/revisions"}],"wp:attachment":[{"href":"https:\/\/blogs.lasprovincias.es\/elfrancotirador\/wp-json\/wp\/v2\/media?parent=775"}],"wp:term":[{"taxonomy":"category","embeddable":true,"href":"https:\/\/blogs.lasprovincias.es\/elfrancotirador\/wp-json\/wp\/v2\/categories?post=775"},{"taxonomy":"post_tag","embeddable":true,"href":"https:\/\/blogs.lasprovincias.es\/elfrancotirador\/wp-json\/wp\/v2\/tags?post=775"}],"curies":[{"name":"wp","href":"https:\/\/api.w.org\/{rel}","templated":true}]}}