{"id":789,"date":"2014-03-22T14:32:37","date_gmt":"2014-03-22T14:32:37","guid":{"rendered":"http:\/\/blogs.lasprovincias.es\/elfrancotirador\/?p=789"},"modified":"2014-03-22T14:32:37","modified_gmt":"2014-03-22T14:32:37","slug":"la-peor-rampa-para-discapacitados-de-espana","status":"publish","type":"post","link":"https:\/\/blogs.lasprovincias.es\/elfrancotirador\/2014\/03\/22\/la-peor-rampa-para-discapacitados-de-espana\/","title":{"rendered":"La peor rampa para discapacitados de Espa\u00f1a"},"content":{"rendered":"<p><a class=\"twitter-follow-button\" href=\"https:\/\/twitter.com\/hesteban15\" rel=\"external nofollow\"> Seguir a @hesteban15<\/a><\/p>\n<p><span style=\"font-size: medium;\">La rutina de un <strong>discapacitado<\/strong> es dif\u00edcil. Siempre me han\u00a0hartado\u00a0los pol\u00edticos que en su empacho inaugurador de<strong> proyectos de accesibilidad<\/strong>\u00a0airean la muletilla de que le har\u00e1n m\u00e1s f\u00e1cil la vida\u00a0a <strong>la gente con discapacidad<\/strong>. Nunca han entendido que en estos casos las dificultades est\u00e1n por encima de las facilidades.<\/span><\/p>\n<p><!--more--><\/p>\n<p><span style=\"font-size: medium;\">Ser\u00eda un necio si no reconociera que en los \u00faltimos a\u00f1os se ha trabajado para adecuar <strong>el entorno urbano con el fin de eliminar barreras arquitect\u00f3nicas<\/strong>. Pero hay <strong>chapuzas<\/strong> que sacan lo peor de m\u00ed. Obras inauguradas al calor de las elecciones y que los del sueldo p\u00fablico, aquellos que viajan todo el d\u00eda <a href=\"https:\/\/blogs.lasprovincias.es\/elfrancotirador\/2012\/03\/07\/multas-y-coches-oficiales\/\">en coche oficial<\/a>, no se ruborizan a la hora de cortar cintas de\u00a0in\u00fatiles proyectos que no sirven para nada m\u00e1s que para destilar verg\u00fcenza ajena.<\/span><\/p>\n<p><span style=\"font-size: medium;\">Enfrente de mi casa\u00a0hay uno <strong>de los pasos de peatones<\/strong>\u00a0m\u00e1s concurridos de Chiva. Un punto necesario para acudir al centro de salud, al instituto, a la residencia de ancianos y a uno de los colegios de la localidad. Est\u00e1 situado en la v\u00eda m\u00e1s transitada del municipio.<\/span><\/p>\n<p><span style=\"font-size: medium;\">Con buen criterio inicial, el alcalde de la localidad en su d\u00eda mand\u00f3 construir <strong>un paso subterr\u00e1neo<\/strong> para salvar una calzada en la que en muchas ocasiones no se respetan los l\u00edmites de velocidad. <strong>El resultado fue una chapuza<\/strong> considerable reconvertida ahora en un refugio para fumarse alg\u00fan canuto,\u00a0pintarrajear la pared\u00a0y orinar las borracheras de botell\u00f3n de ni\u00f1atos adolescentes. Es obvio que nadie utiliza el subterr\u00e1neo para su uso original. <strong>El\u00a0ciudadano prefiere jugarse el tipo en un paso de peatones en el que ya se han dado tres atropellos<\/strong> y que hasta hace unos d\u00edas estaba pr\u00e1cticamente a oscuras por la noche. Hasta aqu\u00ed todo normal, aunque cueste creerlo.<\/span><\/p>\n<div id=\"attachment_791\" style=\"width: 410px\" class=\"wp-caption aligncenter\"><a href=\"\/elfrancotirador\/wp-content\/uploads\/sites\/17\/2014\/03\/rampa2.jpg\"><img aria-describedby=\"caption-attachment-791\" loading=\"lazy\" class=\"size-large wp-image-791\" title=\"rampa2\" src=\"\/elfrancotirador\/wp-content\/uploads\/sites\/17\/2014\/03\/rampa2.jpg\" alt=\"\" width=\"400\" height=\"600\" srcset=\"https:\/\/static-blogs.lasprovincias.es\/wp-content\/uploads\/sites\/17\/2014\/03\/rampa2.jpg 640w, https:\/\/static-blogs.lasprovincias.es\/wp-content\/uploads\/sites\/17\/2014\/03\/rampa2-200x300.jpg 200w, https:\/\/static-blogs.lasprovincias.es\/wp-content\/uploads\/sites\/17\/2014\/03\/rampa2-400x600.jpg 400w\" sizes=\"(max-width: 400px) 100vw, 400px\" \/><\/a><p id=\"caption-attachment-791\" class=\"wp-caption-text\">Un tobog\u00e1n como rampa<\/p><\/div>\n<p><span style=\"font-size: medium;\">Lo indignante del caso es <strong>la rampa para discapacitados<\/strong> del paso subterr\u00e1neo. <strong>Un tobog\u00e1n<\/strong> de seis metros de largo por 58 cent\u00edmetros de ancho <strong>con una pendiente del 57%<\/strong>. No es una broma. Cr\u00e9ame. Se lo repito, un 57% de desnivel. El Anglir\u00fa, el puerto m\u00e1s exigente de la Vuelta a Espa\u00f1a de Ciclismo, tiene un m\u00e1ximo del 22% en el peor de los tramos. En Francia, el m\u00edtico Tourmalet tiene un 13% mientras que en Italia, donde se corre el Giro, el infierno del Gavia llega a un 12%. Pues bien, en Chiva tenemos <strong>una rampa del 57% para empujar sillas de ruedas<\/strong> (si es que caben), bajar carritos de beb\u00e9 o subir los de la compra.<\/span><\/p>\n<div id=\"attachment_792\" style=\"width: 650px\" class=\"wp-caption aligncenter\"><a href=\"\/elfrancotirador\/wp-content\/uploads\/sites\/17\/2014\/03\/rampa1.jpg\"><img aria-describedby=\"caption-attachment-792\" loading=\"lazy\" class=\"size-full wp-image-792\" title=\"rampa1\" src=\"\/elfrancotirador\/wp-content\/uploads\/sites\/17\/2014\/03\/rampa1.jpg\" alt=\"\" width=\"640\" height=\"427\" srcset=\"https:\/\/static-blogs.lasprovincias.es\/wp-content\/uploads\/sites\/17\/2014\/03\/rampa1.jpg 640w, https:\/\/static-blogs.lasprovincias.es\/wp-content\/uploads\/sites\/17\/2014\/03\/rampa1-300x200.jpg 300w\" sizes=\"(max-width: 640px) 100vw, 640px\" \/><\/a><p id=\"caption-attachment-792\" class=\"wp-caption-text\">\u00bfSe atreve a subir?<\/p><\/div>\n<p><span style=\"font-size: medium;\">La normativa, como bien se explica <a href=\"http:\/\/www.accesibilidadglobal.com\/2011\/04\/rampas-accesibles-para-personas-con.html\" rel=\"external nofollow\">en esta web<\/a>, establece que la anchura m\u00ednima libre de paso ser\u00e1 de 1,80 (en nuestro caso es de 0,58) y que para una longitud de tramo de entre tres y diez metros (en este caso son seis) la pendiente m\u00e1xima ser\u00e1 del 8%. Pues bien, aqu\u00ed es del 57%. Un pa\u00eds de locos.<\/span><\/p>\n<div id=\"attachment_793\" style=\"width: 650px\" class=\"wp-caption aligncenter\"><a href=\"\/elfrancotirador\/wp-content\/uploads\/sites\/17\/2014\/03\/rampa4.jpg\"><img aria-describedby=\"caption-attachment-793\" loading=\"lazy\" class=\"size-full wp-image-793\" title=\"rampa4\" src=\"\/elfrancotirador\/wp-content\/uploads\/sites\/17\/2014\/03\/rampa4.jpg\" alt=\"\" width=\"640\" height=\"427\" srcset=\"https:\/\/static-blogs.lasprovincias.es\/wp-content\/uploads\/sites\/17\/2014\/03\/rampa4.jpg 640w, https:\/\/static-blogs.lasprovincias.es\/wp-content\/uploads\/sites\/17\/2014\/03\/rampa4-300x200.jpg 300w\" sizes=\"(max-width: 640px) 100vw, 640px\" \/><\/a><p id=\"caption-attachment-793\" class=\"wp-caption-text\">\u00bfO prefiere bajar?<\/p><\/div>\n<p><span style=\"font-size: medium;\">Lo peor de todo es que no pasa nada. <strong>El Ayuntamiento pag\u00f3 la obra, cort\u00f3 la cinta y a vivir la vida<\/strong>. A nadie le importa si una persona mayor puede pasar con el carro de la compra o si una madre con un beb\u00e9 puede tener un grave percance en un paso que le deber\u00eda facilitar el d\u00eda a d\u00eda alejada del tr\u00e1fico. De las sillas de ruedas ni hablamos. Intentar subir o bajar la rampa es tragedia asegurada. Y al alcalde, al que aprob\u00f3 este proyecto, le import\u00f3 un pito. Ahora tenemos un rampa modelo tobog\u00e1n, <strong>una piscina cubierta sin cubrir pero con placa de inauguraci\u00f3n y un campo de f\u00fatbol de c\u00e9sped artificial que lleva dos a\u00f1os cerrado porque no tiene vestuarios<\/strong>.<\/span><\/p>\n<p><span style=\"font-size: medium;\">Existe <strong>el premio Reina Sof\u00eda<\/strong> para reconocer la labor de los municipios que trabajan por la accesibilidad. Desde aqu\u00ed propongo un galard\u00f3n al municipio m\u00e1s chapucero en la eliminaci\u00f3n de <strong>barreras arquitect\u00f3nicas<\/strong>. En este blog tienen un candidato.<\/span><\/p>\n<!-- AddThis Advanced Settings generic via filter on the_content --><!-- AddThis Share Buttons generic via filter on the_content -->","protected":false},"excerpt":{"rendered":"<p>Seguir a @hesteban15 La rutina de un discapacitado es dif\u00edcil. Siempre me han\u00a0hartado\u00a0los pol\u00edticos que en su empacho inaugurador de proyectos de accesibilidad\u00a0airean la muletilla de que le har\u00e1n m\u00e1s f\u00e1cil la vida\u00a0a la gente con discapacidad. Nunca han entendido que en estos casos las dificultades est\u00e1n por encima de las facilidades.<!-- AddThis Advanced Settings generic via filter on get_the_excerpt --><!-- AddThis Share Buttons generic via filter on get_the_excerpt --><\/p>\n","protected":false},"author":22,"featured_media":0,"comment_status":"open","ping_status":"open","sticky":false,"template":"","format":"standard","meta":[],"categories":[2],"tags":[15,19,70,85,132,199,218,219,549,606],"_links":{"self":[{"href":"https:\/\/blogs.lasprovincias.es\/elfrancotirador\/wp-json\/wp\/v2\/posts\/789"}],"collection":[{"href":"https:\/\/blogs.lasprovincias.es\/elfrancotirador\/wp-json\/wp\/v2\/posts"}],"about":[{"href":"https:\/\/blogs.lasprovincias.es\/elfrancotirador\/wp-json\/wp\/v2\/types\/post"}],"author":[{"embeddable":true,"href":"https:\/\/blogs.lasprovincias.es\/elfrancotirador\/wp-json\/wp\/v2\/users\/22"}],"replies":[{"embeddable":true,"href":"https:\/\/blogs.lasprovincias.es\/elfrancotirador\/wp-json\/wp\/v2\/comments?post=789"}],"version-history":[{"count":0,"href":"https:\/\/blogs.lasprovincias.es\/elfrancotirador\/wp-json\/wp\/v2\/posts\/789\/revisions"}],"wp:attachment":[{"href":"https:\/\/blogs.lasprovincias.es\/elfrancotirador\/wp-json\/wp\/v2\/media?parent=789"}],"wp:term":[{"taxonomy":"category","embeddable":true,"href":"https:\/\/blogs.lasprovincias.es\/elfrancotirador\/wp-json\/wp\/v2\/categories?post=789"},{"taxonomy":"post_tag","embeddable":true,"href":"https:\/\/blogs.lasprovincias.es\/elfrancotirador\/wp-json\/wp\/v2\/tags?post=789"}],"curies":[{"name":"wp","href":"https:\/\/api.w.org\/{rel}","templated":true}]}}