{"id":80,"date":"2012-04-10T21:10:05","date_gmt":"2012-04-10T21:10:05","guid":{"rendered":"http:\/\/blogs.lasprovincias.es\/elfrancotirador\/?p=80"},"modified":"2012-04-10T21:10:05","modified_gmt":"2012-04-10T21:10:05","slug":"baldovi-el-opaco","status":"publish","type":"post","link":"https:\/\/blogs.lasprovincias.es\/elfrancotirador\/2012\/04\/10\/baldovi-el-opaco\/","title":{"rendered":"Baldov\u00ed, el opaco"},"content":{"rendered":"<p><a class=\"twitter-share-button\" href=\"https:\/\/twitter.com\/share\" data-url=\"https:\/\/blogs.lasprovincias.es\/elfrancotirador\/2012\/04\/10\/baldovi-el-opaco\/\" data-via=\"hesteban15\" data-lang=\"es\" rel=\"external nofollow\">Twittear<\/a><br \/>\n<script type=\"text\/javascript\">\/\/ <![CDATA[\n!function(d,s,id){var js,fjs=d.getElementsByTagName(s)[0];if(!d.getElementById(id)){js=d.createElement(s);js.id=id;js.src=\"\/\/platform.twitter.com\/widgets.js\";fjs.parentNode.insertBefore(js,fjs);}}(document,\"script\",\"twitter-wjs\");\n\/\/ ]]><\/script><br \/>\n<strong>Lunes, 26 de marzo<\/strong>. Pasadas las once de la ma\u00f1ana. Me suena el tel\u00e9fono de la redacci\u00f3n. Descuelgo<\/p>\n<p><strong>J. B.:<\/strong> &#8220;Hola, \u00bfH\u00e9ctor Esteban? <strong><em>S\u00f3c<\/em> Joan Baldov\u00ed, el alcalde m\u00e1s opaco de la Comunitat&#8221;<\/strong><\/p>\n<p><strong>H. E.<\/strong> &#8220;Hola Joan, s\u00ed lo s\u00e9. Lo escrib\u00ed yo&#8221;.<\/p>\n<p>Tras las presentaciones, Baldov\u00ed y un servidor iniciamos una conversaci\u00f3n sobre un art\u00edculo publicado un par de d\u00edas antes titulado: <a href=\"http:\/\/www.lasprovincias.es\/20120324\/mas-actualidad\/politica\/baldovi-compromis-alcalde-opaco-201203241120.html\" rel=\"external nofollow\">&#8220;Baldov\u00ed, el alcalde m\u00e1s opaco de la Comunitat&#8221;.<\/a><\/p>\n<p><strong>El diputado de Comprom\u00eds<\/strong> me dice que le pod\u00eda haber llamado para que \u00e9l diera su versi\u00f3n en la noticia. Le digo que no tengo por qu\u00e9 llamarle ya que me ci\u00f1o <strong>a dos informes de la Sindicatura de Comptes oficiales<\/strong> y que dejan muy a las claras que el Ayuntamiento de Sueca no cumple con sus obligaciones en la entrega de cuentas.<\/p>\n<p>Baldov\u00ed, hombre de moda por sus intervenciones en el Congreso, me dice que quiere <strong>&#8220;una plana igual para el pr\u00f3ximo s\u00e1bado&#8221;<\/strong> con su versi\u00f3n. Yo, educado, le digo que si me quiere mandar su\u00a0opini\u00f3n que lo haga <strong>pero que lo de la plana y el d\u00eda ya lo decido yo<\/strong>, que no se moleste.<\/p>\n<p>En nuestra amigable <em>conversa<\/em>, el diputado empieza a decirme que \u00e9l paga a los proveedores y que cierra sus ejercicios con super\u00e1vit. Yo le aplaudo, le digo que muy bien pero que en ning\u00fan caso pongo en duda eso. El art\u00edculo s\u00f3lo pone en cuesti\u00f3n que <strong>Sueca hace a\u00f1os que no entrega las cuentas en tiempo y forma<\/strong>, sean buenas o no. Y no lo digo yo, lo dice el S\u00edndic de Comptes, Rafael Vicente Queralt.<\/p>\n<p>Me vuelve a preguntar lo de la plana. Yo le digo que eso lo decido yo.<\/p>\n<p>Como ve que no prosperan sus argumentos, <strong>recurre al manido: &#8220;Es que LAS PROVINCIAS y tal y tal&#8230;ya sabemos donde estamos cada uno&#8221;.<\/strong> Me parece poco original y un argumento barato. Una rabieta hueca.<\/p>\n<p>Nos despedimos con una <em>abra\u00e7ada<\/em>.<\/p>\n<p><strong>Viernes, 30 de marzo<\/strong>. Suena el tel\u00e9fono de la redacci\u00f3n. <strong>Es la secretaria de Joan Baldov\u00ed<\/strong>. Me env\u00eda un correo electr\u00f3nico.<\/p>\n<p>T\u00edtulo de la versi\u00f3n de Baldo: <strong>&#8220;Joan Baldov\u00ed, en defensa del meu nom&#8221;.<\/strong> Me quedo<em> bocabadat<\/em>.<\/p>\n<p>En su argumentaci\u00f3n, el diputado\u00a0esgrime que \u00e9l paga y la Generalitat, no. Que otros Ayuntamientos, como el de Torrent, tambi\u00e9n incumplen, y que\u00a0\u00e9l abona\u00a0a los proveedores y que no cierra en n\u00fameros rojos. <strong>Muy bien, se\u00f1or Baldov\u00ed, plas, plas.<\/strong> En el art\u00edculo nadie puso eso en cuesti\u00f3n.<\/p>\n<p>Es cierto que su se\u00f1or\u00eda\u00a0reconoce que la Sindicatura &#8220;ha realizado diversas observaciones&#8221; al Ayuntaniento de Sueca. No lo niega. Pero Baldov\u00ed se presenta en su centrifugado de nombre como un m\u00e1rtir de la pol\u00edtica:<strong> &#8220;Ara b\u00e9, jo he hagut de carregar y fer una faena que altres van deixar de fer al llarg de m\u00e9s de quatre legislatures&#8221;.<\/strong> Algo as\u00ed como profe yo no he sido y la culpa es de los dem\u00e1s. Un chivato, vamos. Lo que obvia en &#8220;su nombre&#8221; es que\u00a0\u00e9l perteneci\u00f3 a una de las Corporaciones a las que apunta con el dedo acusador.<\/p>\n<p>La versi\u00f3n del parlamentario de Comprom\u00eds se publica el lunes 2 de abril en\u00a0papel en LAS PROVINCIAS (p\u00e1gina 23)\u00a0con el siguiente titular:<strong> &#8220;Baldov\u00ed culpa a sus antecesores de la opacidad de las cuentas de Sueca&#8221;.<\/strong> Nada m\u00e1s lejos de la realidad<\/p>\n<p>Pero como el Baldo quer\u00eda que saliera el s\u00e1bado 1 de abril en un plana, pues antes de que este peri\u00f3dico lo publicara ya colg\u00f3 la arielita blanquedora de su nombre en\u00a0su blog y all\u00e1 donde pudo. <a href=\"http:\/\/joanbaldovi.com\/blog\/273\/en-defensa-del-meu-nom\/\" rel=\"external nofollow\">En defensa del seu nom<\/a>. Una de las cosas que m\u00e1s me llam\u00f3 la atenci\u00f3n es que en alg\u00fan sitio en el que se dio cobertura al argumento defensor\u00a0del diputado se puntualiz\u00f3:<strong> &#8220;Encara que les explicacions de Baldov\u00ed no acabin de conv\u00e8ncer<\/strong> -realment no va lliurar els comptes municipals a la Sindicatura como era el seu deure&#8230;.&#8221;<\/p>\n<p>Si a alguien le interesa, en este enlace puede consultar <strong>el informe de la Sindicatura de Comptes fechado en 2011<\/strong> que fiscaliza \u00a1tres a\u00f1os despu\u00e9s! las cuentas de <a href=\"http:\/\/www.sindicom.gva.es\/web\/informes.nsf\/0\/8A92EDBF348BEACEC12578A3003AFA2F\/$file\/08CSueca.pdf\" rel=\"external nofollow\">2008\u00a0del Ayuntamiento de Sueca<\/a> con <strong>Baldov\u00ed de alcalde<\/strong>.<\/p>\n<p>Un apunte como detalle:<\/p>\n<ul>\n<li>\n<div align=\"LEFT\"><strong>No hemos podido disponer de las cuentas anuales de los organismos aut\u00f3nomos Consell Agrari Local y Resid\u00e8ncia Sant Josep de Gent Major, ni del balance, la <\/strong><strong>cuenta del resultado econ\u00f3mico-patrimonial y la memoria del Ayuntamiento, <\/strong><strong>circunstancias \u00e9stas que limitan el alcance de nuestro trabajo, tal como se indica <\/strong><strong>en el apartado 2.1 del presente Informe.<\/strong><\/div>\n<\/li>\n<\/ul>\n<p align=\"LEFT\">Y si alguien quiere investigar en el informe general, aqu\u00ed lo dejo tambi\u00e9n con una peque\u00f1a pincelada de la <a href=\"http:\/\/www.sindicom.gva.es\/web\/informes.nsf\/0\/6434E4A5E8BA8FBDC12579220034CD7F\/$file\/CCLL09.pdf\" rel=\"external nofollow\">cuenta general de las entidades locales: <\/a><\/p>\n<ul>\n<li>\n<div align=\"LEFT\"><strong>Asimismo, el incumplimiento reiterado del Ayuntamiento de Sueca en la obligaci\u00f3n de presentar la Cuenta General desde el ejercicio 2006 es un hecho a destacar. (P\u00e1gina 28)<\/strong><\/div>\n<\/li>\n<\/ul>\n<p>Se\u00f1or\u00eda, aqu\u00ed abajo, puede dejar su comentario en defensa del seu nom.<\/p>\n<p>Espero que sea igual de riguroso.<\/p>\n<p>Una abra\u00e7ada.<\/p>\n<p>&nbsp;<\/p>\n<p>&nbsp;<\/p>\n<!-- AddThis Advanced Settings generic via filter on the_content --><!-- AddThis Share Buttons generic via filter on the_content -->","protected":false},"excerpt":{"rendered":"<p>Twittear Lunes, 26 de marzo. Pasadas las once de la ma\u00f1ana. Me suena el tel\u00e9fono de la redacci\u00f3n. Descuelgo J. B.: &#8220;Hola, \u00bfH\u00e9ctor Esteban? S\u00f3c Joan Baldov\u00ed, el alcalde m\u00e1s opaco de la Comunitat&#8221; H. E. &#8220;Hola Joan, s\u00ed lo s\u00e9. Lo escrib\u00ed yo&#8221;. Tras las presentaciones, Baldov\u00ed y un servidor iniciamos una conversaci\u00f3n sobre [&hellip;]<!-- AddThis Advanced Settings generic via filter on get_the_excerpt --><!-- AddThis Share Buttons generic via filter on get_the_excerpt --><\/p>\n","protected":false},"author":22,"featured_media":0,"comment_status":"open","ping_status":"closed","sticky":false,"template":"","format":"standard","meta":[],"categories":[2],"tags":[58,59,152,158,216,621],"_links":{"self":[{"href":"https:\/\/blogs.lasprovincias.es\/elfrancotirador\/wp-json\/wp\/v2\/posts\/80"}],"collection":[{"href":"https:\/\/blogs.lasprovincias.es\/elfrancotirador\/wp-json\/wp\/v2\/posts"}],"about":[{"href":"https:\/\/blogs.lasprovincias.es\/elfrancotirador\/wp-json\/wp\/v2\/types\/post"}],"author":[{"embeddable":true,"href":"https:\/\/blogs.lasprovincias.es\/elfrancotirador\/wp-json\/wp\/v2\/users\/22"}],"replies":[{"embeddable":true,"href":"https:\/\/blogs.lasprovincias.es\/elfrancotirador\/wp-json\/wp\/v2\/comments?post=80"}],"version-history":[{"count":0,"href":"https:\/\/blogs.lasprovincias.es\/elfrancotirador\/wp-json\/wp\/v2\/posts\/80\/revisions"}],"wp:attachment":[{"href":"https:\/\/blogs.lasprovincias.es\/elfrancotirador\/wp-json\/wp\/v2\/media?parent=80"}],"wp:term":[{"taxonomy":"category","embeddable":true,"href":"https:\/\/blogs.lasprovincias.es\/elfrancotirador\/wp-json\/wp\/v2\/categories?post=80"},{"taxonomy":"post_tag","embeddable":true,"href":"https:\/\/blogs.lasprovincias.es\/elfrancotirador\/wp-json\/wp\/v2\/tags?post=80"}],"curies":[{"name":"wp","href":"https:\/\/api.w.org\/{rel}","templated":true}]}}