{"id":874,"date":"2014-06-15T18:45:24","date_gmt":"2014-06-15T18:45:24","guid":{"rendered":"http:\/\/blogs.lasprovincias.es\/elfrancotirador\/?p=874"},"modified":"2014-06-15T18:45:24","modified_gmt":"2014-06-15T18:45:24","slug":"del-bosque-no-tuvo-que-llegar-al-mundial-de-brasil","status":"publish","type":"post","link":"https:\/\/blogs.lasprovincias.es\/elfrancotirador\/2014\/06\/15\/del-bosque-no-tuvo-que-llegar-al-mundial-de-brasil\/","title":{"rendered":"Del Bosque no tuvo que llegar al Mundial de Brasil"},"content":{"rendered":"<p><a class=\"twitter-follow-button\" href=\"https:\/\/twitter.com\/hesteban15\" data-lang=\"es\" data-show-count=\"false\" rel=\"external nofollow\">Seguir a @hesteban15<\/a><br \/>\n<script type=\"text\/javascript\">\/\/ <![CDATA[\n!function(d,s,id){var js,fjs=d.getElementsByTagName(s)[0],p=\/^http:\/.test(d.location)?'http':'https';if(!d.getElementById(id)){js=d.createElement(s);js.id=id;js.src=p+':\/\/platform.twitter.com\/widgets.js';fjs.parentNode.insertBefore(js,fjs);}}(document, 'script', 'twitter-wjs');\n\/\/ ]]><\/script><\/p>\n<p><strong>Del Bosque<\/strong> no deber\u00eda de ser el seleccionador de <strong>Espa\u00f1a<\/strong> en el <strong>Mundial de\u00a0Brasil<\/strong>. Con esta frase termin\u00e9 el post <a href=\"https:\/\/blogs.lasprovincias.es\/elfrancotirador\/2013\/07\/01\/del-bosque-es-un-mal-entrenador\/\">&#8220;Del Bosque es un mal entrenador&#8221;<\/a> escrito el 7 de julio de 2013. Un a\u00f1o antes, el\u00a030 de junio de 2012, un d\u00eda antes de que <strong>Espa\u00f1a<\/strong> goleara y ganara a Italia la final de la Eurocopa, ya dije que Vicente <strong>del Bosque<\/strong> no era el mejor t\u00e9cnico para Espa\u00f1a.<\/p>\n<p><!--more--><\/p>\n<p><a href=\"http:\/\/www.lasprovincias.es\/mundial-futbol-brasil-2014\/201406\/13\/espana-inicia-reto-equipo-20140613015004-rc.html\" rel=\"external nofollow\">La derrota ante Holanda (1-5) duele<\/a>. Por el fondo y las formas. Una cat\u00e1strof\u00e9 en el debut del <strong>Mundial de Brasil\u00a0<\/strong>que ratifica la opini\u00f3n expresada.<\/p>\n<p><strong>Del Bosque<\/strong> es un mal entrenador. Un t\u00e9cnico sin ideas, recursos y alternativas cuando el partido se ha puesto a la contra. Sin capacidad de reacci\u00f3n. Sin la posibilidad de remontar. Un seleccionador incapaz de darle la vuelta a un planteamiento equivocado donde la ventaja en el marcador, en la mayor\u00eda de las ocasiones, le asegura el triunfo final.<\/p>\n<p><a href=\"\/elfrancotirador\/wp-content\/uploads\/sites\/17\/2014\/06\/vanpersie1.jpg\"><img loading=\"lazy\" class=\"aligncenter size-full wp-image-877\" title=\"vanpersie\" src=\"\/elfrancotirador\/wp-content\/uploads\/sites\/17\/2014\/06\/vanpersie1.jpg\" alt=\"\" width=\"616\" height=\"348\" srcset=\"https:\/\/static-blogs.lasprovincias.es\/wp-content\/uploads\/sites\/17\/2014\/06\/vanpersie1.jpg 616w, https:\/\/static-blogs.lasprovincias.es\/wp-content\/uploads\/sites\/17\/2014\/06\/vanpersie1-300x169.jpg 300w\" sizes=\"(max-width: 616px) 100vw, 616px\" \/><\/a><\/p>\n<p>La cr\u00edtica, que muchos califican de disparata, injusta y aberrante, se sustenta en varias patas:<\/p>\n<p><strong>Porter\u00eda<\/strong><\/p>\n<p><strong>Casillas<\/strong> es el mejor portero del mundo. As\u00ed lo creo. Pero un guardameta tiene que hacer porter\u00eda. Tiene que\u00a0bailar como un funambulista\u00a0sobre la l\u00ednea de gol con los ojos cerrados. Eso s\u00f3lo se consigue con partidos y <strong>Casillas<\/strong> no los ha tenido en el Real Madrid.\u00a0En la final de la Liga de Campeones, <strong>Casillas<\/strong> no midi\u00f3 en su salida para poner en bandeja el gol del Atl\u00e9tico de Madrid. Las mismas carencias demostr\u00f3 ante Holanda.<\/p>\n<p><strong>\u00bfPor qu\u00e9 Del Bosque mantiene a Casillas?<\/strong> Quiz\u00e1 por rango. Pero hoy en d\u00eda no es el mejor portero de Espa\u00f1a. Luis Aragon\u00e9s avanz\u00f3 el d\u00eda que dej\u00f3 a Ra\u00fal fuera. Gan\u00f3 la Eurocopa.<\/p>\n<p><strong>Diego Costa y David Villa<\/strong><\/p>\n<p>El hispanobrasile\u00f1o ha ido por decreto. <strong>Del Bosque<\/strong> se lo prometi\u00f3 los d\u00edas de invierno en\u00a0los que el delantero\u00a0era un seguro\u00a0de vida. <strong>Diego Costa<\/strong> no est\u00e1 para ir al <strong>Mundial<\/strong>.\u00a0Llega de una lesi\u00f3n importante y sin el toque que tuvo hace unos meses. Si va no es para ser el delantero titular.<\/p>\n<p>Hay un detalle que no tiene que pasar desapercibido. Costa es un buen delantero pero no marca diferencias. El brasile\u00f1o se ha destapado este a\u00f1o\u00a0porque ten\u00eda a <strong>David\u00a0Villa<\/strong> al lado. A pesar de las cr\u00edticas que ha\u00a0recibido El Guaje, muy pocos han sabido entender que sin <strong>Villa<\/strong> el\u00a0Atl\u00e9tico\u00a0estaba cojo. El asturiano era el que le abr\u00eda los espacios a <strong>Diego Costa<\/strong>, el que\u00a0desfijaba a las defensas, el que convert\u00eda a la l\u00ednea de cuatro visitante vulnerable. <strong>Del Bosque<\/strong> no\u00a0lo ha sabido ver, pese a que Simeone se lo ha mostrado toda la\u00a0temporada. Villa ten\u00eda que haber salido ante Holanda.<\/p>\n<p><strong>Fernando Torres<\/strong><\/p>\n<p>Nunca ha confiado el seleccionador en <strong>Torres<\/strong>. En ning\u00fan campeonato\u00a0ha sido su delantero titular. Por eso siempre ha probado con Llorente, Negredo, Soldado, Aduriz y ahora <strong>Diego Costa<\/strong>.\u00a0El jugador del Chelsea no le gusta.\u00a0Hered\u00f3 de Aragon\u00e9s un once con Villa y Torres como atacantes (la misma f\u00f3rmula que describ\u00eda anteriormente con Costa) y se invent\u00f3 las f\u00f3rmulas del falso 9\u00a0con Cesc. Pese a no confiar en \u00e9l se lo sigue llevando por encima de delanteros m\u00e1s solventes como Negredo\u00a0y\u00a0Llorente.<\/p>\n<p><strong>Xavi Hern\u00e1ndez<\/strong><\/p>\n<p>El cerebro del Barcelona agota sus d\u00edas de f\u00fatbol por ley de vida. Pero Del Bosque no tiene plan B. Ya lo demostr\u00f3 en la Eurocopa. <strong>No hay jugador como Xavi\u00a0y a Koke no le ha dado la confianza necesaria.<\/strong><\/p>\n<p><strong>La suerte<\/strong><\/p>\n<p>La suerte tap\u00f3 las carencias del seleccionador. En el anterior Mundial, tras perder contra Suiza, los goles de <strong>David Villa<\/strong> sostuvieron al equipo. El error de Bravo, el penalti fallado por Cardozo, el doble remate ante Portugal al borde del fuera de juego y la estrategia del Barcelona ante Alemania ejecutada por Xavi y Puyol permitieron llegar a una final en la que el error de Robben fue fundamental.<\/p>\n<p><strong>Del Bosque<\/strong> recogi\u00f3 la herencia de Aragon\u00e9s. La duda se ha impuesto al acierto. El vaiv\u00e9n y la edad han desarmado al mejor equipo del mundo. Detalles han logrado victorias. Hoy, <strong>Del Bosque<\/strong>, no deber\u00eda entrenar a Espa\u00f1a aunque\u00a0esta noche ante\u00a0<strong>Chile<\/strong> tiene la oportunidad de callarme la boca.<\/p>\n<p>&nbsp;<\/p>\n<p>&nbsp;<\/p>\n<!-- AddThis Advanced Settings generic via filter on the_content --><!-- AddThis Share Buttons generic via filter on the_content -->","protected":false},"excerpt":{"rendered":"<p>Seguir a @hesteban15 Del Bosque no deber\u00eda de ser el seleccionador de Espa\u00f1a en el Mundial de\u00a0Brasil. Con esta frase termin\u00e9 el post &#8220;Del Bosque es un mal entrenador&#8221; escrito el 7 de julio de 2013. Un a\u00f1o antes, el\u00a030 de junio de 2012, un d\u00eda antes de que Espa\u00f1a goleara y ganara a Italia [&hellip;]<!-- AddThis Advanced Settings generic via filter on get_the_excerpt --><!-- AddThis Share Buttons generic via filter on get_the_excerpt --><\/p>\n","protected":false},"author":22,"featured_media":0,"comment_status":"open","ping_status":"open","sticky":false,"template":"","format":"standard","meta":[],"categories":[2],"tags":[121,134,188,192,213,249,317,441,442,643,674],"_links":{"self":[{"href":"https:\/\/blogs.lasprovincias.es\/elfrancotirador\/wp-json\/wp\/v2\/posts\/874"}],"collection":[{"href":"https:\/\/blogs.lasprovincias.es\/elfrancotirador\/wp-json\/wp\/v2\/posts"}],"about":[{"href":"https:\/\/blogs.lasprovincias.es\/elfrancotirador\/wp-json\/wp\/v2\/types\/post"}],"author":[{"embeddable":true,"href":"https:\/\/blogs.lasprovincias.es\/elfrancotirador\/wp-json\/wp\/v2\/users\/22"}],"replies":[{"embeddable":true,"href":"https:\/\/blogs.lasprovincias.es\/elfrancotirador\/wp-json\/wp\/v2\/comments?post=874"}],"version-history":[{"count":0,"href":"https:\/\/blogs.lasprovincias.es\/elfrancotirador\/wp-json\/wp\/v2\/posts\/874\/revisions"}],"wp:attachment":[{"href":"https:\/\/blogs.lasprovincias.es\/elfrancotirador\/wp-json\/wp\/v2\/media?parent=874"}],"wp:term":[{"taxonomy":"category","embeddable":true,"href":"https:\/\/blogs.lasprovincias.es\/elfrancotirador\/wp-json\/wp\/v2\/categories?post=874"},{"taxonomy":"post_tag","embeddable":true,"href":"https:\/\/blogs.lasprovincias.es\/elfrancotirador\/wp-json\/wp\/v2\/tags?post=874"}],"curies":[{"name":"wp","href":"https:\/\/api.w.org\/{rel}","templated":true}]}}