{"id":9,"date":"2012-02-01T14:10:41","date_gmt":"2012-02-01T14:10:41","guid":{"rendered":"http:\/\/blogs.lasprovincias.es\/elfrancotirador\/?p=9"},"modified":"2012-02-01T14:10:41","modified_gmt":"2012-02-01T14:10:41","slug":"pajin-pare-a-los-27-meses","status":"publish","type":"post","link":"https:\/\/blogs.lasprovincias.es\/elfrancotirador\/2012\/02\/01\/pajin-pare-a-los-27-meses\/","title":{"rendered":"Paj\u00edn pare a los 27 meses"},"content":{"rendered":"<p>Entro en twitter y no doy cr\u00e9dito. La socialista Leire Paj\u00edn<br \/>\nha dado a luz en la red social. Ahora entiendo por qu\u00e9 la nombraron ministra: por su arrojo. Tras dos a\u00f1os, dos meses y 28 d\u00edas ha escrito<br \/>\nsu primer tuit. \u00a1Aleluya! Este es: \u201cOigo a Gallard\u00f3n y es como meterse en la m\u00e1quina del<br \/>\ntiempo.Las mujeres bajo sospecha y los m\u00e9dicos inseguros.Indignante,miope\u201d. Con<br \/>\nun l\u00edmite de 140 caracteres (aunque no escriba se las sabe todas porque no deja<br \/>\nespacio tras los signos de puntuaci\u00f3n para ganar sitio), la exministra\u00a0se ha<br \/>\ndesperezado y ha decidido que ya era hora de decirle algo a la Humanidad y a sus 7.217<br \/>\nseguidores (a las 13.48 horas del 1 de febrero) que le eran fieles pese a que<br \/>\nla \u201csupernena\u201d, como dicen que se le conoce, estaba muda en twitter (a quien<br \/>\napunta que estaba mejor as\u00ed). Y en pleno orgasmo tuitero me pregunto: \u00bfQu\u00e9 habr\u00e1\u00a0llevado a Paj\u00edn a tuitear? \u00bfLe habr\u00e1n regalado un m\u00f3vil nuevo con<br \/>\nconexi\u00f3n a Internet? \u00bfSe aburre? \u00bfSe ha dado cuenta por fin de que est\u00e1 en la<br \/>\noposici\u00f3n y que hay que lanzar mensajes por el medio que sea? Ahora me invade<br \/>\nla duda de si tuitear\u00e1 el congreso de Sevilla para apoyar a su amiga Carme<br \/>\nChac\u00f3n o estar\u00e1 un par de a\u00f1os m\u00e1s en barbecho. Yo creo que la raz\u00f3n verdadera<br \/>\npara tuitear es que Alarte el martes inaugur\u00f3 su cuenta y como en el PSPV<br \/>\nsiempre hay celitos, Paj\u00edn se ha puesto las pilas. Por cierto, el alumbramiento<br \/>\nen la red social ha ido acompa\u00f1ado de un cambio de avatar (la foto, en<br \/>\ncristiano). Est\u00e1 guapa en el retrato. Leire, valiente,\u00a0a por ellos que son pocos y cobardes.<\/p>\n<!-- AddThis Advanced Settings generic via filter on the_content --><!-- AddThis Share Buttons generic via filter on the_content -->","protected":false},"excerpt":{"rendered":"<p>Entro en twitter y no doy cr\u00e9dito. La socialista Leire Paj\u00edn ha dado a luz en la red social. Ahora entiendo por qu\u00e9 la nombraron ministra: por su arrojo. Tras dos a\u00f1os, dos meses y 28 d\u00edas ha escrito su primer tuit. \u00a1Aleluya! Este es: \u201cOigo a Gallard\u00f3n y es como meterse en la m\u00e1quina [&hellip;]<!-- AddThis Advanced Settings generic via filter on get_the_excerpt --><!-- AddThis Share Buttons generic via filter on get_the_excerpt --><\/p>\n","protected":false},"author":22,"featured_media":0,"comment_status":"open","ping_status":"closed","sticky":false,"template":"","format":"standard","meta":[],"categories":[2],"tags":[24,480,538,539,654],"_links":{"self":[{"href":"https:\/\/blogs.lasprovincias.es\/elfrancotirador\/wp-json\/wp\/v2\/posts\/9"}],"collection":[{"href":"https:\/\/blogs.lasprovincias.es\/elfrancotirador\/wp-json\/wp\/v2\/posts"}],"about":[{"href":"https:\/\/blogs.lasprovincias.es\/elfrancotirador\/wp-json\/wp\/v2\/types\/post"}],"author":[{"embeddable":true,"href":"https:\/\/blogs.lasprovincias.es\/elfrancotirador\/wp-json\/wp\/v2\/users\/22"}],"replies":[{"embeddable":true,"href":"https:\/\/blogs.lasprovincias.es\/elfrancotirador\/wp-json\/wp\/v2\/comments?post=9"}],"version-history":[{"count":0,"href":"https:\/\/blogs.lasprovincias.es\/elfrancotirador\/wp-json\/wp\/v2\/posts\/9\/revisions"}],"wp:attachment":[{"href":"https:\/\/blogs.lasprovincias.es\/elfrancotirador\/wp-json\/wp\/v2\/media?parent=9"}],"wp:term":[{"taxonomy":"category","embeddable":true,"href":"https:\/\/blogs.lasprovincias.es\/elfrancotirador\/wp-json\/wp\/v2\/categories?post=9"},{"taxonomy":"post_tag","embeddable":true,"href":"https:\/\/blogs.lasprovincias.es\/elfrancotirador\/wp-json\/wp\/v2\/tags?post=9"}],"curies":[{"name":"wp","href":"https:\/\/api.w.org\/{rel}","templated":true}]}}