{"id":903,"date":"2014-09-14T13:17:23","date_gmt":"2014-09-14T13:17:23","guid":{"rendered":"http:\/\/blogs.lasprovincias.es\/elfrancotirador\/?p=903"},"modified":"2014-09-14T13:17:23","modified_gmt":"2014-09-14T13:17:23","slug":"toni-canto-la-franquicia-de-upyd","status":"publish","type":"post","link":"https:\/\/blogs.lasprovincias.es\/elfrancotirador\/2014\/09\/14\/toni-canto-la-franquicia-de-upyd\/","title":{"rendered":"Toni Cant\u00f3, la franquicia de UPyD"},"content":{"rendered":"<p><a class=\"twitter-follow-button\" href=\"https:\/\/twitter.com\/hesteban15\" data-lang=\"es\" data-show-count=\"false\" rel=\"external nofollow\">Seguir a @hesteban15<\/a><br \/>\n<script type=\"text\/javascript\">\/\/ <![CDATA[\n !function(d,s,id){var js,fjs=d.getElementsByTagName(s)[0],p=\/^http:\/.test(d.location)?'http':'https';if(!d.getElementById(id)){js=d.createElement(s);js.id=id;js.src=p+':\/\/platform.twitter.com\/widgets.js';fjs.parentNode.insertBefore(js,fjs);}}(document, 'script', 'twitter-wjs');\n\/\/ ]]><\/script><\/p>\n<p><strong>Toni Cant\u00f3 es el pol\u00edtico franquicia de UPyD<\/strong>. El diputado nacional ha dado el paso <strong>para presentarse a las primarias<\/strong> con el objetivo de ser el candidato a la Generalitat. La formaci\u00f3n magenta se equivocar\u00e1 si Cant\u00f3 no es el n\u00famero uno en 2015.<\/p>\n<p>El espacio pol\u00edtico que se dibuja en la Comunitat Valenciana cada d\u00eda tiene m\u00e1s aristas. <strong>El desplome del PP valenciano<\/strong>, donde las guada\u00f1as se afilan para el d\u00eda despu\u00e9s, ha encontrado una bolsa de aire a favor <strong>con la aparici\u00f3n de Podemos<\/strong>. El partido de <strong>Pablo Iglesias<\/strong> ha convertido a la izquierda local en un minifundio a la que se le ha ca\u00eddo el castillo del tripartito. <a href=\"https:\/\/blogs.lasprovincias.es\/elfrancotirador\/2014\/08\/31\/podemos-es-un-problema\/\">Podemos es ahora mismo el gran\u00a0enemigo para la oposici\u00f3n\u00a0valenciana<\/a>.<\/p>\n<p><!--more--><\/p>\n<p><strong>Antes de Podemos<\/strong>, el pescado\u00a0estaba vendido. <strong>El l\u00edder del PSPV, Ximo Puig<\/strong>, presidente de la Generalitat con los peores resultados de la historia del socialismo valenciano. <strong>Comprom\u00eds, con M\u00f3nica Oltra<\/strong> de cabeza de lista (eso lo sabe hasta Morera) podr\u00eda presidir Les Corts y alg\u00fan Ayuntamiento de relumbr\u00f3n. Adem\u00e1s, \u00e1reas como Cultura y Medio Ambiente tienen el perfil de la coalici\u00f3n. El tercer elemento necesario, <strong>Esquerra Unida<\/strong>, ver\u00eda recompensada su aportaci\u00f3n con un \u00e1rea como Bienestar Social como motivo para sumarse a la causa. Este es el dibujo del tripartito. No busquen m\u00e1s porque no lo hay. <strong>Puig presidente y <a href=\"https:\/\/blogs.lasprovincias.es\/elfrancotirador\/2014\/05\/11\/en-la-trampa-de-monica-oltra\/\">Oltra domin\u00e1ndolo todo en la sombra<\/a><\/strong>.<\/p>\n<p><strong>Pero nadie contaba con Podemos<\/strong>. Con la explosi\u00f3n del partido de la calle. La formaci\u00f3n que ha conseguido aglutinar a la mayor\u00eda del 15-M, que nutri\u00f3 a Comprom\u00eds y EU en las \u00faltimas auton\u00f3micas, y a todos aquellos desencantados del bipartidismo asfixiante. \u00bfSe imaginan que Podemos se convierte en la segunda fuerza m\u00e1s votada de la Comunitat? <strong>\u00bfVotar\u00eda el PSPV para presidente de la Generalitat al n\u00famero uno del partido de Pablo Iglesias?<\/strong> \u00bfSer\u00eda esto el fin de Comprom\u00eds? \u00bfLa reina M\u00f3nica Oltra destronada en casa? Va a haber fiesta. Pero de la buena. Por eso, por abajo,<strong> los dos minoritarios tratan de sumar a su causa a los chicos de Podemos por el temor a ser fagocitados por esa nueva izquierda<\/strong>.<\/p>\n<p><a href=\"\/elfrancotirador\/wp-content\/uploads\/sites\/17\/2014\/09\/Toni-Cant\u00f3.jpg\"><img loading=\"lazy\" class=\"aligncenter size-full wp-image-904\" title=\"DOCU_GRUPO MASCLETA FIESTAS DE HOGUERAS DE ALICANTE DE 2012.\" src=\"\/elfrancotirador\/wp-content\/uploads\/sites\/17\/2014\/09\/Toni-Cant\u00f3.jpg\" alt=\"\" width=\"640\" height=\"435\" srcset=\"https:\/\/static-blogs.lasprovincias.es\/wp-content\/uploads\/sites\/17\/2014\/09\/Toni-Cant\u00f3.jpg 640w, https:\/\/static-blogs.lasprovincias.es\/wp-content\/uploads\/sites\/17\/2014\/09\/Toni-Cant\u00f3-300x204.jpg 300w\" sizes=\"(max-width: 640px) 100vw, 640px\" \/><\/a><\/p>\n<p><strong>Con este escenario a UPyD se le abre el mar<\/strong>. El partido de <strong>Rosa D\u00edez<\/strong> es la llave. Los magenta, que si nada lo remedia acabar\u00e1n perdidos en batallas infructuosas, pueden lograr los esca\u00f1os suficientes en Les Corts Valencianas para tener capacidad de decisi\u00f3n. Si necesidad de pactos cerrados. Con la simple abstenci\u00f3n. Desde la barrera, con un PP en minor\u00eda y una izquierda fragmentada en la que s\u00f3lo sobrevivir\u00e1n los m\u00e1s astutos. <strong>Un Podemos al alza provocar\u00e1 un terremoto devastador en el PSPV con cambio generacional incluido, destapar\u00e1 la esencia de los odios en Comprom\u00eds y har\u00e1 que EU sobreviva si es que puede<\/strong>.<\/p>\n<p>UPyD tiene en su mano la decisi\u00f3n de elegir<strong> entre Toni Cant\u00f3<\/strong>, con el que la Comunitat logr\u00f3 un esca\u00f1o a contracorriente en Madrid, y <strong>Alexis Mar\u00ed,<\/strong> que tiene el respaldo de las bases pero es totalmente an\u00f3nimo para el electorado. Las redes sociales sirven de balanza. <strong>Alexis Mar\u00ed se presenta en twitter con 1.031 seguidores; Toni Cant\u00f3, m\u00e1s de 156.000<\/strong>. No es una opini\u00f3n, es una realidad. <a href=\"https:\/\/blogs.lasprovincias.es\/elfrancotirador\/2014\/03\/02\/el-error-de-upyd-con-toni-canto\/\">Si UPyD no apuesta por el pol\u00edtico-actor, se volver\u00e1 a equivocar.<\/a><\/p>\n<!-- AddThis Advanced Settings generic via filter on the_content --><!-- AddThis Share Buttons generic via filter on the_content -->","protected":false},"excerpt":{"rendered":"<p>Seguir a @hesteban15 Toni Cant\u00f3 es el pol\u00edtico franquicia de UPyD. El diputado nacional ha dado el paso para presentarse a las primarias con el objetivo de ser el candidato a la Generalitat. La formaci\u00f3n magenta se equivocar\u00e1 si Cant\u00f3 no es el n\u00famero uno en 2015. El espacio pol\u00edtico que se dibuja en la [&hellip;]<!-- AddThis Advanced Settings generic via filter on get_the_excerpt --><!-- AddThis Share Buttons generic via filter on get_the_excerpt --><\/p>\n","protected":false},"author":22,"featured_media":0,"comment_status":"open","ping_status":"open","sticky":false,"template":"","format":"standard","meta":[],"categories":[2],"tags":[30,152,216,297,432,515,532,539,638,651,660,663,690],"_links":{"self":[{"href":"https:\/\/blogs.lasprovincias.es\/elfrancotirador\/wp-json\/wp\/v2\/posts\/903"}],"collection":[{"href":"https:\/\/blogs.lasprovincias.es\/elfrancotirador\/wp-json\/wp\/v2\/posts"}],"about":[{"href":"https:\/\/blogs.lasprovincias.es\/elfrancotirador\/wp-json\/wp\/v2\/types\/post"}],"author":[{"embeddable":true,"href":"https:\/\/blogs.lasprovincias.es\/elfrancotirador\/wp-json\/wp\/v2\/users\/22"}],"replies":[{"embeddable":true,"href":"https:\/\/blogs.lasprovincias.es\/elfrancotirador\/wp-json\/wp\/v2\/comments?post=903"}],"version-history":[{"count":0,"href":"https:\/\/blogs.lasprovincias.es\/elfrancotirador\/wp-json\/wp\/v2\/posts\/903\/revisions"}],"wp:attachment":[{"href":"https:\/\/blogs.lasprovincias.es\/elfrancotirador\/wp-json\/wp\/v2\/media?parent=903"}],"wp:term":[{"taxonomy":"category","embeddable":true,"href":"https:\/\/blogs.lasprovincias.es\/elfrancotirador\/wp-json\/wp\/v2\/categories?post=903"},{"taxonomy":"post_tag","embeddable":true,"href":"https:\/\/blogs.lasprovincias.es\/elfrancotirador\/wp-json\/wp\/v2\/tags?post=903"}],"curies":[{"name":"wp","href":"https:\/\/api.w.org\/{rel}","templated":true}]}}