{"id":983,"date":"2015-12-30T13:52:25","date_gmt":"2015-12-30T13:52:25","guid":{"rendered":"http:\/\/blogs.lasprovincias.es\/elfrancotirador\/?p=983"},"modified":"2015-12-30T13:52:25","modified_gmt":"2015-12-30T13:52:25","slug":"el-marido-de-carmen-monton","status":"publish","type":"post","link":"https:\/\/blogs.lasprovincias.es\/elfrancotirador\/2015\/12\/30\/el-marido-de-carmen-monton\/","title":{"rendered":"El marido de Carmen Mont\u00f3n"},"content":{"rendered":"<p><a class=\"twitter-follow-button\" href=\"https:\/\/twitter.com\/hesteban15\" rel=\"external nofollow\"> Seguir a @hesteban15<\/a><\/p>\n<p>Fui el primer periodista en conocer a <strong>Carmen Mont\u00f3n<\/strong>. Todav\u00eda me acuerdo de aquellas palabras. Las tengo grabadas porque fue un proceso a la inversa. La l\u00f3gica invita a que sea el plumilla el que pregunte. En este caso fue al rev\u00e9s: &#8220;Hola, \u00bferes periodista no? &#8220;S\u00ed&#8221;, contest\u00e9. Fue frente a la fachada del Ayuntamiento de Burjassot. De noche, despu\u00e9s de un pleno municipal. A finales de los noventa. Yo era un colaborador que trataba de ganarse su primer contrato. <strong>Carmencita, como la llamaban los pesos pesados de la agrupaci\u00f3n socialista de Burjassot, era la hija de Pedro Mont\u00f3n, un concejal que cerraba filas en aquel grupo que dirig\u00eda Jos\u00e9 Luis Andr\u00e9s Chavarr\u00edas<\/strong>.<\/p>\n<p>Carmencita sol\u00eda acudir a muchos plenos municipales. En compa\u00f1\u00eda de otra joven postadolescente, tambi\u00e9n hija de concejal a la que nunca le pronostiqu\u00e9 larga carrera en pol\u00edtica. La hija de Pedro Mont\u00f3n era otra cosa. Se le ve\u00eda a la legua. La actual <strong>consellera de Sanidad<\/strong> quer\u00eda vivir de esto y desde el inicio\u00a0<strong>\u00a0supo cobijarse bajo las mejores sombras<\/strong>. Al menos, bajo aquellas que le evitaran achicharrarse al sol de la pol\u00edticas.<\/p>\n<p><a href=\"\/elfrancotirador\/wp-content\/uploads\/sites\/17\/2015\/12\/LF1N52D23.jpg\"><img loading=\"lazy\" class=\"aligncenter size-full wp-image-987\" title=\"DOCU_LP\" src=\"\/elfrancotirador\/wp-content\/uploads\/sites\/17\/2015\/12\/LF1N52D23.jpg\" alt=\"\" width=\"674\" height=\"449\" srcset=\"https:\/\/static-blogs.lasprovincias.es\/wp-content\/uploads\/sites\/17\/2015\/12\/LF1N52D23.jpg 674w, https:\/\/static-blogs.lasprovincias.es\/wp-content\/uploads\/sites\/17\/2015\/12\/LF1N52D23-300x200.jpg 300w\" sizes=\"(max-width: 674px) 100vw, 674px\" \/><\/a><\/p>\n<p>Aquel plenario de Burjassot era un buen master para conocer de cerca el arte de la guerra pol\u00edtica. Mi querido Andr\u00e9s Chavarr\u00edas era uno de los alcaldes de la vieja escuela, con Pepe Ruiz a su derecha como elemento de presa para atizar y contener los ataques de la oposici\u00f3n.<strong> En el PP lideraba el grupo Vicente Burgos<\/strong>, uno de los \u00edntimos de Francisco Camps, Gerardo Camps y Esteban Gonz\u00e1lez Pons, miembros de la tertulia pol\u00edtica que se daba en el bar El Agujero. Burgos vivi\u00f3 la vida subido en una monta\u00f1a rusa con m\u00e1s descensos que subidas y termin\u00f3 en prisi\u00f3n despu\u00e9s de liquidar RTVV. En Izquierda Unida, <strong>un larguirucho Ricardo Sixto<\/strong> era un enfant terrible junto a Iv\u00e1n Casta\u00f1\u00f3n con las poses propias de un guerrillero que alborotaba cada pleno sin llegar a digerir que una tr\u00e1nsfuga de Nova Esquerra le hubiera dado el gobierno al PSPV.<strong> En ese ambiente pol\u00edtico se cri\u00f3 Carmencita<\/strong>. Con gente de primera fila, curtida en la pol\u00edtica municipal, a imagen y semejanza de concejales que hoy siguen viviendo de la pol\u00edtica.<\/p>\n<p>A partir de aquellas primeras palabras en la puerta del Consistorio,<strong> mi relaci\u00f3n con Carmen Mont\u00f3n ha sido como un guadiana<\/strong>. Idas y venidas. Alg\u00fan encuentro espor\u00e1dico y llamadas discontinuas de tel\u00e9fono.Con un aroma de desconfianza de su parte, como si siempre la quisiera pillar en un renuncio.<\/p>\n<p><strong>Carmencita, que asumi\u00f3 el papel del padre en el Ayuntamiento de Burjassot, se abrig\u00f3 al calor del lermismo<\/strong>. Pura estrategia. Mientras la mayor parte de la agrupaci\u00f3n de Burjassot jug\u00f3 a caballo perdedor, la joven se posicion\u00f3 para <strong>ser elevada por Ignasi Pla al Congreso de los Diputados<\/strong>. Carmencita pas\u00f3 a ser Carmen Mont\u00f3n. \u00a0Como nuevo referente del joven socialismo valenciano controlado por los dinosaurios de siempre. La ni\u00f1a de los ojos del lermismo de Pla. La diputada Mont\u00f3n se implic\u00f3 de lleno en los temas de igualdad, lo que vali\u00f3 una gran popularidad los d\u00edas en los que <a href=\"http:\/\/www.lasprovincias.es\/valencia\/20090329\/politica\/infierno-caso-exista-20090329.html\" rel=\"external nofollow\">Bibiana A\u00eddo convirti\u00f3 en &#8220;miembras&#8221; a todas las f\u00e9minas del Congreso<\/a>.<\/p>\n<p>Cl\u00e1sica en el vestir, displicente en la actitud y dulce en su tono de voz, volvi\u00f3 a Valencia por la puerta grande. <strong>Aprob\u00f3 pediatr\u00eda para exhibir la licenciatura que le valida como consellera de Sanitat sin haber ejercido<\/strong>. El t\u00edtulo es lo de menos. Por la cartera han pasado consellers ajenos al ramo. Hasta <a href=\"https:\/\/blogs.lasprovincias.es\/elfrancotirador\/2012\/07\/09\/el-dinero-de-los-negratas\/\">Rafa Blasco<\/a> fue titular del \u00e1rea.<\/p>\n<p><strong>Con Carmen lleg\u00f3 al pol\u00e9mica al Consell<\/strong>. La primera, cuando casi a la b\u00falgara coloc\u00f3 a la se\u00f1adora del <a href=\"http:\/\/www.lasprovincias.es\/comunitat\/201509\/11\/sanidad-ficha-senadora-para-20150910232524-v.html\" rel=\"external nofollow\">PSC M\u00f3nica Almi\u00f1ana como directora de La Fe<\/a>. Ahora, el enchufismo le explota en casa con la colocaci\u00f3n de su marido, <a href=\"http:\/\/www.lasprovincias.es\/politica\/201512\/29\/marido-consellera-sanidad-nuevo-20151228233509-v.html\" rel=\"external nofollow\">Alberto Hern\u00e1ndez Campa, como gerente de Egevasa<\/a>. La madre de Hern\u00e1ndez fue persona de m\u00e1xima confianza de Jos\u00e9 Bono y el chico, l\u00edder de los yogurines manchegos del PSOE. La pol\u00edtica enamor\u00f3 a la pareja Hern\u00e1ndez-Mont\u00f3n. Alberto es un buen tipo. Noblote. Siempre bajo el dintel del tir\u00f3n p\u00fablico de su esposa. Tiene puesto en Bancaja, pero siempre le ha gustado m\u00e1s lo de la pol\u00edtica y lo p\u00fablico.<strong> Integr\u00f3 uno de los n\u00facleos duros de Ignasi Pla en calidad de asesor<\/strong>. En los a\u00f1os de la \u00faltima derrota. Antes de que Ignasi saltara por los aires por culpa del alicatado de la cocina.<\/p>\n<p>Los trif\u00e1sicos familiares est\u00e1n a la orden del d\u00eda. <a href=\"http:\/\/www.lasprovincias.es\/politica\/201512\/29\/oltra-considera-estetico-nombramiento-20151229132956.html\" rel=\"external nofollow\">No es est\u00e9tico, como dijo M\u00f3nica Oltra sobre el caso del marido de Mont\u00f3n<\/a>. Aquello del C\u00e9sar. Pero ning\u00fan partido est\u00e1 libre de pecado. Ni siquiera Comprom\u00eds. Mont\u00f3n ni es la primera ni ser\u00e1 la \u00faltima. <strong>Blanquer\u00edas siempre ha tenido la etiqueta de cierto pesebre alejado de la pregonada regeneraci\u00f3n pol\u00edtica<\/strong>.<\/p>\n<p>No me sorprende lo del marido de la consellera. <strong>Lo que de verdad me irrita es la reacci\u00f3n de Carmen Mont\u00f3n<\/strong>: &#8220;Pasado el tiempo volver\u00e1 la normalidad al Gobierno&#8221;. El matrimonio, bien colocado, rubricar\u00e1 su compromiso al calor de unos <a href=\"http:\/\/www.lasprovincias.es\/politica\/201512\/30\/marido-monton-cobrara-euros-20151230131511.html\" rel=\"external nofollow\">120.000 euros al a\u00f1o entre los do<\/a>s. Viejos vicios para los nuevos tiempos. Piedras en el camino del cacareado cambio. Normalidad antiest\u00e9tica para un mal uso de la pol\u00edtica. <strong>La vida, a derechas e izquierdas, sigue igual<\/strong>.<\/p>\n<!-- AddThis Advanced Settings generic via filter on the_content --><!-- AddThis Share Buttons generic via filter on the_content -->","protected":false},"excerpt":{"rendered":"<p>Seguir a @hesteban15 Fui el primer periodista en conocer a Carmen Mont\u00f3n. Todav\u00eda me acuerdo de aquellas palabras. Las tengo grabadas porque fue un proceso a la inversa. La l\u00f3gica invita a que sea el plumilla el que pregunte. En este caso fue al rev\u00e9s: &#8220;Hola, \u00bferes periodista no? &#8220;S\u00ed&#8221;, contest\u00e9. Fue frente a la [&hellip;]<!-- AddThis Advanced Settings generic via filter on get_the_excerpt --><!-- AddThis Share Buttons generic via filter on get_the_excerpt --><\/p>\n","protected":false},"author":22,"featured_media":0,"comment_status":"open","ping_status":"open","sticky":false,"template":"","format":"standard","meta":[],"categories":[2],"tags":[27,117,152,159,225,239,408,432,539,690],"_links":{"self":[{"href":"https:\/\/blogs.lasprovincias.es\/elfrancotirador\/wp-json\/wp\/v2\/posts\/983"}],"collection":[{"href":"https:\/\/blogs.lasprovincias.es\/elfrancotirador\/wp-json\/wp\/v2\/posts"}],"about":[{"href":"https:\/\/blogs.lasprovincias.es\/elfrancotirador\/wp-json\/wp\/v2\/types\/post"}],"author":[{"embeddable":true,"href":"https:\/\/blogs.lasprovincias.es\/elfrancotirador\/wp-json\/wp\/v2\/users\/22"}],"replies":[{"embeddable":true,"href":"https:\/\/blogs.lasprovincias.es\/elfrancotirador\/wp-json\/wp\/v2\/comments?post=983"}],"version-history":[{"count":0,"href":"https:\/\/blogs.lasprovincias.es\/elfrancotirador\/wp-json\/wp\/v2\/posts\/983\/revisions"}],"wp:attachment":[{"href":"https:\/\/blogs.lasprovincias.es\/elfrancotirador\/wp-json\/wp\/v2\/media?parent=983"}],"wp:term":[{"taxonomy":"category","embeddable":true,"href":"https:\/\/blogs.lasprovincias.es\/elfrancotirador\/wp-json\/wp\/v2\/categories?post=983"},{"taxonomy":"post_tag","embeddable":true,"href":"https:\/\/blogs.lasprovincias.es\/elfrancotirador\/wp-json\/wp\/v2\/tags?post=983"}],"curies":[{"name":"wp","href":"https:\/\/api.w.org\/{rel}","templated":true}]}}