{"id":141,"date":"2012-05-18T09:15:47","date_gmt":"2012-05-18T09:15:47","guid":{"rendered":"http:\/\/blogs.lasprovincias.es\/elsindromededarrin\/?p=141"},"modified":"2012-05-18T09:15:47","modified_gmt":"2012-05-18T09:15:47","slug":"gonzalez-pons-y-the-wire","status":"publish","type":"post","link":"https:\/\/blogs.lasprovincias.es\/elsindromededarrin\/2012\/05\/18\/gonzalez-pons-y-the-wire\/","title":{"rendered":"Gonz\u00e1lez Pons y &#039;The wire&#039;"},"content":{"rendered":"<p><span style=\"font-size: small;\"><br \/>\n<\/span><\/p>\n<p style=\"text-align: right;\"><strong>&#8220;Cuanto m\u00e1s grande es la mentira, m\u00e1s se la tragan&#8221;<\/strong><\/p>\n<p style=\"text-align: right;\">Bunk Moreland<\/p>\n<p><a class=\"twitter-share-button\" href=\"https:\/\/twitter.com\/share\" data-url=\"https:\/\/blogs.lasprovincias.es\/elsindromededarrin\/2012\/05\/18\/gonzalez-pons-y-the-wire\/\" data-via=\"mikel_labastida\" data-lang=\"es\" rel=\"external nofollow\">Twittear<\/a><br \/>\n<script type=\"text\/javascript\">\/\/ <![CDATA[\n!function(d,s,id){var js,fjs=d.getElementsByTagName(s)[0];if(!d.getElementById(id)){js=d.createElement(s);js.id=id;js.src=\"\/\/platform.twitter.com\/widgets.js\";fjs.parentNode.insertBefore(js,fjs);}}(document,\"script\",\"twitter-wjs\");\n\/\/ ]]><\/script><\/p>\n<p style=\"text-align: left;\"><span class=\"Apple-style-span\" style=\"font-size: medium;\"><a href=\"\/elsindromededarrin\/wp-content\/uploads\/sites\/21\/2012\/05\/wire_13372748741.jpg\"><img loading=\"lazy\" class=\"alignleft size-medium wp-image-142\" title=\"wire_13372748741\" src=\"\/elsindromededarrin\/wp-content\/uploads\/sites\/21\/2012\/05\/wire_13372748741.jpg\" alt=\"\" width=\"207\" height=\"300\" srcset=\"https:\/\/static-blogs.lasprovincias.es\/wp-content\/uploads\/sites\/21\/2012\/05\/wire_13372748741.jpg 600w, https:\/\/static-blogs.lasprovincias.es\/wp-content\/uploads\/sites\/21\/2012\/05\/wire_13372748741-207x300.jpg 207w\" sizes=\"(max-width: 207px) 100vw, 207px\" \/><\/a>Puedo perdonar a Gonz\u00e1lez Pons que dijese en una entrevista reciente que le hizo Javier G\u00f3mez en <a href=\"http:\/\/www.jotdown.es\/2012\/05\/esteban-gonzalez-pons-la-burbuja-inmobiliaria-fue-buena\/\" target=\"_blank\" rel=\"external nofollow\">Jot Down Cultural <\/a>que la burbuja inmobiliaria fue buena (\u00a1\u00a1con la que est\u00e1 cayendo\u2026!!), que afirme orgulloso que aquello propici\u00f3 que mucha gente adquiriese una segunda vivienda (con la que est\u00e1 cayendo por eso\u2026), que confiese que no entiende el arte contempor\u00e1neo (como se entere Consuelo C\u00edscar\u2026), que recuerde con nostalgia los reba\u00f1os que pasaban por su colegio\u00a0\u00a0(que no es que tenga nada contra las ovejas, pero vamos que como imagen id\u00edlica no cuela) e incluso que decore su despacho con figuras de Mazinger Z y de Dora (\u00bfla exploradora?).<\/span><\/p>\n<p style=\"text-align: left;\"><span style=\"font-size: medium;\">Pero lo que no puedo (no puedo, no puedo, no puedo) pasar por alto es que menosprecie \u2018<a href=\"http:\/\/www.hbo.com\/the-wire\/index.html\" target=\"_blank\" rel=\"external nofollow\">The wire<\/a>\u2019. Por ah\u00ed no paso. No s\u00f3lo es que afirme que s\u00f3lo ha visto dos temporadas porque se aburri\u00f3, sino que osa a compararla con &#8216;<a href=\"http:\/\/www.tv.com\/shows\/kojak\/\" target=\"_blank\" rel=\"external nofollow\">Kojak<\/a>&#8216;. S\u00ed, la del polic\u00eda que lam\u00eda chupa-chups para dejar de fumar y repet\u00eda aquello de \u2018\u00bfQui\u00e9n te quiere nena?&#8217;.<\/span><\/p>\n<p><span style=\"font-size: medium;\">No tengo nada en contra del teniente Kojak. Es m\u00e1s, el tiempo creo que ha sido generoso con \u00e9l porque, pese a ser alguien rudo y algo machista, hoy se le recuerda con cari\u00f1o e, incluso, se ha convertido en s\u00edmbolo setentero. Telly Savallas tuvo el m\u00e9rito de interpretar al primer poli sin modales y desagradable en un mundo televisivo en el que todo era correcci\u00f3n y paz y amor entre porras. Lo que ocurre es que Kojak como personaje desagradable y tosco no presentaba la complejidad de otros que han seguido esa l\u00ednea despu\u00e9s, como el gran Vic Mackey y todos los polis de \u2018<a href=\"http:\/\/www.tv.com\/shows\/the-shield\/\" target=\"_blank\" rel=\"external nofollow\">The shield<\/a>\u2019.<\/span><\/p>\n<p><iframe loading=\"lazy\" src=\"\/\/www.youtube.com\/embed\/8YiqPv3Ha68\" frameborder=\"0\" width=\"420\" height=\"315\"><\/iframe><\/p>\n<p><span style=\"font-size: medium;\">Visto un cap\u00edtulo de &#8216;<a href=\"http:\/\/www.tv.com\/shows\/kojak\/\" target=\"_blank\" rel=\"external nofollow\">Kojak<\/a>&#8216;, visto todos. Pero eso no se puede definir \u2018<a href=\"http:\/\/www.hbo.com\/the-wire\/index.html\" target=\"_blank\" rel=\"external nofollow\">The wire<\/a>\u2019 as\u00ed. Eso no se\u00f1or Gonz\u00e1lez Pons. Yo soy Cospedal y le llamo al orden por haber afirmado eso.<\/span><\/p>\n<p><span style=\"font-size: medium;\">Tarde o temprano en todo blog de series se habla de \u2018<a href=\"http:\/\/www.hbo.com\/the-wire\/index.html\" target=\"_blank\" rel=\"external nofollow\">The wire<\/a>\u2019. Pues ya est\u00e1 aqu\u00ed. No ser\u00e9 yo quien la eleve a los altares (a esos en los que est\u00e1n &#8216;Los Soprano&#8217; y los Fisher), pero casi. La que fuese buque insignia de la HBO no es una serie m\u00e1s sobre polis, no es una serie m\u00e1s sobre la lucha contra el narcotr\u00e1fico, no es la t\u00edpica serie donde cada cap\u00edtulo se resuelve un caso, rollo \u2018<a href=\"http:\/\/www.cbs.com\/shows\/csi\/\" target=\"_blank\" rel=\"external nofollow\">CSI<\/a>\u2019. No. En \u2018<a href=\"http:\/\/www.hbo.com\/the-wire\/index.html\" target=\"_blank\" rel=\"external nofollow\">The wire<\/a>\u2019 nada ocurre porque s\u00ed, no hay escenas de relleno, ni puntada sin hilo. Y, sin embargo, su ritmo es lento, pausado, en ocasiones exasperante incluso. Porque se debe degustar poco a poco. Puede resultar amarga, pero el regusto final es inmejorable.<\/span><\/p>\n<p><span style=\"font-size: medium;\">Hay que admirarla como un todo. Mirarla desde la distancia y descubrir el mejor retrato sobre el mundo del narcotr\u00e1fico. Aqu\u00ed no hay buenos ni malos, ni situaciones id\u00edlicas. Nadie sale a salvo de la quema. Ni los pol\u00edticos, capaces de venderse al mejor postor; ni los periodistas, que se olvidan de su labor social; ni los polic\u00edas, tentados por los m\u00e9todos m\u00e1s discutibles; ni la propia sociedad, que se escandaliza p\u00fablicamente pero mira hacia otro lado cuando le conviene. \u2018<a href=\"http:\/\/www.hbo.com\/the-wire\/index.html\" target=\"_blank\" rel=\"external nofollow\">The wire<\/a>\u2019 es una patada en el est\u00f3mago. As\u00ed que conviene tener el abdomen duro para recibirla.<\/span><\/p>\n<p><span style=\"font-size: medium;\">Lo de compararla con \u2018<a href=\"http:\/\/www.tv.com\/shows\/starsky-and-hutch\/\" target=\"_blank\" rel=\"external nofollow\">Starsky y Hutch<\/a>\u2019, se\u00f1or Gonz\u00e1lez Pons, voy a hacer como que no lo he le\u00eddo.<\/span><\/p>\n<p><iframe loading=\"lazy\" src=\"\/\/www.youtube.com\/embed\/_L4W2mMuaEA\" frameborder=\"0\" width=\"420\" height=\"315\"><\/iframe><\/p>\n<p><span style=\"font-size: medium;\">Creo que podemos saber mucho de los pol\u00edticos seg\u00fan lo que ven en televisi\u00f3n. El problema es que con las series nadie dice toda la verdad. Es decir, queda muy bien reconocer que sigues \u2018<a href=\"http:\/\/www.hbo.com\/the-sopranos\/index.html\" target=\"_blank\" rel=\"external nofollow\">Los Soprano<\/a>\u2019 o \u2018<a href=\"http:\/\/www.tv.com\/shows\/the-west-wing\/\" target=\"_blank\" rel=\"external nofollow\">El ala oeste de la Casa Blanca<\/a>\u2019, pero nadie suele poner entre sus favoritas &#8216;<a href=\"http:\/\/www.cwtv.com\/shows\/gossip-girl\" target=\"_blank\" rel=\"external nofollow\">Gossip Girl<\/a>&#8216; (por mucho que luego disfruten a lo loco viendo las maldades de Blair) o &#8216;<a href=\"http:\/\/www.hbo.com\/true-blood\/index.html\" target=\"_blank\" rel=\"external nofollow\">True Blood<\/a>&#8216; (s\u00ed, todos caemos finalmente en los colmillos de un vampiro). Al \u00fanico pol\u00edtico que le he visto comentar sin rubor que est\u00e1 enganchado a un tru\u00f1o es a Clinton, que se declar\u00f3 fan de \u2018<a href=\"http:\/\/abc.go.com\/shows\/greys-anatomy\" target=\"_blank\" rel=\"external nofollow\">Anatom\u00eda de Grey<\/a>\u2019. S\u00ed, a m\u00ed las historias de Meredith y Derek me parecen un tru\u00f1o. No admito discusi\u00f3n.<\/span><\/p>\n<p><span style=\"font-size: medium;\">McCain perdi\u00f3 las elecciones frente a Obama porque se confes\u00f3 seguidor de \u2018<a href=\"http:\/\/www.tv.com\/shows\/prison-break\/\" target=\"_blank\" rel=\"external nofollow\">Prison Break<\/a>\u2019 mientras que el dem\u00f3crata dijo ser un apasionado de \u2018<a href=\"http:\/\/www.hbo.com\/the-wire\/index.html\" target=\"_blank\" rel=\"external nofollow\">The wire<\/a>\u2019. Ves, ya digo que hay t\u00edtulos que visten m\u00e1s que otros. Pues yo me reconcili\u00e9 con McCain por esta afirmaci\u00f3n (incluso olvid\u00e9 a Sarah Palin). S\u00ed, devor\u00e9 en tres d\u00edas la primera temporada de la Penitenciar\u00eda de Fox River. Y voy m\u00e1s all\u00e1. Ahora veo &#8216;<a href=\"http:\/\/beta.abc.go.com\/shows\/revenge\" target=\"_blank\" rel=\"external nofollow\">Revenge<\/a>&#8216;. Mala hasta decir basta, pero ah\u00ed me tiene atontado.<\/span><\/p>\n<p><span style=\"font-size: medium;\">En aquel duelo electoral se public\u00f3 un estudio que se\u00f1alaba que los dem\u00f3cratas ve\u00edan &#8216;<a href=\"http:\/\/www.fox.com\/familyguy\/\" target=\"_blank\" rel=\"external nofollow\">Padre de familia<\/a>&#8216;, &#8216;<a href=\"http:\/\/www.cbs.com\/shows\/two_and_a_half_men\/\" target=\"_blank\" rel=\"external nofollow\">Dos hombres y medio<\/a>&#8216; y &#8216;<a href=\"http:\/\/www.fox.com\/bones\/\" target=\"_blank\" rel=\"external nofollow\">Bones<\/a>&#8216;, mientras que los republicanos se inclinaban por &#8216;<a href=\"http:\/\/www.cbs.com\/shows\/csi\/\" target=\"_blank\" rel=\"external nofollow\">CSI<\/a>&#8216;, &#8216;<a href=\"http:\/\/www.cbs.com\/shows\/survivor\/\" target=\"_blank\" rel=\"external nofollow\">Survivor<\/a>&#8216; y &#8216;<a href=\"http:\/\/www.cbs.com\/shows\/ncis\/\" target=\"_blank\" rel=\"external nofollow\">Navy<\/a>&#8216;. Mira que se malgasta el dinero en estudios.<\/span><\/p>\n<p><span style=\"font-size: medium;\">Aqu\u00ed en Espa\u00f1a los pol\u00edticos tampoco se mojan demasiado. Hace poco, en una encuesta para el portal <a href=\"http:\/\/www.vertele.com\/noticias\/\u00bfque-ven-el-rey-y-los-politicos-espanoles-en-television\/\" target=\"_blank\" rel=\"external nofollow\">Vertele<\/a>, Gaspar Llamazares y Tom\u00e1s G\u00f3mez escog\u00edan como su serie favorita \u2018<a href=\"http:\/\/www.fox.com\/house\/\" target=\"_blank\" rel=\"external nofollow\">House<\/a>\u2019 y Duran i Lleida se inclinaba por \u2018<a href=\"http:\/\/www.tv.com\/shows\/the-west-wing\/\" target=\"_blank\" rel=\"external nofollow\">El ala oeste\u2026<\/a>\u2019. (Bostezo) Rosa D\u00edez, en una entrevista en (la extinta) \u2018<a href=\"http:\/\/www.telecinco.es\/lanoria\/\" target=\"_blank\" rel=\"external nofollow\">La noria<\/a>\u2019, explic\u00f3 que dejaba grabando cada semana \u2018<a href=\"http:\/\/www.cbs.com\/shows\/csi\/\" target=\"_blank\" rel=\"external nofollow\">CSI<\/a>\u2019 y \u2018<a href=\"http:\/\/www.thesimpsons.com\/\" target=\"_blank\" rel=\"external nofollow\">Los Simpson<\/a>\u2019.<\/span><\/p>\n<p><span style=\"font-size: medium;\">No todo van a ser palos para el vicesecretario de Estudios y Programa del PP, Gonz\u00e1lez Pons, (que finalmente se disculp\u00f3 por twitter). Tuvo buenas palabras para \u2018<a href=\"http:\/\/www.hbo.com\/band-of-brothers\/index.html\" target=\"_blank\" rel=\"external nofollow\">Hermanos de sangre<\/a>\u2019, la serie de Spielberg sobre la Segunda Guerra Mundial y estuvo acertado cuando dijo que \u2018<a href=\"http:\/\/www.tv.com\/shows\/the-west-wing\/\" target=\"_blank\" rel=\"external nofollow\">El ala oeste&#8230;<\/a>\u2019 \u201cse parece mucho a la pol\u00edtica, aunque ojal\u00e1 que la pol\u00edtica se pareciera mas a la serie\u201d. Pues s\u00ed, eso esperamos muchos, que tomen nota y aprendan.<\/span><\/p>\n<p>&nbsp;<\/p>\n<p><span style=\"font-size: small;\"><em>T\u00edtulos de cr\u00e9dito: El autor de la entrevista a Gonz\u00e1lez Pons es @javigomezsexta. Si pulsas la pesta\u00f1a \u2018Almac\u00e9n de series\u2019 encontrar\u00e1s informaci\u00f3n de todos los t\u00edtulos de los que se habla en este blog, as\u00ed como la forma de adquirirlos. Para quejas, sugerencias y otras necesidades humanas mi correo es mlabastida@lasprovincias.es<\/em><\/span><\/p>\n<!-- AddThis Advanced Settings generic via filter on the_content --><!-- AddThis Share Buttons generic via filter on the_content -->","protected":false},"excerpt":{"rendered":"<p>&#8220;Cuanto m\u00e1s grande es la mentira, m\u00e1s se la tragan&#8221; Bunk Moreland Twittear Puedo perdonar a Gonz\u00e1lez Pons que dijese en una entrevista reciente que le hizo Javier G\u00f3mez en Jot Down Cultural que la burbuja inmobiliaria fue buena (\u00a1\u00a1con la que est\u00e1 cayendo\u2026!!), que afirme orgulloso que aquello propici\u00f3 que mucha gente adquiriese una [&hellip;]<!-- AddThis Advanced Settings generic via filter on get_the_excerpt --><!-- AddThis Share Buttons generic via filter on get_the_excerpt --><\/p>\n","protected":false},"author":29,"featured_media":0,"comment_status":"open","ping_status":"closed","sticky":false,"template":"","format":"standard","meta":[],"categories":[2],"tags":[203,258,361,416,631,646,745,896],"_links":{"self":[{"href":"https:\/\/blogs.lasprovincias.es\/elsindromededarrin\/wp-json\/wp\/v2\/posts\/141"}],"collection":[{"href":"https:\/\/blogs.lasprovincias.es\/elsindromededarrin\/wp-json\/wp\/v2\/posts"}],"about":[{"href":"https:\/\/blogs.lasprovincias.es\/elsindromededarrin\/wp-json\/wp\/v2\/types\/post"}],"author":[{"embeddable":true,"href":"https:\/\/blogs.lasprovincias.es\/elsindromededarrin\/wp-json\/wp\/v2\/users\/29"}],"replies":[{"embeddable":true,"href":"https:\/\/blogs.lasprovincias.es\/elsindromededarrin\/wp-json\/wp\/v2\/comments?post=141"}],"version-history":[{"count":0,"href":"https:\/\/blogs.lasprovincias.es\/elsindromededarrin\/wp-json\/wp\/v2\/posts\/141\/revisions"}],"wp:attachment":[{"href":"https:\/\/blogs.lasprovincias.es\/elsindromededarrin\/wp-json\/wp\/v2\/media?parent=141"}],"wp:term":[{"taxonomy":"category","embeddable":true,"href":"https:\/\/blogs.lasprovincias.es\/elsindromededarrin\/wp-json\/wp\/v2\/categories?post=141"},{"taxonomy":"post_tag","embeddable":true,"href":"https:\/\/blogs.lasprovincias.es\/elsindromededarrin\/wp-json\/wp\/v2\/tags?post=141"}],"curies":[{"name":"wp","href":"https:\/\/api.w.org\/{rel}","templated":true}]}}