{"id":152,"date":"2012-05-23T20:01:46","date_gmt":"2012-05-23T20:01:46","guid":{"rendered":"http:\/\/blogs.lasprovincias.es\/elsindromededarrin\/?p=152"},"modified":"2012-05-23T20:01:46","modified_gmt":"2012-05-23T20:01:46","slug":"un-cuadro-de-perdidos-en-el-museo","status":"publish","type":"post","link":"https:\/\/blogs.lasprovincias.es\/elsindromededarrin\/2012\/05\/23\/un-cuadro-de-perdidos-en-el-museo\/","title":{"rendered":"Un cuadro de &#039;Perdidos&#039; en el museo"},"content":{"rendered":"<p style=\"text-align: right;\"><strong>&#8220;\u00bfY qu\u00e9 hago con todas mis buenas ideas? \u00bfMeterlas en la ba\u00f1era y ba\u00f1arme con ellas?\u00a0<\/strong><\/p>\n<p style=\"text-align: right;\"><strong>Porque para eso ya est\u00e1 el jab\u00f3n.&#8221;<\/strong><\/p>\n<p style=\"text-align: right;\">Peter Griffin<\/p>\n<p><a class=\"twitter-share-button\" href=\"https:\/\/twitter.com\/share\" data-url=\"https:\/\/blogs.lasprovincias.es\/elsindromededarrin\/2012\/05\/23\/un-cuadro-de-p\u2026os-en-el-museo\/\" data-via=\"mikel_labastida\" data-lang=\"es\" data-count=\"none\" rel=\"external nofollow\">Twittear<\/a><br \/>\n<script type=\"text\/javascript\">\/\/ <![CDATA[\n!function(d,s,id){var js,fjs=d.getElementsByTagName(s)[0];if(!d.getElementById(id)){js=d.createElement(s);js.id=id;js.src=\"\/\/platform.twitter.com\/widgets.js\";fjs.parentNode.insertBefore(js,fjs);}}(document,\"script\",\"twitter-wjs\");\n\/\/ ]]><\/script><\/p>\n<p><span style=\"font-size: medium;\"><a href=\"\/elsindromededarrin\/wp-content\/uploads\/sites\/21\/2012\/05\/426332_28469318_13375596261.jpg\"><img loading=\"lazy\" class=\"alignleft size-medium wp-image-153\" title=\"426332_28469318_13375596261\" src=\"\/elsindromededarrin\/wp-content\/uploads\/sites\/21\/2012\/05\/426332_28469318_13375596261.jpg\" alt=\"\" width=\"207\" height=\"300\" srcset=\"https:\/\/static-blogs.lasprovincias.es\/wp-content\/uploads\/sites\/21\/2012\/05\/426332_28469318_13375596261.jpg 600w, https:\/\/static-blogs.lasprovincias.es\/wp-content\/uploads\/sites\/21\/2012\/05\/426332_28469318_13375596261-207x300.jpg 207w\" sizes=\"(max-width: 207px) 100vw, 207px\" \/><\/a>Arte y televisi\u00f3n parecen, a simple vista, enemigos irreconciliables. \u00bfIr a un museo y ver &#8216;<a href=\"http:\/\/www.antena3.com\/programas\/millon\/\" rel=\"external nofollow\">Atrapa un mill\u00f3n<\/a>&#8216;? Eso es incompatible. \u00a1\u00a1La televisi\u00f3n la carga el diablo!! Todo el mundo la menosprecia, pero todo el mundo la mira.<\/span><\/p>\n<p><span style=\"font-size: medium;\">Pero lo cierto es\u00a0que la peque\u00f1a pantalla puede ser un excelente escaparate para darse a conocer. Teniendo en cuenta eso el departamento art\u00edstico de la serie &#8216;<a href=\"http:\/\/www.friendscafe.org\/\" rel=\"external nofollow\">Friends<\/a>&#8216; cada tres episodios renovaba los cuadros que se exhib\u00edan en el popular Central Perk y permit\u00eda que artistas locales e internacionales expusiesen sus obras junto al popular sof\u00e1. Eso s\u00ed, para formar parte del proyecto deb\u00edan demostrar mejores dotes que las de Phoebe en aquel fant\u00e1stico cap\u00edtulo en el que destapaba su vena art\u00edstica y creaba a la insuperable Gladys&#8230;<\/span><\/p>\n<p>&nbsp;<\/p>\n<p><span style=\"font-size: medium;\">La cosa cat\u00f3dica inspira. Warhol convirti\u00f3 en iconos objetos de consumo que aparec\u00edan en la publicidad, Jeff Koons se apropi\u00f3 de &#8216;<a href=\"http:\/\/www.tv.com\/shows\/popeye-the-sailor\/\" rel=\"external nofollow\">Popeye<\/a>&#8216; y de &#8216;<a href=\"http:\/\/www.tv.com\/shows\/the-garfield-show\/\" rel=\"external nofollow\">Garfield<\/a>&#8216;, y Mark Leckey lleg\u00f3 a ganar el premio Turner por un v\u00eddeo que inclu\u00eda im\u00e1genes de &#8216;<a href=\"http:\/\/www.thesimpsons.com\/\" target=\"_blank\" rel=\"external nofollow\">Los Simpson<\/a>&#8216;. El pop art se ha rendido a la Ruperta, a Naranjito e incluso a &#8216;<a href=\"http:\/\/www.telecinco.es\/salvame\/\" rel=\"external nofollow\">S\u00e1lvame<\/a>&#8216;, en una vertiente cada vez m\u00e1s kitsch.\u00a0Por su parte\u00a0los videoartistas no pueden evitar caer en la tentaci\u00f3n de\u00a0mostrar en sus piezas\u00a0secuencias de series como &#8216;<a href=\"http:\/\/www.hbo.com\/the-sopranos\/index.html\" rel=\"external nofollow\">Los Soprano<\/a>&#8216; o &#8216;<a href=\"http:\/\/www.tv.com\/shows\/starsky-and-hutch\/\" rel=\"external nofollow\">Starsky y Hutch<\/a>&#8216;.<\/span><\/p>\n<p><span style=\"font-size: medium;\">\u00bfCu\u00e1nto tardaremos en acudir a un museo y contemplar una imagen como esta? <\/span><\/p>\n<p style=\"text-align: center;\"><span style=\"font-size: medium;\"><a href=\"\/elsindromededarrin\/wp-content\/uploads\/sites\/21\/2012\/05\/PhotoFunia-1814dda.jpg\"><img loading=\"lazy\" class=\"aligncenter size-full wp-image-154\" title=\"PhotoFunia-1814dda\" src=\"\/elsindromededarrin\/wp-content\/uploads\/sites\/21\/2012\/05\/PhotoFunia-1814dda.jpg\" alt=\"\" width=\"630\" height=\"473\" srcset=\"https:\/\/static-blogs.lasprovincias.es\/wp-content\/uploads\/sites\/21\/2012\/05\/PhotoFunia-1814dda.jpg 700w, https:\/\/static-blogs.lasprovincias.es\/wp-content\/uploads\/sites\/21\/2012\/05\/PhotoFunia-1814dda-300x225.jpg 300w\" sizes=\"(max-width: 630px) 100vw, 630px\" \/><\/a><\/span><\/p>\n<p><span style=\"font-size: medium;\">Lo que ven es, de momento, un fotomontaje (que he hecho yo, que tambi\u00e9n llevo un artista dentro). \u00bfSe atrever\u00e1n la Tate, el Moma o el Reina Sof\u00eda a rendirse al influjo de los personajes cat\u00f3dicos? De momento estos templos ya van un paso atr\u00e1s porque\u00a0los artistas han encontrado y se han sabido aprovechar de las ficciones de m\u00e1s \u00e9xito. <\/span><\/p>\n<p><span style=\"font-size: medium;\">Los tres cuadros que vemos en este supuesto museo son reales.\u00a0El de &#8216;<a href=\"http:\/\/abc.go.com\/shows\/lost\" rel=\"external nofollow\">Perdidos<\/a>&#8216; (\u00a1dos a\u00f1os sin la isla!) pertenece al proyecto <a href=\"http:\/\/www.slashfilm.com\/cool-stuff-the-lost-underground-art-project\/\" target=\"_blank\" rel=\"external nofollow\">The Lost Underground Art Project<\/a>, organizado por una galer\u00eda de Los \u00c1ngeles que reuni\u00f3 el trabajo de veinte autores inspirados por la famosa serie. Kate, Sawyer, Locke y el oso polar saltaron de la pantalla al lienzo.<\/span><\/p>\n<p>&nbsp;<\/p>\n<p><span style=\"font-size: medium;\"><a href=\"\/elsindromededarrin\/wp-content\/uploads\/sites\/21\/2012\/05\/MadMenLerms.jpg\"><img loading=\"lazy\" class=\"alignleft size-medium wp-image-155\" title=\"MadMenLerms\" src=\"\/elsindromededarrin\/wp-content\/uploads\/sites\/21\/2012\/05\/MadMenLerms.jpg\" alt=\"\" width=\"229\" height=\"300\" srcset=\"https:\/\/static-blogs.lasprovincias.es\/wp-content\/uploads\/sites\/21\/2012\/05\/MadMenLerms.jpg 500w, https:\/\/static-blogs.lasprovincias.es\/wp-content\/uploads\/sites\/21\/2012\/05\/MadMenLerms-229x300.jpg 229w\" sizes=\"(max-width: 229px) 100vw, 229px\" \/><\/a>Y no ha sido el \u00fanico caso. Si hay una serie que agita las mentes m\u00e1s creativas es &#8216;<a href=\"http:\/\/www.amctv.com\/shows\/mad-men\" rel=\"external nofollow\">Mad Men<\/a>&#8216;. El mundo de la publicidad, el estilo sesentero, el culto a la moda, el tabaco y el alcohol como s\u00edmbolos, y el gusto est\u00e9tico de la ficci\u00f3n de AMC han te\u00f1ido de vintage los pinceles. Un ejemplo de ello lo protagoniz\u00f3 el colectivo <a href=\"http:\/\/www.soundonsight.org\/poster-art-inspired-by-mad-men\/\" target=\"_blank\" rel=\"external nofollow\">Spoke Art<\/a>, que pidi\u00f3 a varios artistas que plasmasen las ideas que les surg\u00edan\u00a0con las tramas de Betty, Don o\u00a0Joan. <\/span><\/p>\n<p><span style=\"font-size: medium;\">Libros como &#8216;<a href=\"http:\/\/us.penguingroup.com\/static\/pages\/features\/madmen\/index.html\/\" target=\"_blank\" rel=\"external nofollow\">Mad Men The Ilustrated World<\/a>&#8216; o &#8216;<a href=\"http:\/\/www.taschen.com\/pages\/es\/catalogue\/popculture\/all\/04461\/facts.mid_century_ads_advertising_from_the_mad_men_era.htm?utm_source=tas&#038;utm_medium=nl&#038;utm_campaign=madmen\" target=\"_blank\" rel=\"external nofollow\">Advertising of the Mad Men Era<\/a>&#8216; dan cuenta de la tendencia de mirar al pasado y del gusto de los creadores por los hombres de Madison Avenue. El furor no s\u00f3lo llega a los profesionales sino que se extiende a la calle. Con el comienzo de la quinta temporada, la cadena AMC apost\u00f3 por una publicidad minimalista en los p\u00f3sters con los que empapelaron las paradas de metro de Nueva York. En ellos \u00fanicamente aparec\u00eda un fondo en blanco con una silueta en negro. Ni rastro del nombre de la serie. Ni falta que hac\u00eda. La web <a href=\"http:\/\/blog.jwt.es\/publicidad\/el-regreso-de-mad-men-un-lienzo-en-blanco-para-la-creatividad.html\" target=\"_blank\" rel=\"external nofollow\">Gothamist<\/a>\u00a0propuso a los lectores que variasen el cartel y enviasen sus propias propuestas. Y algunas no ten\u00edan desperdicio. <\/span><\/p>\n<p>&nbsp;<\/p>\n<p><span style=\"font-size: medium;\"><a href=\"\/elsindromededarrin\/wp-content\/uploads\/sites\/21\/2012\/05\/dexter-poster-04.jpg\"><img loading=\"lazy\" class=\"alignleft size-medium wp-image-156\" title=\"dexter-poster-04\" src=\"\/elsindromededarrin\/wp-content\/uploads\/sites\/21\/2012\/05\/dexter-poster-04.jpg\" alt=\"\" width=\"246\" height=\"347\" \/><\/a>El dise\u00f1ador <a href=\"http:\/\/mattsoncreative.com\/\" target=\"_blank\" rel=\"external nofollow\">Ty Mattson<\/a>, autor de campa\u00f1as para marcas como Apple, Coca Cola o Billabong, es un fan\u00e1tico de las series y suele a menudo so\u00f1ar dibujando inspir\u00e1ndose en ellas. A prop\u00f3sito del final de &#8216;<a href=\"http:\/\/abc.go.com\/shows\/lost\" rel=\"external nofollow\">Perdidos<\/a>&#8216; edit\u00f3 varias piezas a modo de homenaje.\u00a0A &#8216;<a href=\"http:\/\/www.sho.com\/sho\/dexter\/home\" rel=\"external nofollow\">Dexter<\/a>&#8216; le dedica tiempo cada temporada. De las seis que hasta ahora se han emitido\u00a0ha\u00a0realizado un cartel diferente.\u00a0En ellos\u00a0re\u00fane los elementos principales de esa tanda de cap\u00edtulos (el asesino del hielo, Trinity, los objetos religiosos&#8230;). Cuentan que el creativo\u00a0siente tal admiraci\u00f3n por\u00a0Michael C. Hall\u00a0que al conocerlo le pidi\u00f3 que le grabase un mensaje\u00a0de saludo para su contestador autom\u00e1tico. Un poco miedo debe de dar llamar a una casa y escuchar la voz del inquietante forense. Mattson tambi\u00e9n ha transformado\u00a0la m\u00edtica cabecera de la ficci\u00f3n. Merece la pena revisarla.<\/span><\/p>\n<p>&nbsp;<\/p>\n<p><iframe loading=\"lazy\" src=\"\/\/player.vimeo.com\/video\/29995141\" frameborder=\"0\" width=\"500\" height=\"281\"><\/iframe><\/p>\n<p>&nbsp;<\/p>\n<p><span style=\"font-size: medium;\"><a href=\"\/elsindromededarrin\/wp-content\/uploads\/sites\/21\/2012\/05\/3356.jpg\"><img loading=\"lazy\" class=\"alignleft size-medium wp-image-157\" title=\"3356\" src=\"\/elsindromededarrin\/wp-content\/uploads\/sites\/21\/2012\/05\/3356.jpg\" alt=\"\" width=\"200\" height=\"300\" srcset=\"https:\/\/static-blogs.lasprovincias.es\/wp-content\/uploads\/sites\/21\/2012\/05\/3356.jpg 740w, https:\/\/static-blogs.lasprovincias.es\/wp-content\/uploads\/sites\/21\/2012\/05\/3356-200x300.jpg 200w, https:\/\/static-blogs.lasprovincias.es\/wp-content\/uploads\/sites\/21\/2012\/05\/3356-683x1024.jpg 683w\" sizes=\"(max-width: 200px) 100vw, 200px\" \/><\/a><a href=\"http:\/\/www.exergian.com\/\" target=\"_blank\" rel=\"external nofollow\">Albert Exergian<\/a> trat\u00f3 de captar la esencia de un mont\u00f3n de t\u00edtulos americanos (&#8216;<a href=\"http:\/\/www.cbs.com\/shows\/two_and_a_half_men\/\" rel=\"external nofollow\">Dos hombres y medio<\/a>&#8216;, &#8216;<a href=\"http:\/\/www.tv.com\/shows\/the-xfiles\/\" rel=\"external nofollow\">Expediente X<\/a>&#8216;, &#8216;<a href=\"http:\/\/www.hbo.com\/six-feet-under\/index.html\" rel=\"external nofollow\">A dos metros bajo tierra<\/a>&#8216;&#8230;) con carteles de simplicidad absoluta\u00a0pero efectivos.\u00a0Un sencillo objeto (una taza de caf\u00e9, una copa, un ojo, un cuervo) y los seguidores enseguidan identifican lo que pretende representar. Este autor no s\u00f3lo se ha decantado por t\u00edtulos recientes, tambi\u00e9n ha recurrido a cl\u00e1sicos como &#8216;<a href=\"http:\/\/www.tv.com\/shows\/miami-vice\/\" rel=\"external nofollow\">Corrupci\u00f3n en Miami<\/a>&#8216; o &#8216;<a href=\"http:\/\/www.tv.com\/shows\/macgyver\/\" rel=\"external nofollow\">MacGyver<\/a>&#8216;. Todos se pueden comprar en su <a href=\"http:\/\/exergian.tumblr.com\/page\/4\" target=\"_blank\" rel=\"external nofollow\">Tumblr<\/a> por un m\u00f3dico precio.\u00a0En esta misma l\u00ednea han trabajado otros autores como Bluewizard o Iron Matt.<\/span><\/p>\n<p>&nbsp;<\/p>\n<p>&nbsp;<\/p>\n<p><span style=\"font-size: medium;\">A <a href=\"http:\/\/www.jvm.com\/\" target=\"_blank\" rel=\"external nofollow\">Jung Von Matt <\/a>se le ocurri\u00f3 recurrir a ficciones americanas para promocionar la marca <a href=\"http:\/\/superpunch.blogspot.com.es\/2012\/03\/clever-lego-advertisements-featuring.html\" target=\"_blank\" rel=\"external nofollow\">Lego<\/a> y redujo a sus protagonistas a bloques del veterano juego. Y son perfectamente reconocibles. Y si no, prueben con los siguientes.<\/span><\/p>\n<p>&nbsp;<\/p>\n<p><span style=\"font-size: medium;\">\u00a0\u00a0\u00a0\u00a0\u00a0\u00a0\u00a0\u00a0\u00a0\u00a0\u00a0 <\/span><\/p>\n<p><span style=\"font-size: medium;\"><a href=\"\/elsindromededarrin\/wp-content\/uploads\/sites\/21\/2012\/05\/epiyblas.jpg\"><img loading=\"lazy\" class=\"alignleft size-medium wp-image-159\" title=\"epiyblas\" src=\"\/elsindromededarrin\/wp-content\/uploads\/sites\/21\/2012\/05\/epiyblas.jpg\" alt=\"\" width=\"300\" height=\"212\" srcset=\"https:\/\/static-blogs.lasprovincias.es\/wp-content\/uploads\/sites\/21\/2012\/05\/epiyblas.jpg 1600w, https:\/\/static-blogs.lasprovincias.es\/wp-content\/uploads\/sites\/21\/2012\/05\/epiyblas-300x212.jpg 300w, https:\/\/static-blogs.lasprovincias.es\/wp-content\/uploads\/sites\/21\/2012\/05\/epiyblas-768x543.jpg 768w, https:\/\/static-blogs.lasprovincias.es\/wp-content\/uploads\/sites\/21\/2012\/05\/epiyblas-1024x724.jpg 1024w\" sizes=\"(max-width: 300px) 100vw, 300px\" \/><\/a><a href=\"\/elsindromededarrin\/wp-content\/uploads\/sites\/21\/2012\/05\/southpark.jpg\"><img loading=\"lazy\" class=\"alignleft size-medium wp-image-158\" title=\"southpark\" src=\"\/elsindromededarrin\/wp-content\/uploads\/sites\/21\/2012\/05\/southpark.jpg\" alt=\"\" width=\"300\" height=\"212\" srcset=\"https:\/\/static-blogs.lasprovincias.es\/wp-content\/uploads\/sites\/21\/2012\/05\/southpark.jpg 1600w, https:\/\/static-blogs.lasprovincias.es\/wp-content\/uploads\/sites\/21\/2012\/05\/southpark-300x212.jpg 300w, https:\/\/static-blogs.lasprovincias.es\/wp-content\/uploads\/sites\/21\/2012\/05\/southpark-768x543.jpg 768w, https:\/\/static-blogs.lasprovincias.es\/wp-content\/uploads\/sites\/21\/2012\/05\/southpark-1024x724.jpg 1024w\" sizes=\"(max-width: 300px) 100vw, 300px\" \/><\/a><\/span><\/p>\n<p>&nbsp;<\/p>\n<p>&nbsp;<\/p>\n<p>&nbsp;<\/p>\n<p>&nbsp;<\/p>\n<p>&nbsp;<\/p>\n<p>&nbsp;<\/p>\n<p>&nbsp;<\/p>\n<p>&nbsp;<\/p>\n<p><span style=\"font-size: medium;\">\u00bfLos han identificado? \u00bfNecesitan una pista?\u00a0Los dos primeros son dos simp\u00e1ticos amigos que comparten cama y viven en un barrio muy popular, y los segundos son una pandilla de dibujos animados bastante gamberra que viven en una localidad de Colorado.<\/span><\/p>\n<p>&nbsp;<\/p>\n<p><span style=\"font-size: small;\"><em>T\u00edtulos de cr\u00e9dito: Los otros dos cuadros que aparecen en el museo ficticio de la fotograf\u00eda est\u00e1n inspirados en las series &#8216;Bones&#8217; y &#8216;Los Soprano&#8217;. Para quejas, sugerencias y otras necesidades humanas mi correo es mlabastida@lasprovincias.es<\/em><\/span><\/p>\n<!-- AddThis Advanced Settings generic via filter on the_content --><!-- AddThis Share Buttons generic via filter on the_content -->","protected":false},"excerpt":{"rendered":"<p>&#8220;\u00bfY qu\u00e9 hago con todas mis buenas ideas? \u00bfMeterlas en la ba\u00f1era y ba\u00f1arme con ellas?\u00a0 Porque para eso ya est\u00e1 el jab\u00f3n.&#8221; Peter Griffin Twittear Arte y televisi\u00f3n parecen, a simple vista, enemigos irreconciliables. \u00bfIr a un museo y ver &#8216;Atrapa un mill\u00f3n&#8216;? Eso es incompatible. \u00a1\u00a1La televisi\u00f3n la carga el diablo!! Todo el [&hellip;]<!-- AddThis Advanced Settings generic via filter on get_the_excerpt --><!-- AddThis Share Buttons generic via filter on get_the_excerpt --><\/p>\n","protected":false},"author":29,"featured_media":0,"comment_status":"open","ping_status":"closed","sticky":false,"template":"","format":"standard","meta":[],"categories":[2],"tags":[],"_links":{"self":[{"href":"https:\/\/blogs.lasprovincias.es\/elsindromededarrin\/wp-json\/wp\/v2\/posts\/152"}],"collection":[{"href":"https:\/\/blogs.lasprovincias.es\/elsindromededarrin\/wp-json\/wp\/v2\/posts"}],"about":[{"href":"https:\/\/blogs.lasprovincias.es\/elsindromededarrin\/wp-json\/wp\/v2\/types\/post"}],"author":[{"embeddable":true,"href":"https:\/\/blogs.lasprovincias.es\/elsindromededarrin\/wp-json\/wp\/v2\/users\/29"}],"replies":[{"embeddable":true,"href":"https:\/\/blogs.lasprovincias.es\/elsindromededarrin\/wp-json\/wp\/v2\/comments?post=152"}],"version-history":[{"count":0,"href":"https:\/\/blogs.lasprovincias.es\/elsindromededarrin\/wp-json\/wp\/v2\/posts\/152\/revisions"}],"wp:attachment":[{"href":"https:\/\/blogs.lasprovincias.es\/elsindromededarrin\/wp-json\/wp\/v2\/media?parent=152"}],"wp:term":[{"taxonomy":"category","embeddable":true,"href":"https:\/\/blogs.lasprovincias.es\/elsindromededarrin\/wp-json\/wp\/v2\/categories?post=152"},{"taxonomy":"post_tag","embeddable":true,"href":"https:\/\/blogs.lasprovincias.es\/elsindromededarrin\/wp-json\/wp\/v2\/tags?post=152"}],"curies":[{"name":"wp","href":"https:\/\/api.w.org\/{rel}","templated":true}]}}