{"id":162,"date":"2012-05-28T09:16:00","date_gmt":"2012-05-28T09:16:00","guid":{"rendered":"http:\/\/blogs.lasprovincias.es\/elsindromededarrin\/?p=162"},"modified":"2012-05-28T09:16:00","modified_gmt":"2012-05-28T09:16:00","slug":"la-tele-blanca-de-colores-y-en-blanco-y-negro","status":"publish","type":"post","link":"https:\/\/blogs.lasprovincias.es\/elsindromededarrin\/2012\/05\/28\/la-tele-blanca-de-colores-y-en-blanco-y-negro\/","title":{"rendered":"La tele blanca, de colores y en blanco y negro"},"content":{"rendered":"<p style=\"text-align: right;\"><strong><span style=\"font-size: small;\">\u00a0&#8220;Ten\u00e9is tres opciones: escapar, esconderos o morir&#8221;<\/span><\/strong><\/p>\n<p style=\"text-align: right;\"><strong><span style=\"font-size: small;\">Danielle Rousseau<\/span><\/strong><\/p>\n<p><a class=\"twitter-share-button\" href=\"https:\/\/twitter.com\/share\" data-url=\"https:\/\/blogs.lasprovincias.es\/elsindromededarrin\/2012\/05\/28\/la-tele-blanca\u2026blanco-y-negro\/\" data-via=\"mikel_labastida\" data-lang=\"es\" data-count=\"none\" rel=\"external nofollow\">Twittear<\/a><br \/>\n<script type=\"text\/javascript\">\/\/ <![CDATA[\n!function(d,s,id){var js,fjs=d.getElementsByTagName(s)[0];if(!d.getElementById(id)){js=d.createElement(s);js.id=id;js.src=\"\/\/platform.twitter.com\/widgets.js\";fjs.parentNode.insertBefore(js,fjs);}}(document,\"script\",\"twitter-wjs\");\n\/\/ ]]><\/script><br \/>\n<span style=\"font-size: medium;\"><a href=\"\/elsindromededarrin\/wp-content\/uploads\/sites\/21\/2012\/05\/cine023_13381659311.jpg\"><img loading=\"lazy\" class=\"alignleft size-medium wp-image-163\" title=\"cine023_13381659311\" src=\"\/elsindromededarrin\/wp-content\/uploads\/sites\/21\/2012\/05\/cine023_13381659311.jpg\" alt=\"\" width=\"207\" height=\"300\" srcset=\"https:\/\/static-blogs.lasprovincias.es\/wp-content\/uploads\/sites\/21\/2012\/05\/cine023_13381659311.jpg 600w, https:\/\/static-blogs.lasprovincias.es\/wp-content\/uploads\/sites\/21\/2012\/05\/cine023_13381659311-207x300.jpg 207w\" sizes=\"(max-width: 207px) 100vw, 207px\" \/><\/a>Aunque no lo parezca (ejem, ejem) yo viv\u00ed en los a\u00f1os en que en Espa\u00f1a la tele se ve\u00eda en blanco y negro. Soy de esa generaci\u00f3n que alguna vez puso delante del receptor papel de celof\u00e1n para intentar discernir alg\u00fan color. <\/span><\/p>\n<p><span style=\"font-size: medium;\">Hasta aqu\u00ed la batallita del abuelo. Punto y aparte.<\/span><\/p>\n<p><span style=\"font-size: medium;\">De aquello hace 200 a\u00f1os. Sin embargo, a la televisi\u00f3n en Espa\u00f1a ha vuelto el debate sobre qu\u00e9 es mejor, el color o el blanco y negro. Las cadenas se han enzarzado en una batalla pol\u00edcroma.<\/span><\/p>\n<p><span style=\"font-size: medium;\">Antena 3 \u00faltimamente parece un detergente. Todo lo vende limpio, blanco y transparente. Ni rastro de m\u00e1cula. Nada de gritos, culos ni insultos. Buen rollo, paz y amor. Antena 3 es la televisi\u00f3n en la que antes aparec\u00eda Mar\u00eda Pati\u00f1o hinchando la vena y tambi\u00e9n Patricia, en un diario en el que invitaban a dos hermanos que no se encontraban desde hace siglos y se peleaban en directo.<\/span><\/p>\n<p><span style=\"font-size: medium;\">Pero de la noche a la ma\u00f1ana aquella cadena, al no conseguir la audiencia deseada, dio un giro y se convirti\u00f3 en lo que ellos llaman tele blanca. Esto es, que cada vez que se estrena un programa el presentador se encarga de recordar diez o cuarenta veces que se trata de un espacio muy limpio y muy familiar.<\/span><\/p>\n<p><span style=\"font-size: medium;\">Pablo Motos hace tele blanca. Carlos Sobera hace concursos blancos. Paula V\u00e1zquez hace \u2018Operaci\u00f3n Triunfo\u2019. Pero en blanco. \u00a0\u00a0<\/span><\/p>\n<p><span style=\"font-size: medium;\">Buenafuente tambi\u00e9n quiso hacer algo blanco. Pero se le volvi\u00f3 negro y esta semana cerraba programa. Va ser que a los espectadores son sucios.<\/span><\/p>\n<p><span style=\"font-size: medium;\">Buenafuente dice que no quiere reinventarse. Me parece bien. Reinventarse a ciertas alturas de la vida da mucha pereza. Pero estancarse tambi\u00e9n. Aunque seas Buenafuente.<\/span><\/p>\n<p><span style=\"font-size: medium;\">Junto a la televisi\u00f3n blanca est\u00e1 la de colores. Est\u00e1 es Telecinco. Ol\u00e9. Si la cadena de al lado se vende inmaculada, los otros toman el arco iris y ponen a Ana Rosa, Jorge Javier, Jordi Gonz\u00e1lez y Mar\u00eda Teresa a lucirlo por todos los costados como si estuviesen en la manifestaci\u00f3n del Orgullo Gay.<\/span><\/p>\n<p><span style=\"font-size: medium;\">Se han sacado de la manga lo de la tele de colores. Lo hacen para dar en la cara a la competencia. Debe de dar rabia ser Antena 3, que va de \u00edntegra y aplicada, mirar las audiencias cada d\u00eda y comprobar que el enemigo se las lleva de calle con tanto color.<\/span><\/p>\n<p>&nbsp;<\/p>\n<p><iframe loading=\"lazy\" src=\"\/\/www.telecinco.es\/video\/video-embed.html?contentId=TL5VID20120521_0109&#038;width=300&#038;height=169&#038;showTitle=1&#038;showSummary=1\" frameborder=\"0\" width=\"325\" height=\"189\"><\/iframe><\/p>\n<p>&nbsp;<\/p>\n<p><span style=\"font-size: medium;\">\u00bfY qu\u00e9 es lo que hacen tan colorido en Telecinco? Si uno conecta esta cadena a cualquier hora del d\u00eda se encontrar\u00e1 con una de estas tres posibilidades: a Jorge Javier presentando alg\u00fan programa (de supervivientes, de reencuentros, de cotilleos, de lo que sea), a Sandra Barneda padeciendo por un drama an\u00f3nimo, o a Mercedes Mil\u00e1 dando la vuelta de la vuelta de la postvuelta de \u2018<a href=\"http:\/\/www.telecinco.es\/granhermano\/\" rel=\"external nofollow\">Gran Hermano<\/a>\u2019. Todo fluorescente.<\/span><\/p>\n<p><span style=\"font-size: medium;\">Cuatro y LaSexta nacieron con dos colores muy potentes, el rojo y el verde, pero en unos a\u00f1os lo han ido perdiendo. Se desti\u00f1en. Del canal progre de Prisa queda poco. Lleg\u00f3 Telecinco, tir\u00f3 tabiques y acamp\u00f3 a sus anchas. Ha llenado todo aquello de madres e hijostr\u00f3spidos. Por su parte, la cadena de Mediapro tambi\u00e9n se est\u00e1 decolorando. Ni Nuria Roca ni los famosos aprendiendo a conducir sacan brillo a la cadena. (El verde esperanza lo ostenta el gran Jordi \u00c9vole). Andan all\u00ed todos esperando a que desembarque Antena 3 para darles una nueva capa de pintura.<\/span><\/p>\n<p><span style=\"font-size: medium;\">Y frente a esto, est\u00e1 la tele p\u00fablica, esa que pagamos todos, esa que, poco a poco, retorna al blanco y negro. Con tanto recorte y giro pol\u00edtico TVE se desangra. Pierde sus series, sus deportes (motos, tenis\u2026) y a sus estrellas (d\u00edgase, por ejemplo, Jos\u00e9 Mota). S\u00f3lo triunfa el f\u00fatbol y Eurovisi\u00f3n. Todo muy actual. Y a falta de contenidos, en la tele p\u00fablica han desempolvado cintas que se encontraban perdidas en los almacenes del Pirul\u00ed y emiten en <em>prime-time<\/em> \u2018Casablanca\u2019 y \u2018De aqu\u00ed a la eternidad\u2019. Eso s\u00ed, las anuncian con m\u00fasica de Lana del Rey para que parezcan m\u00e1s modernas.<\/span><\/p>\n<p>&nbsp;<\/p>\n<p><iframe loading=\"lazy\" src=\"\/\/www.youtube.com\/embed\/-CkEbdPs93Y\" frameborder=\"0\" width=\"560\" height=\"315\"><\/iframe><\/p>\n<p>&nbsp;<\/p>\n<p><span style=\"font-size: medium;\">Sin color ni rumbo, la tele p\u00fablica camina sin saber bien hacia d\u00f3nde tirar. Lo mismo programan a Ana Obreg\u00f3n presentando una gala que montan un homenaje a Gila con Esteso y Pajares. Y, entre tanto, pierde la oportunidad de convertirse en un referente del audiovisual como s\u00ed lo es, por ejemplo, la BBC.<\/span><\/p>\n<p><span style=\"font-size: medium;\">Con este panorama, es normal que me acuerde de los tiempos en que mi hermana peque\u00f1a y yo pon\u00edamos el celof\u00e1n delante de la pantalla. Qu\u00e9 mayor me est\u00e1n haciendo.<\/span><\/p>\n<p>&nbsp;<\/p>\n<p><span style=\"font-size: small;\"><em>T\u00edtulos de cr\u00e9dito: Mucho mejor pulsar la pesta\u00f1a \u2018Almac\u00e9n de series\u2019 para encontrar informaci\u00f3n de todos los t\u00edtulos de los que se habla en este blog, as\u00ed como la forma de adquirirlos. Para quejas, sugerencias y otras necesidades humanas mi correo es mlabastida@lasprovincias.es<\/em><\/span><\/p>\n<p>&nbsp;<\/p>\n<p>&nbsp;<\/p>\n<!-- AddThis Advanced Settings generic via filter on the_content --><!-- AddThis Share Buttons generic via filter on the_content -->","protected":false},"excerpt":{"rendered":"<p>\u00a0&#8220;Ten\u00e9is tres opciones: escapar, esconderos o morir&#8221; Danielle Rousseau Twittear Aunque no lo parezca (ejem, ejem) yo viv\u00ed en los a\u00f1os en que en Espa\u00f1a la tele se ve\u00eda en blanco y negro. Soy de esa generaci\u00f3n que alguna vez puso delante del receptor papel de celof\u00e1n para intentar discernir alg\u00fan color. Hasta aqu\u00ed la [&hellip;]<!-- AddThis Advanced Settings generic via filter on get_the_excerpt --><!-- AddThis Share Buttons generic via filter on get_the_excerpt --><\/p>\n","protected":false},"author":29,"featured_media":0,"comment_status":"open","ping_status":"closed","sticky":false,"template":"","format":"standard","meta":[],"categories":[2],"tags":[],"_links":{"self":[{"href":"https:\/\/blogs.lasprovincias.es\/elsindromededarrin\/wp-json\/wp\/v2\/posts\/162"}],"collection":[{"href":"https:\/\/blogs.lasprovincias.es\/elsindromededarrin\/wp-json\/wp\/v2\/posts"}],"about":[{"href":"https:\/\/blogs.lasprovincias.es\/elsindromededarrin\/wp-json\/wp\/v2\/types\/post"}],"author":[{"embeddable":true,"href":"https:\/\/blogs.lasprovincias.es\/elsindromededarrin\/wp-json\/wp\/v2\/users\/29"}],"replies":[{"embeddable":true,"href":"https:\/\/blogs.lasprovincias.es\/elsindromededarrin\/wp-json\/wp\/v2\/comments?post=162"}],"version-history":[{"count":0,"href":"https:\/\/blogs.lasprovincias.es\/elsindromededarrin\/wp-json\/wp\/v2\/posts\/162\/revisions"}],"wp:attachment":[{"href":"https:\/\/blogs.lasprovincias.es\/elsindromededarrin\/wp-json\/wp\/v2\/media?parent=162"}],"wp:term":[{"taxonomy":"category","embeddable":true,"href":"https:\/\/blogs.lasprovincias.es\/elsindromededarrin\/wp-json\/wp\/v2\/categories?post=162"},{"taxonomy":"post_tag","embeddable":true,"href":"https:\/\/blogs.lasprovincias.es\/elsindromededarrin\/wp-json\/wp\/v2\/tags?post=162"}],"curies":[{"name":"wp","href":"https:\/\/api.w.org\/{rel}","templated":true}]}}