{"id":175,"date":"2012-06-04T09:17:36","date_gmt":"2012-06-04T09:17:36","guid":{"rendered":"http:\/\/blogs.lasprovincias.es\/elsindromededarrin\/?p=175"},"modified":"2012-06-04T09:17:36","modified_gmt":"2012-06-04T09:17:36","slug":"una-serie-de-television-sobre-bankia","status":"publish","type":"post","link":"https:\/\/blogs.lasprovincias.es\/elsindromededarrin\/2012\/06\/04\/una-serie-de-television-sobre-bankia\/","title":{"rendered":"Una serie de television sobre Bankia"},"content":{"rendered":"<p style=\"text-align: right;\"><strong><span style=\"font-size: small;\">&#8220;Los n\u00fameros est\u00e1n malditos&#8221;<\/span><\/strong><\/p>\n<p style=\"text-align: right;\"><span style=\"font-size: small;\">Hugo Reyes<\/span><\/p>\n<p><a class=\"twitter-share-button\" href=\"https:\/\/twitter.com\/share\" data-url=\"https:\/\/blogs.lasprovincias.es\/elsindromededarrin\/?p=175\" data-via=\"mikel_labastida\" data-lang=\"es\" data-count=\"none\" rel=\"external nofollow\">Twittear<\/a><br \/>\n<script type=\"text\/javascript\">\/\/ <![CDATA[\n!function(d,s,id){var js,fjs=d.getElementsByTagName(s)[0];if(!d.getElementById(id)){js=d.createElement(s);js.id=id;js.src=\"\/\/platform.twitter.com\/widgets.js\";fjs.parentNode.insertBefore(js,fjs);}}(document,\"script\",\"twitter-wjs\");\n\/\/ ]]><\/script><br \/>\n<span style=\"font-size: medium;\"><a href=\"\/elsindromededarrin\/wp-content\/uploads\/sites\/21\/2012\/06\/inside-men-007_13385573651.jpg\"><img loading=\"lazy\" class=\"alignleft size-medium wp-image-176\" title=\"inside-men-007_13385573651\" src=\"\/elsindromededarrin\/wp-content\/uploads\/sites\/21\/2012\/06\/inside-men-007_13385573651.jpg\" alt=\"\" width=\"207\" height=\"300\" srcset=\"https:\/\/static-blogs.lasprovincias.es\/wp-content\/uploads\/sites\/21\/2012\/06\/inside-men-007_13385573651.jpg 600w, https:\/\/static-blogs.lasprovincias.es\/wp-content\/uploads\/sites\/21\/2012\/06\/inside-men-007_13385573651-207x300.jpg 207w\" sizes=\"(max-width: 207px) 100vw, 207px\" \/><\/a>A prop\u00f3sito del <a href=\"https:\/\/blogs.lasprovincias.es\/elsindromededarrin\/2012\/05\/30\/de-zombies-visceras-y-sangre\/\" target=\"_blank\">post<\/a>\u00a0que dediqu\u00e9 a los t\u00edtulos de terror un buen amigo me comentaba que lo que dar\u00eda miedo de verdad ser\u00eda una serie sobre bancos. Y s\u00f3lo pude aplaudirle. Ni mu\u00f1ecos diab\u00f3licos, ni ni\u00f1as exorcizadas, ni esp\u00edritus, lo que m\u00e1s pavor nos produce hoy en d\u00eda es una noticia relacionada con una entidad financiera. Los banqueros son los nuevos Freddy Krueger, con afiladas cuchillas incluidas.<\/span><\/p>\n<p><span style=\"font-size: medium;\">Por eso creo que Bankia se merece una serie. Y la CAM otra. \u00bfNo parece sacado de la mente del mejor guionista que un ex consejero de la caja alicantina diga que no ten\u00eda preparaci\u00f3n para revisar cuentas? \u00bfO el hecho de que fuese escogido por sorteo? \u00bfNo es realmente macabro que se plantee pagar una indemnizaci\u00f3n de 14 millones a un directivo de una entidad que nos va a costar a cada currito un ri\u00f1\u00f3n?<\/span><\/p>\n<p><span style=\"font-size: medium;\">Bien mirado podr\u00eda ser el argumento de una telecomedia bizarra. Pero no, no hace ninguna gracia. Da p\u00e1nico. Tiemblo al pensar que se les va a entregar 23.000 millones a unos se\u00f1ores que durante a\u00f1os han jugado con los ahorros de miles de personas. \u00bfDe qu\u00e9 forma? No lo sabemos. Como en las mejores series de suspense no nos desvelan toda la trama.<\/span><\/p>\n<p><span style=\"font-size: medium;\">Veo a Rodrigo Rato salir y quejarse por c\u00f3mo les han salvado, por lo mal que le han hecho quedar y pienso que merece una serie. Si <a href=\"http:\/\/www.vanitatis.com\/noticias\/2011\/11\/07\/robert-de-niro-se-convertira-en-bernard-madoff-16448\/\" target=\"_blank\" rel=\"external nofollow\">Bernard Madoff<\/a> la va a tener, y <a href=\"http:\/\/www.telecinco.es\/tvmovies\/mario-conde-dias-de-gloria\/11313\/\" target=\"_blank\" rel=\"external nofollow\">Mario Conde<\/a> tambi\u00e9n, \u00e9l, desde luego, es digno de un retrato cat\u00f3dico.<\/span><\/p>\n<p><span style=\"font-size: medium;\">En general se han producido pocas historias sobre bancos y banqueros. Supongo que hasta hace unos a\u00f1os en las cadenas pensaban que aburrir\u00edan al espectador. Y que la mayor parte de la audiencia no se aclarar\u00eda con los t\u00e9rminos financieros.<\/span><\/p>\n<p><span style=\"font-size: medium;\">Esto ha cambiado. Nos han impartido un curso de econom\u00eda avanzada a golpes. \u00bfAlguien sab\u00eda lo que era la prima de riesgo hace tres a\u00f1os? Vale, han levantado la mano tres. Os hab\u00e9is equivocado de blog. Hablo con el resto. Ahora comprendemos perfectamente qu\u00e9 es el d\u00e9ficit, una recapitalizaci\u00f3n, los tipos de bonos o el \u00edndice PMI. Estos t\u00e9rminos angustian m\u00e1s que el n\u00famero 666, que la visi\u00f3n de un s\u00f3tano oscuro o que unos buenos colmillos cerca de mi cuello. Oigo Ibex y tirito.<\/span><\/p>\n<p><span style=\"font-size: medium;\">Dicho esto, exijo a los guionistas pensantes que ideen una serie sobre bancos ya. Que sea lo m\u00e1s realista posible, que refleje c\u00f3mo se hacen all\u00ed las cosas, y nos lo sirvan en pantalla. Una reuni\u00f3n de consejeros y nos olvidamos de los zombis de &#8216;<a href=\"http:\/\/www.amctv.com\/shows\/the-walking-dead\" target=\"_blank\" rel=\"external nofollow\">The walking dead<\/a>&#8216; en nada. Yo ya tengo hasta cabecera (observen y abran apetito).<\/span><\/p>\n<p><iframe loading=\"lazy\" src=\"\/\/www.youtube.com\/embed\/ZbllAQKWihA\" frameborder=\"0\" width=\"560\" height=\"315\"><\/iframe><\/p>\n<p><span style=\"font-size: medium;\">Formulatv public\u00f3 que la productora BocaBoca anda preparando una ficci\u00f3n sobre una sucursal de barrio que se llamar\u00e1 \u2018<a href=\"http:\/\/www.formulatv.com\/noticias\/25202\/bocaboca-acaba-piloto-no-doy-credito-alocada-comedia-ambientada-sucursal-barrio\/\" target=\"_blank\" rel=\"external nofollow\">No doy cr\u00e9dito<\/a>\u2019. Se trata de una comedia alocada que pretende reflejar lo desastroso que es para cualquiera ir ahora a un banco a pedir un cr\u00e9dito. Y que se r\u00edan en tu cara. La cosa va de chistes. Yo sigo pensando que ser\u00eda mejor una apuesta de terror. Cin\u00e9ma v\u00e9rit\u00e9.<\/span><\/p>\n<p><span style=\"font-size: medium;\">De las pocas series que recuerdo ambientadas en entidades financieras est\u00e1 \u2018<a href=\"http:\/\/www.tv.com\/shows\/the-treet\/\" target=\"_blank\" rel=\"external nofollow\">The $treet<\/a>\u2019, que se aproxima a un grupo de ambiciosos j\u00f3venes en Wall Street. Teniendo en cuenta que detr\u00e1s estaba Darren Star (el mismo de \u2018<a href=\"http:\/\/www.tv.com\/shows\/beverly-hills-90210\/\" target=\"_blank\" rel=\"external nofollow\">Sensaci\u00f3n de vivir<\/a>\u2019 o \u2018<a href=\"http:\/\/www.tv.com\/shows\/melrose-place\/\" target=\"_blank\" rel=\"external nofollow\">Melrose place<\/a>\u2019) se pueden imaginar la verosimilitud del relato. Mucha ni\u00f1a mona pero ninguna sola. Uno ve a Bradley Cooper o a Jennifer Connelly y despu\u00e9s se encuentra en la realidad con Jos\u00e9 Enrique Garrig\u00f3s o Mar\u00eda Dolores Amor\u00f3s y algo no cuadra. \u2018<a href=\"http:\/\/www.tv.com\/shows\/the-treet\/\" target=\"_blank\" rel=\"external nofollow\">The $treet<\/a>\u2019 dur\u00f3 12 asaltos. Al duod\u00e9cimo cay\u00f3 en bolsa y no hubo quien la rescatase.<\/span><\/p>\n<p><span style=\"font-size: medium;\">Tradicionalmente el banco ha sido utilizado en televisi\u00f3n como elemento de acci\u00f3n, ideal para desarrollar un secuestro o un atraco. Un atraco de los de pistola y media en la cabeza, no como los de Bankia o la CAM, que son a cara descubierta.<\/span><\/p>\n<p><span style=\"font-size: medium;\">La BBC ha estrenado este a\u00f1o \u2018<a href=\"http:\/\/www.bbc.co.uk\/programmes\/b01bpkjl\" target=\"_blank\" rel=\"external nofollow\">Inside Men<\/a>\u2019 (programada para julio en Canal Plus). Es magn\u00edfica. Y se ve en cuatro horas. Ya dormir\u00e1s ma\u00f1ana. Se inicia con un saqueo millonario minuciosamente planeado en un dep\u00f3sito de seguridad. \u00bfY qui\u00e9n lo ha ideado? Algunos de los empleados. \u00a1Oh, sorpresa! Para saber por qu\u00e9 lo cometen, hay que verla.<\/span><\/p>\n<p>&nbsp;<\/p>\n<p><iframe loading=\"lazy\" src=\"\/\/www.youtube.com\/embed\/oWGCVlFB-CA\" frameborder=\"0\" width=\"560\" height=\"315\"><\/iframe><\/p>\n<p><span style=\"font-size: medium;\">En un banco coinciden los nueve protagonistas de \u2018<a href=\"http:\/\/www.tv.com\/shows\/the-nine\/\" target=\"_blank\" rel=\"external nofollow\">The nine<\/a>\u2019. Todos ellos se convierten en rehenes durante 52 horas en un asalto fallido. A partir de entonces sus vidas quedar\u00e1n unidas para siempre. Para m\u00ed (y para cuatro m\u00e1s) promet\u00eda mucho, pero \u00e9ramos pocos los que pens\u00e1bamos as\u00ed y no nos hicieron el favor de seguir emiti\u00e9ndola.<\/span><\/p>\n<p><iframe loading=\"lazy\" src=\"\/\/www.youtube.com\/embed\/XVA9pFjNhGw\" frameborder=\"0\" width=\"420\" height=\"315\"><\/iframe><\/p>\n<p><span class=\"Apple-style-span\" style=\"font-size: medium;\">Otro atraco sirve como punto de arranque de \u2018<a href=\"http:\/\/www.tv.com\/shows\/the-kill-point\/\" target=\"_blank\" rel=\"external nofollow\">The kill point<\/a>\u2019. Lo llevan a cabo ex combatientes de la guerra de Iraq, pero los planes no salen del modo que esperan y se ver\u00e1n obligados a atrincherarse en la sucursal junto a varias personas secuestradas.<\/span><\/p>\n<p><span style=\"font-size: medium;\">La tele siempre se lanza a retratar a los que roban desde fuera, a los cacos que llegan de la calle. \u00bfCu\u00e1ndo se va a atrever a mostrar a los se\u00f1ores con traje y corbata que tambi\u00e9n hurtan? Estamos preparados. Cada d\u00eda nos narran cien historias\u00a0de este calado\u00a0en los telediarios.<\/span><\/p>\n<p>&nbsp;<\/p>\n<p><span style=\"font-size: small;\"><em>T\u00edtulos de cr\u00e9dito: Si pulsas la pesta\u00f1a \u2018Almac\u00e9n de series\u2019 encontrar\u00e1s informaci\u00f3n de todos los t\u00edtulos de los que se habla en este blog, as\u00ed como la forma de adquirirlos. Para quejas, sugerencias y otras necesidades humanas mi correo es mlabastida@lasprovincias.es<\/em><\/span><\/p>\n<!-- AddThis Advanced Settings generic via filter on the_content --><!-- AddThis Share Buttons generic via filter on the_content -->","protected":false},"excerpt":{"rendered":"<p>&#8220;Los n\u00fameros est\u00e1n malditos&#8221; Hugo Reyes Twittear A prop\u00f3sito del post\u00a0que dediqu\u00e9 a los t\u00edtulos de terror un buen amigo me comentaba que lo que dar\u00eda miedo de verdad ser\u00eda una serie sobre bancos. Y s\u00f3lo pude aplaudirle. Ni mu\u00f1ecos diab\u00f3licos, ni ni\u00f1as exorcizadas, ni esp\u00edritus, lo que m\u00e1s pavor nos produce hoy en d\u00eda [&hellip;]<!-- AddThis Advanced Settings generic via filter on get_the_excerpt --><!-- AddThis Share Buttons generic via filter on get_the_excerpt --><\/p>\n","protected":false},"author":29,"featured_media":0,"comment_status":"open","ping_status":"closed","sticky":false,"template":"","format":"standard","meta":[],"categories":[2],"tags":[79,253,379,414,555],"_links":{"self":[{"href":"https:\/\/blogs.lasprovincias.es\/elsindromededarrin\/wp-json\/wp\/v2\/posts\/175"}],"collection":[{"href":"https:\/\/blogs.lasprovincias.es\/elsindromededarrin\/wp-json\/wp\/v2\/posts"}],"about":[{"href":"https:\/\/blogs.lasprovincias.es\/elsindromededarrin\/wp-json\/wp\/v2\/types\/post"}],"author":[{"embeddable":true,"href":"https:\/\/blogs.lasprovincias.es\/elsindromededarrin\/wp-json\/wp\/v2\/users\/29"}],"replies":[{"embeddable":true,"href":"https:\/\/blogs.lasprovincias.es\/elsindromededarrin\/wp-json\/wp\/v2\/comments?post=175"}],"version-history":[{"count":0,"href":"https:\/\/blogs.lasprovincias.es\/elsindromededarrin\/wp-json\/wp\/v2\/posts\/175\/revisions"}],"wp:attachment":[{"href":"https:\/\/blogs.lasprovincias.es\/elsindromededarrin\/wp-json\/wp\/v2\/media?parent=175"}],"wp:term":[{"taxonomy":"category","embeddable":true,"href":"https:\/\/blogs.lasprovincias.es\/elsindromededarrin\/wp-json\/wp\/v2\/categories?post=175"},{"taxonomy":"post_tag","embeddable":true,"href":"https:\/\/blogs.lasprovincias.es\/elsindromededarrin\/wp-json\/wp\/v2\/tags?post=175"}],"curies":[{"name":"wp","href":"https:\/\/api.w.org\/{rel}","templated":true}]}}