{"id":212,"date":"2012-06-15T11:29:20","date_gmt":"2012-06-15T11:29:20","guid":{"rendered":"http:\/\/blogs.lasprovincias.es\/elsindromededarrin\/?p=212"},"modified":"2012-06-15T11:29:20","modified_gmt":"2012-06-15T11:29:20","slug":"cinco-series-que-necesitan-un-rescate","status":"publish","type":"post","link":"https:\/\/blogs.lasprovincias.es\/elsindromededarrin\/2012\/06\/15\/cinco-series-que-necesitan-un-rescate\/","title":{"rendered":"Cinco series que necesitan un rescate"},"content":{"rendered":"<p style=\"text-align: right;\"><strong><span style=\"font-size: small;\">&#8220;Por mucho que intenten ocultarla, la verdad est\u00e1 ah\u00ed. <\/span><\/strong><\/p>\n<p style=\"text-align: right;\"><strong><span style=\"font-size: small;\">La verdad es m\u00e1s grande que todas sus mentiras.\u00a0<\/span><\/strong><strong><span style=\"font-size: small;\">La verdad busca ser conocida&#8221;<\/span><\/strong><\/p>\n<p style=\"text-align: right;\"><span style=\"font-size: small;\">Fox Mulder<\/span><\/p>\n<p style=\"text-align: right;\">\n<p><span style=\"font-size: medium;\"><a href=\"\/elsindromededarrin\/wp-content\/uploads\/sites\/21\/2012\/06\/resc2_13395144291.jpg\"><img loading=\"lazy\" class=\"alignleft size-medium wp-image-221\" title=\"resc2_13395144291\" src=\"\/elsindromededarrin\/wp-content\/uploads\/sites\/21\/2012\/06\/resc2_13395144291.jpg\" alt=\"\" width=\"207\" height=\"300\" srcset=\"https:\/\/static-blogs.lasprovincias.es\/wp-content\/uploads\/sites\/21\/2012\/06\/resc2_13395144291.jpg 600w, https:\/\/static-blogs.lasprovincias.es\/wp-content\/uploads\/sites\/21\/2012\/06\/resc2_13395144291-207x300.jpg 207w\" sizes=\"(max-width: 207px) 100vw, 207px\" \/><\/a>No s\u00e9 bien con qui\u00e9n hay que hablar. \u00bfCon el Banco Central Europeo? \u00bfCon el FMI? \u00bfDebemos llamar a Merkel? Sea quien sea el que decida esto de los rescates que avise. Necesitamos unos cuantos. Ahora que termina\u00a0el curso\u00a0es buen momento para\u00a0revisar algunas series, que precisan ayuda con urgencia. Su prima de riesgo sube de manera imparable y sus acciones descienden a medida que pasan cap\u00edtulos. No queremos dinero, que luego no podremos devolverlo. Aqu\u00ed hay que aportar ideas para reconducir algunas ficciones algo desnortadas. Nos ponemos en manos del Eurogrupo para que busque a guionistas notables. Si no encuentran a nadie que contacten con el periodista del \u2018Time\u2019 que dijo aquello de \u201ct\u00fa ll\u00e1malo tomate, yo le llamo rescate\u201d. Ese es bueno.<\/span><\/p>\n<p><span style=\"font-size: medium;\">Nada es m\u00e1s doloroso que ver c\u00f3mo la serie a la que est\u00e1s enganchado, que te ha dado momentos gloriosos, entra en arenas movedizas, se va desarmando, agoniza o se pierde. Es una decepci\u00f3n muy grande. Peor que un desenga\u00f1o amoroso. &#8220;No, t\u00fa no. No puedes hacerme eso&#8221;. Varias recorren esa cuerda floja. Yo he intentado convencer a los bomberos de &#8216;<a href=\"http:\/\/www.fxnetworks.com\/shows\/originals\/rescueme\/\" target=\"_blank\" rel=\"external nofollow\">Rescue me<\/a>&#8216; para ver si pod\u00edan hacer algo, pero no lo he conseguido. Menos mal que termin\u00f3. No estar\u00eda bien vista ahora una serie que se llama &#8216;Resc\u00e1tame&#8217;. As\u00ed que, no queda otro remedio: que venga la troika a supervisar lo que nos ocupa.<\/span><br \/>\n<span style=\"font-size: medium;\">Vamos a tratar de analizarlas sin fastidiar a nadie, sin castigar a los seguidores que a\u00fan no hayan visto las \u00faltimas temporadas.<\/span><\/p>\n<p>&nbsp;<\/p>\n<p><strong><span style=\"font-size: medium;\">Dexter<\/span><\/strong><\/p>\n<p><span style=\"font-size: medium;\"><a href=\"\/elsindromededarrin\/wp-content\/uploads\/sites\/21\/2012\/06\/27967_dexter-taza-poster-promocional-sexta-temporada.jpg\"><img loading=\"lazy\" class=\"alignright size-medium wp-image-217\" title=\"27967_dexter-taza-poster-promocional-sexta-temporada\" src=\"\/elsindromededarrin\/wp-content\/uploads\/sites\/21\/2012\/06\/27967_dexter-taza-poster-promocional-sexta-temporada.jpg\" alt=\"\" width=\"208\" height=\"300\" srcset=\"https:\/\/static-blogs.lasprovincias.es\/wp-content\/uploads\/sites\/21\/2012\/06\/27967_dexter-taza-poster-promocional-sexta-temporada.jpg 726w, https:\/\/static-blogs.lasprovincias.es\/wp-content\/uploads\/sites\/21\/2012\/06\/27967_dexter-taza-poster-promocional-sexta-temporada-209x300.jpg 209w, https:\/\/static-blogs.lasprovincias.es\/wp-content\/uploads\/sites\/21\/2012\/06\/27967_dexter-taza-poster-promocional-sexta-temporada-713x1024.jpg 713w\" sizes=\"(max-width: 208px) 100vw, 208px\" \/><\/a>Cuando nos contaron que Showtime preparaba una serie sobre un forense de Miami, que alojaba en su interior un pasajero oscuro que le impulsaba a cometer actos psic\u00f3patas, poc<\/span><span class=\"Apple-style-span\" style=\"font-size: medium;\">os pod\u00edamos\u00a0<\/span><span class=\"Apple-style-span\" style=\"font-size: medium;\">imaginar que los creadores de esta ficci\u00f3n conseguir\u00edan crear una historia, cargada de misterio y acci\u00f3n, tan bien elaborada. \u2018<a href=\"http:\/\/www.sho.com\/sho\/dexter\/home\" target=\"_blank\" rel=\"external nofollow\">Dexter<\/a>\u2019 ha conseguido mantener su intriga y, por encima de todo, ha logrado que los espectadores adoremos a un asesino, nos solidaricemos con \u00e9l y lo comprendamos.<\/span><\/p>\n<p><span style=\"font-size: medium;\">Todo empez\u00f3 muy bien. La primera temporada presenta de manera magistral al atormentado protagonista. Lo sit\u00faa en una comisar\u00eda y lo rodea de otros personajes s\u00f3lidos que ayudar\u00e1n a construir la trama. Y, como no pod\u00eda ser de otra manera, dibuja un antagonista, un villano que acecha a Dexter y que, a la vez, sirve para que conozcamos mejor el pasado del forense.<\/span><br \/>\n<span style=\"font-size: medium;\">La historia avanza con correcci\u00f3n y llega a una cuarta temporada sublime, en la que vemos a un Dexter atrapado en una vida familiar que no sabe manejar, cada vez m\u00e1s acorralado, y con un oponente a su altura, Trinity. Con un final apote\u00f3sico, los guionistas dejaron el list\u00f3n alto.<\/span><br \/>\n<span style=\"font-size: medium;\">A partir de ah\u00ed, la trama comienza a naufragar. Los espectadores necesitamos avanzar, pero la historia se estanca. Primero con una quinta temporada de transici\u00f3n y despu\u00e9s con una sexta de relleno, plagada de lugares comunes y algunos disparates. A pesar de todo, el\u00a0desenlace de esta \u00faltima tanda\u00a0deja al protagonista en una situaci\u00f3n complicada. De c\u00f3mo salga de ella depende que la serie remonte o se hunda por falta de atrevimiento.<\/span><br \/>\n<em><span style=\"font-size: medium;\">\u00bfQu\u00e9 hacemos Lagarde?<\/span><\/em><\/p>\n<p>&nbsp;<\/p>\n<p><strong><span style=\"font-size: medium;\">Anatom\u00eda de Grey<\/span><\/strong><\/p>\n<p><span style=\"font-size: medium;\"><a href=\"\/elsindromededarrin\/wp-content\/uploads\/sites\/21\/2012\/06\/12449_patrick-dempsey.jpg\"><img loading=\"lazy\" class=\"alignleft size-medium wp-image-218\" title=\"12449_patrick-dempsey\" src=\"\/elsindromededarrin\/wp-content\/uploads\/sites\/21\/2012\/06\/12449_patrick-dempsey.jpg\" alt=\"\" width=\"207\" height=\"300\" srcset=\"https:\/\/static-blogs.lasprovincias.es\/wp-content\/uploads\/sites\/21\/2012\/06\/12449_patrick-dempsey.jpg 463w, https:\/\/static-blogs.lasprovincias.es\/wp-content\/uploads\/sites\/21\/2012\/06\/12449_patrick-dempsey-207x300.jpg 207w\" sizes=\"(max-width: 207px) 100vw, 207px\" \/><\/a>Reconozco que nunca he sido gran seguidor de esta serie, pese a todo atisb\u00e9 enseguida que ten\u00eda todos los ingredientes para triunfar: unos personajes atractivos, un gui\u00f3n llamativo y un escenario con muchas posibilidades.<\/span><br \/>\n<span style=\"font-size: medium;\">Las tramas funcionaban, salpicadas de tensiones sexuales y de desencuentros. El problema surge cuando los argumentos se agotan y la serie empieza a parodiarse. \u2018<a href=\"http:\/\/abc.go.com\/shows\/greys-anatomy\" target=\"_blank\" rel=\"external nofollow\">Anatom\u00eda de Grey<\/a>\u2019 ha sufrido varias bajas en su reparto, que la han dejado herida. Pero la lesi\u00f3n m\u00e1s fuerte se la causa la pareja protagonista, atrapada en una relaci\u00f3n de tira y afloja que no da m\u00e1s de s\u00ed.<\/span><br \/>\n<em><span style=\"font-size: medium;\">\u00bfC\u00f3mo lo ves\u00a0Lagarde? \u00bfT\u00fa eres m\u00e1s de Meredith o de Derek?<\/span><\/em><\/p>\n<p>&nbsp;<\/p>\n<p>&nbsp;<\/p>\n<p><strong><span style=\"font-size: medium;\">Weeds<\/span><\/strong><\/p>\n<p><span style=\"font-size: medium;\"><a href=\"\/elsindromededarrin\/wp-content\/uploads\/sites\/21\/2012\/06\/4472.jpg\"><img loading=\"lazy\" class=\"alignleft size-medium wp-image-219\" title=\"4472\" src=\"\/elsindromededarrin\/wp-content\/uploads\/sites\/21\/2012\/06\/4472.jpg\" alt=\"\" width=\"211\" height=\"300\" srcset=\"https:\/\/static-blogs.lasprovincias.es\/wp-content\/uploads\/sites\/21\/2012\/06\/4472.jpg 930w, https:\/\/static-blogs.lasprovincias.es\/wp-content\/uploads\/sites\/21\/2012\/06\/4472-211x300.jpg 211w, https:\/\/static-blogs.lasprovincias.es\/wp-content\/uploads\/sites\/21\/2012\/06\/4472-768x1090.jpg 768w, https:\/\/static-blogs.lasprovincias.es\/wp-content\/uploads\/sites\/21\/2012\/06\/4472-721x1024.jpg 721w\" sizes=\"(max-width: 211px) 100vw, 211px\" \/><\/a>Tengo debilidad por Nancy Botwin, esa madre que se queda viuda y decide mantener a los suyos vendiendo marihuana en un barrio residencial. Comenz\u00f3 t\u00edmida, como una comedia atrevida dispuesta a derribar tab\u00faes. As\u00ed camin\u00f3 sosegadamente tres temporadas.<\/span><br \/>\n<span style=\"font-size: medium;\">Lleg\u00f3 la cuarta,\u00a0los guionistas dieron un giro de tuerca,\u00a0quemaron el hogar familiar\u00a0y saltaron al vac\u00edo. As\u00ed\u00a0convirtieron a \u2018<a href=\"http:\/\/www.sho.com\/sho\/weeds\/home\" target=\"_blank\" rel=\"external nofollow\">Weeds<\/a>\u2019 en una locura permanente en la que era posible que sucediese todo, por impensable que pareciese. Ah\u00ed muchos se apearon y otros, como yo, nos enganchamos a\u00fan m\u00e1s. Cada temporada se planteaba como un reto y Nancy, sin escr\u00fapulos, era capaz de superarlos todos, aunque tuviese enfrente al capo m\u00e1s peligroso.<\/span><br \/>\n<span style=\"font-size: medium;\">Pero siete\u00a0a\u00f1os en esta monta\u00f1a rusa\u00a0son demasiados y la excentricidad muta al absurdo y\u00a0a la paranoia. Y ni los m\u00e1s fieles\u00a0podemos albergar tanta fe que nos haga\u00a0creer y aceptar lo que vemos.<\/span><br \/>\n<span style=\"font-size: medium;\">\u2018Weeds\u2019 regresa en julio y\u00a0deseamos un\u00a0adi\u00f3s a la altura de lo que merece. Volvamos a Agrestic, nos fumamos un porrito y todos a gusto, \u00bfno?<\/span><br \/>\n<em><span style=\"font-size: medium;\">\u00bfQu\u00e9 opinas Lagarde?<\/span><\/em><\/p>\n<p>&nbsp;<\/p>\n<p><strong><span style=\"font-size: medium;\">Californication<\/span><\/strong><\/p>\n<p><span style=\"font-size: medium;\"><a href=\"\/elsindromededarrin\/wp-content\/uploads\/sites\/21\/2012\/06\/4240.jpg\"><img loading=\"lazy\" class=\"alignleft size-medium wp-image-220\" title=\"4240\" src=\"\/elsindromededarrin\/wp-content\/uploads\/sites\/21\/2012\/06\/4240.jpg\" alt=\"\" width=\"226\" height=\"300\" srcset=\"https:\/\/static-blogs.lasprovincias.es\/wp-content\/uploads\/sites\/21\/2012\/06\/4240.jpg 800w, https:\/\/static-blogs.lasprovincias.es\/wp-content\/uploads\/sites\/21\/2012\/06\/4240-227x300.jpg 227w, https:\/\/static-blogs.lasprovincias.es\/wp-content\/uploads\/sites\/21\/2012\/06\/4240-768x1016.jpg 768w, https:\/\/static-blogs.lasprovincias.es\/wp-content\/uploads\/sites\/21\/2012\/06\/4240-774x1024.jpg 774w\" sizes=\"(max-width: 226px) 100vw, 226px\" \/><\/a>S\u00f3lo por ver a Fox Mulder\u00a0transformarse en un egoc\u00e9ntrico escritor adicto al sexo merec\u00eda la pena dar una oportunidad a este t\u00edtulo. Y fue una buena decisi\u00f3n. De \u2018<a href=\"http:\/\/www.sho.com\/sho\/californication\/home\" target=\"_blank\" rel=\"external nofollow\">Californication<\/a>\u2019 lo mejor es no esperar nada. Uno debe\u00a0sentarse a verla y deleitarse con las locuras de Hank Moody, un personaje irreverente, divertido y desinhibido.<\/span><br \/>\n<span style=\"font-size: medium;\">Un mal final de la primera temporada complic\u00f3 la segunda tanda de cap\u00edtulos. Pese a todo se deja ver. El protagonista contin\u00faa sorprendi\u00e9ndonos y evolucionando sin prejuicios. Los que le rodean no est\u00e1n a su altura. Pero, \u00bfa qui\u00e9n le importa pululando por ah\u00ed Hank Moody?<\/span><br \/>\n<span style=\"font-size: medium;\">El declive se inicia en la tercera temporada, donde todo\u00a0se torna\u00a0demasiado forzado. Nos siguen abasteciendo de coitos, argumentos descarados y chistes sobre penes y vaginas, pero ya no es suficiente.<\/span><br \/>\n<span style=\"font-size: medium;\">Y en eso estamos. Y ya van a por la sexta temporada. Vaticino que con esta pasar\u00e1 lo mismo que con \u2018<a href=\"http:\/\/www.tv.com\/shows\/niptuck\/\" target=\"_blank\" rel=\"external nofollow\">Nip\/tuck<\/a>\u2019, que aguant\u00e9 yo solo a ver el \u00faltimo cap\u00edtulo. No quedaba nadie m\u00e1s.<\/span><br \/>\n<em><span style=\"font-size: medium;\">\u00bfEs necesario Lagarde?<\/span><\/em><\/p>\n<p>&nbsp;<\/p>\n<p><strong><span class=\"Apple-style-span\" style=\"font-size: medium;\">CSI<\/span><\/strong><\/p>\n<p><span style=\"font-size: medium;\"><a href=\"\/elsindromededarrin\/wp-content\/uploads\/sites\/21\/2012\/06\/4252.jpg\"><img loading=\"lazy\" class=\"alignleft size-medium wp-image-222\" title=\"4252\" src=\"\/elsindromededarrin\/wp-content\/uploads\/sites\/21\/2012\/06\/4252.jpg\" alt=\"\" width=\"200\" height=\"300\" srcset=\"https:\/\/static-blogs.lasprovincias.es\/wp-content\/uploads\/sites\/21\/2012\/06\/4252.jpg 800w, https:\/\/static-blogs.lasprovincias.es\/wp-content\/uploads\/sites\/21\/2012\/06\/4252-200x300.jpg 200w, https:\/\/static-blogs.lasprovincias.es\/wp-content\/uploads\/sites\/21\/2012\/06\/4252-768x1152.jpg 768w, https:\/\/static-blogs.lasprovincias.es\/wp-content\/uploads\/sites\/21\/2012\/06\/4252-683x1024.jpg 683w\" sizes=\"(max-width: 200px) 100vw, 200px\" \/><\/a><\/span><span class=\"Apple-style-span\" style=\"font-size: medium;\">Hubo un tiempo en que tem\u00ed que apareciesen \u2018CSI Munich\u2019, \u2018CSI Lisboa\u2019, \u2018CSI Berl\u00edn\u2019 y \u2018CSI Barcelona\u2019. El universo forense que naci\u00f3 en Las Vegas se extend\u00eda con tal rapidez que amenazaba con invadir el planeta. La joya de la CBS es como esa persona bella, que te impresiona por su perfecci\u00f3n pero que te deja fr\u00edo. Est\u00e1 bien para una noche, o dos, pero nunca te enamorar\u00e1. Es la t\u00edpica serie que puedes ver un d\u00eda y volver a ella dos a\u00f1os despu\u00e9s y la encontrar\u00e1s igual. Te dar\u00e1 satisfacci\u00f3n pero nunca conseguir\u00e1 erizarte la piel.<\/span><\/p>\n<p><span style=\"font-size: medium;\">A \u2018<a href=\"http:\/\/www.cbs.com\/shows\/csi\/\" target=\"_blank\" rel=\"external nofollow\">CSI<\/a>\u2019, la original, hay que reconocerle sus muchas virtudes: plantea casos ingeniosos, los desarrolla correctamente, es \u00e1gil y est\u00e1 muy bien interpretada. Pero, claro, diez a\u00f1os ofreciendo lo mismo puede cansar. Esta ficci\u00f3n debi\u00f3 cerrar sus puertas el d\u00eda que Grissom abandon\u00f3 el barco. Pero era una gallina de huevos de oro como para que se escapase alegremente. Se dice que tiene garantizadas a\u00fan cuatro temporadas. Pero, \u00bfqu\u00e9 m\u00e1s pueden aportarnos los forenses de Las Vegas?<\/span><\/p>\n<p><em><span style=\"font-size: medium;\">\u00bfLo sabes t\u00fa Lagarde?<\/span><\/em><\/p>\n<p>&nbsp;<\/p>\n<p><span style=\"font-size: medium;\">Ah\u00ed est\u00e1n los casos. Desde aqu\u00ed pido que se analice mi solicitud y acudan enseguida al rescate con 100.000 millones de buenas ideas.<\/span><\/p>\n<p>&nbsp;<\/p>\n<p><em>T\u00edtulos de cr\u00e9dito: Para encontrar m\u00e1s informaci\u00f3n sobre todos los t\u00edtulos de los que se habla en este blog, as\u00ed como la forma de adquirirlos, hay que pulsar la pesta\u00f1a \u2018Almac\u00e9n de series\u2019. Para quejas, sugerencias y otras necesidades humanas mi correo es mlabastida@lasprovincias.es<\/em><\/p>\n<p>&nbsp;<\/p>\n<p>&nbsp;<\/p>\n<p>&nbsp;<\/p>\n<!-- AddThis Advanced Settings generic via filter on the_content --><!-- AddThis Share Buttons generic via filter on the_content -->","protected":false},"excerpt":{"rendered":"<p>&#8220;Por mucho que intenten ocultarla, la verdad est\u00e1 ah\u00ed. La verdad es m\u00e1s grande que todas sus mentiras.\u00a0La verdad busca ser conocida&#8221; Fox Mulder No s\u00e9 bien con qui\u00e9n hay que hablar. \u00bfCon el Banco Central Europeo? \u00bfCon el FMI? \u00bfDebemos llamar a Merkel? Sea quien sea el que decida esto de los rescates que [&hellip;]<!-- AddThis Advanced Settings generic via filter on get_the_excerpt --><!-- AddThis Share Buttons generic via filter on get_the_excerpt --><\/p>\n","protected":false},"author":29,"featured_media":0,"comment_status":"open","ping_status":"closed","sticky":false,"template":"","format":"standard","meta":[],"categories":[2],"tags":[48,123,203,231,689,891],"_links":{"self":[{"href":"https:\/\/blogs.lasprovincias.es\/elsindromededarrin\/wp-json\/wp\/v2\/posts\/212"}],"collection":[{"href":"https:\/\/blogs.lasprovincias.es\/elsindromededarrin\/wp-json\/wp\/v2\/posts"}],"about":[{"href":"https:\/\/blogs.lasprovincias.es\/elsindromededarrin\/wp-json\/wp\/v2\/types\/post"}],"author":[{"embeddable":true,"href":"https:\/\/blogs.lasprovincias.es\/elsindromededarrin\/wp-json\/wp\/v2\/users\/29"}],"replies":[{"embeddable":true,"href":"https:\/\/blogs.lasprovincias.es\/elsindromededarrin\/wp-json\/wp\/v2\/comments?post=212"}],"version-history":[{"count":0,"href":"https:\/\/blogs.lasprovincias.es\/elsindromededarrin\/wp-json\/wp\/v2\/posts\/212\/revisions"}],"wp:attachment":[{"href":"https:\/\/blogs.lasprovincias.es\/elsindromededarrin\/wp-json\/wp\/v2\/media?parent=212"}],"wp:term":[{"taxonomy":"category","embeddable":true,"href":"https:\/\/blogs.lasprovincias.es\/elsindromededarrin\/wp-json\/wp\/v2\/categories?post=212"},{"taxonomy":"post_tag","embeddable":true,"href":"https:\/\/blogs.lasprovincias.es\/elsindromededarrin\/wp-json\/wp\/v2\/tags?post=212"}],"curies":[{"name":"wp","href":"https:\/\/api.w.org\/{rel}","templated":true}]}}