{"id":224,"date":"2012-06-25T11:42:38","date_gmt":"2012-06-25T11:42:38","guid":{"rendered":"http:\/\/blogs.lasprovincias.es\/elsindromededarrin\/?p=224"},"modified":"2012-06-25T11:42:38","modified_gmt":"2012-06-25T11:42:38","slug":"los-conflictos-de-maria-teresa-campos","status":"publish","type":"post","link":"https:\/\/blogs.lasprovincias.es\/elsindromededarrin\/2012\/06\/25\/los-conflictos-de-maria-teresa-campos\/","title":{"rendered":"Los conflictos de Mar\u00eda Teresa Campos"},"content":{"rendered":"<p style=\"text-align: right;\"><strong>&#8220;La guerra de la tele es como la de los Rose: nos decimos muchas cosas, <\/strong><\/p>\n<p style=\"text-align: right;\"><strong>pero nos callamos muchas m\u00e1s&#8221;<\/strong><\/p>\n<p style=\"text-align: right;\">Mar\u00eda Teresa Campos<\/p>\n<p style=\"text-align: right;\">\n<p style=\"text-align: right;\">\n<p><span style=\"font-size: medium;\"><a href=\"\/elsindromededarrin\/wp-content\/uploads\/sites\/21\/2012\/06\/8958_maria-tere_13405873181.jpg\"><img loading=\"lazy\" class=\"alignleft size-medium wp-image-225\" title=\"8958_maria-tere_13405873181\" src=\"\/elsindromededarrin\/wp-content\/uploads\/sites\/21\/2012\/06\/8958_maria-tere_13405873181.jpg\" alt=\"\" width=\"207\" height=\"300\" srcset=\"https:\/\/static-blogs.lasprovincias.es\/wp-content\/uploads\/sites\/21\/2012\/06\/8958_maria-tere_13405873181.jpg 600w, https:\/\/static-blogs.lasprovincias.es\/wp-content\/uploads\/sites\/21\/2012\/06\/8958_maria-tere_13405873181-207x300.jpg 207w\" sizes=\"(max-width: 207px) 100vw, 207px\" \/><\/a>Creo que Telecinco lleva a\u00f1os dejando escapar el <em>reality<\/em>\u00a0de los <em>realitys<\/em> que m\u00e1s animar\u00eda su parrilla. Mejor que \u2018Supervivientes\u2019 o \u2018La casa de tu vida\u2019. M\u00e1s potente\u00a0que \u2018Hotel Glam\u2019 o \u2018Acorralados\u2019. Lo tiene en sus pasillos y no le saca r\u00e9dito.<\/span><\/p>\n<p><span style=\"font-size: medium;\">Le pido al lector de este blog que le eche imaginaci\u00f3n y piense en c\u00f3mo podr\u00eda ser una cena de empresa de Telecinco. Una bomba. Ah\u00ed se gesta la idea. Todos los presentadores de la \u2018pantalla amiga\u2019 reunidos. Jorge Javier, la Campos, Risto, Karmele, Jes\u00fas V\u00e1zquez, Jordi Gonz\u00e1lez\u2026 Juntos y revueltos en un restaurante con men\u00fa cerrado, jarras de sangr\u00eda y karaoke.<\/span><\/p>\n<p>&nbsp;<\/p>\n<p><span style=\"font-size: medium;\">\u201cF\u00famate el cigarro r\u00e1pido antes de que llegue la Mil\u00e1\u201d, dicen en voz baja David Cantero y Carme Chaparro. La Quintana protestando porque ella no come longanizas. A qui\u00e9n se le ocurre servirle eso a la reina de las ma\u00f1anas. J. J. Santos preguntando a Sara Carbonero: \u201c\u00bfC\u00f3mo est\u00e1n las croquetas?\u201d \u201cRebozadas en harina\u201d \u201cGracias Sara\u201d. Carmen Alcayde,\u00a0Lydia Lozano\u00a0y Terelu, en un corrillo aparte, viendo llegar a Pilar Rubio: \u201c\u00a1Qu\u00e9 guapa es!\u201d, \u201c\u00a1Qu\u00e9 ojazos tiene!\u201d, \u201cQu\u00e9 pena que todos los programas que presenta fracasen, ejem, ejem\u2026\u201d\u00a0 Y Piqueras presidiendo la mesa: \u201cEl final de esta cena puede ser espeluznante, dantesco, apocal\u00edptico\u201d.<\/span><\/p>\n<p><span style=\"font-size: medium;\">Telecinco, en s\u00ed mismo, es un micromundo. Y, c\u00f3mo en la cadena son muy de airear cualquier cosa, hasta los malos rollos de las estrellas de la emisora los muestran. As\u00ed nos hemos enterado, por ejemplo, de que M\u00e0xim Huerta y \u00d3scar Mart\u00ednez no se dirig\u00edan la palabra a pesar de trabajar cada ma\u00f1ana codo con codo. Hemos visto c\u00f3mo Jorge Javier y Jes\u00fas V\u00e1zquez se peleaban por tel\u00e9fono a cuenta de la imagen del colectivo homosexual que cada uno daba. Y hemos asistido en directo a las puyitas que los de \u2018S\u00e1lvame\u2019 y los de Ana Rosa se lanzan entre s\u00ed. Como antes lo hicieron Sard\u00e1 y Pepe Navarro desde sus respectivos magacines.<\/span><\/p>\n<p><span style=\"font-size: medium;\">Telecinco debe poner de inmediato c\u00e1maras en sus pasillos, camerinos y ba\u00f1os. Que grabe todo lo que all\u00ed suceda y lo emita. Sin editar, sin cortes. Los dimes y diretes, las miradas por encima del hombro, los portazos, los insultos a media voz, los dientes, dientes, que es lo que les jode. Que programen una gala semanal, o un par de ellas. Hay material. Que las presente la Mil\u00e1 y luego haga un gran debate Jordi Gonz\u00e1lez. <\/span><\/p>\n<p><span style=\"font-size: medium;\">No cabe duda de que la gran protagonista del <em>reality<\/em> ser\u00eda Mar\u00eda Teresa, que es la que se lleva la palma en conflictos. Dej\u00f3 su trono matinal pero es la reina de la reyerta. Tiene para todos. No hay nadie en Telecinco con quien no haya vivido un pique. Y como la Campos es mucha Campos no lo disimula ante su audiencia. Se calienta en directo, se rebota en directo, critica en directo. Y, \u00faltimamente, ha instaurado un nuevo g\u00e9nero: el de la exhibici\u00f3n de trapos sucios y reconciliaci\u00f3n en directo.<\/span><\/p>\n<p><span style=\"font-size: medium;\">ELLA lleva a sus compa\u00f1eros a su programa, all\u00ed les canta las cuarenta, les remonta a los a\u00f1os de maricasta\u00f1o y enumera (con una gran sonrisa, eso s\u00ed) los feos que le han hecho. Pero atenci\u00f3n, cuando los invitados le echan algo en cara,\u00a0ELLA se hace la senil y asegura que de eso no se acuerda. Corre un tupido velo, saca a los triunfitos a cantar, y aqu\u00ed paz, y despu\u00e9s gloria, que dir\u00eda Mar\u00eda Teresa.<\/span><\/p>\n<p><span style=\"font-size: medium;\">La \u00faltima con la que resolvi\u00f3 entuertos fue con Emma Garc\u00eda. As\u00ed\u00a0descubrimos que ambas no se aguantaban en los tiempos en que una presentaba la ma\u00f1ana y la otra la tarde. Que Mar\u00eda Teresa cre\u00eda que la de \u2018Hombres, viceversa y mujeres\u2019 era una trepa y esta, a su vez, consideraba a MariTere una diva. No se lo dijeron as\u00ed de claro, pero lo traduzco yo. Las dos, dientes, dientes, no perdieron la sonrisa mientras se iban clavando hachazos. \u201cYo sacaba la cara por ti y t\u00fa pasabas de m\u00ed\u201d. \u201cHas hecho programas en un momento dif\u00edcil que no hubiese hecho yo\u201d. Artiller\u00eda de la buena.<\/span><\/p>\n<p><span style=\"font-size: medium;\">Pero, reconozc\u00e1moslo, Emma, en el nuevo reality, actuar\u00eda como una actriz secundaria. Apunta maneras, pero le faltan canas. Ah\u00ed las grandes estrellas ser\u00edan Mar\u00eda Teresa y Ana Rosa, dos p\u00fagiles de peso, que se han enfrentado en el ring en varias ocasiones ya.<\/span><\/p>\n<p><span style=\"font-size: medium;\">A la Campos no le queda con quien mosquearse. Buena es ELLA. Si Julia Otero le llama petarda, va\u00a0ELLA y le responde que es una pija. Si Jorge Javier le busca las cosquillas le llama HP (hijoputa de toda la vida) pero con cari\u00f1o \u201cmi HP\u201d. Si los de \u2018S\u00e1lvame\u2019 se le echan encima como linces,\u00a0ELLA se da media vuelta y se va. Como una gran dama de la escena.\u00a0<\/span><span class=\"Apple-style-span\" style=\"font-size: medium;\">S\u00f3lo\u00a0ELLA es capaz de tildar a su jefe de gilipollas delante de media Espa\u00f1a y luego volver toda digna, asegurar que aquello fue una bobada, y a otra cosa, mariposa.<\/span><br \/>\n<iframe loading=\"lazy\" src=\"\/\/www.youtube.com\/embed\/AiuhklZQYqc\" frameborder=\"0\" width=\"560\" height=\"315\"><\/iframe><\/p>\n<p>&nbsp;<\/p>\n<p><span style=\"font-size: medium;\">R\u00edete t\u00fa de Alaska y Mario con lo que tiene Telecinco en casa. \u00bfA qu\u00e9 est\u00e1 esperando Vasile? Auguro que estallar\u00e1n los aud\u00edmetros.<\/span><\/p>\n<p>&nbsp;<\/p>\n<p><span style=\"font-size: medium;\"><em>T\u00edtulos de cr\u00e9dito: Para quejas, sugerencias y otras necesidades humanas mi correo es mlabastida@lasprovincias.es<\/em><\/span><\/p>\n<!-- AddThis Advanced Settings generic via filter on the_content --><!-- AddThis Share Buttons generic via filter on the_content -->","protected":false},"excerpt":{"rendered":"<p>&#8220;La guerra de la tele es como la de los Rose: nos decimos muchas cosas, pero nos callamos muchas m\u00e1s&#8221; Mar\u00eda Teresa Campos Creo que Telecinco lleva a\u00f1os dejando escapar el reality\u00a0de los realitys que m\u00e1s animar\u00eda su parrilla. Mejor que \u2018Supervivientes\u2019 o \u2018La casa de tu vida\u2019. M\u00e1s potente\u00a0que \u2018Hotel Glam\u2019 o \u2018Acorralados\u2019. Lo [&hellip;]<!-- AddThis Advanced Settings generic via filter on get_the_excerpt --><!-- AddThis Share Buttons generic via filter on get_the_excerpt --><\/p>\n","protected":false},"author":29,"featured_media":0,"comment_status":"open","ping_status":"closed","sticky":false,"template":"","format":"standard","meta":[],"categories":[2],"tags":[47,405,605,675,785,797],"_links":{"self":[{"href":"https:\/\/blogs.lasprovincias.es\/elsindromededarrin\/wp-json\/wp\/v2\/posts\/224"}],"collection":[{"href":"https:\/\/blogs.lasprovincias.es\/elsindromededarrin\/wp-json\/wp\/v2\/posts"}],"about":[{"href":"https:\/\/blogs.lasprovincias.es\/elsindromededarrin\/wp-json\/wp\/v2\/types\/post"}],"author":[{"embeddable":true,"href":"https:\/\/blogs.lasprovincias.es\/elsindromededarrin\/wp-json\/wp\/v2\/users\/29"}],"replies":[{"embeddable":true,"href":"https:\/\/blogs.lasprovincias.es\/elsindromededarrin\/wp-json\/wp\/v2\/comments?post=224"}],"version-history":[{"count":0,"href":"https:\/\/blogs.lasprovincias.es\/elsindromededarrin\/wp-json\/wp\/v2\/posts\/224\/revisions"}],"wp:attachment":[{"href":"https:\/\/blogs.lasprovincias.es\/elsindromededarrin\/wp-json\/wp\/v2\/media?parent=224"}],"wp:term":[{"taxonomy":"category","embeddable":true,"href":"https:\/\/blogs.lasprovincias.es\/elsindromededarrin\/wp-json\/wp\/v2\/categories?post=224"},{"taxonomy":"post_tag","embeddable":true,"href":"https:\/\/blogs.lasprovincias.es\/elsindromededarrin\/wp-json\/wp\/v2\/tags?post=224"}],"curies":[{"name":"wp","href":"https:\/\/api.w.org\/{rel}","templated":true}]}}