{"id":237,"date":"2012-07-04T09:19:20","date_gmt":"2012-07-04T09:19:20","guid":{"rendered":"http:\/\/blogs.lasprovincias.es\/elsindromededarrin\/?p=237"},"modified":"2012-07-04T09:19:20","modified_gmt":"2012-07-04T09:19:20","slug":"que-alguien-muestre-the-newsroom-en-tve","status":"publish","type":"post","link":"https:\/\/blogs.lasprovincias.es\/elsindromededarrin\/2012\/07\/04\/que-alguien-muestre-the-newsroom-en-tve\/","title":{"rendered":"Que alguien muestre \u2018The newsroom\u2019 en TVE"},"content":{"rendered":"<p style=\"text-align: right;\"><strong>&#8220;La gente querr\u00e1 las noticias si se las das con integridad&#8221;<\/strong><\/p>\n<p style=\"text-align: right;\">MacKenzie McHale<\/p>\n<p>&nbsp;<\/p>\n<p>&nbsp;<\/p>\n<p>&nbsp;<\/p>\n<p><span style=\"font-size: medium;\"><a href=\"\/elsindromededarrin\/wp-content\/uploads\/sites\/21\/2012\/07\/the-newsroom-hb_13412304731.jpg\"><img loading=\"lazy\" class=\"alignleft size-medium wp-image-240\" title=\"the-newsroom-hb_13412304731\" src=\"\/elsindromededarrin\/wp-content\/uploads\/sites\/21\/2012\/07\/the-newsroom-hb_13412304731.jpg\" alt=\"\" width=\"207\" height=\"300\" srcset=\"https:\/\/static-blogs.lasprovincias.es\/wp-content\/uploads\/sites\/21\/2012\/07\/the-newsroom-hb_13412304731.jpg 600w, https:\/\/static-blogs.lasprovincias.es\/wp-content\/uploads\/sites\/21\/2012\/07\/the-newsroom-hb_13412304731-207x300.jpg 207w\" sizes=\"(max-width: 207px) 100vw, 207px\" \/><\/a>En el primer cap\u00edtulo de la serie &#8216;<a href=\"http:\/\/www.hbo.com\/the-newsroom\/index.html\" target=\"_blank\" rel=\"external nofollow\">The newsroom<\/a>&#8216; el informativo dedica una hora a informar sobre el derrame de petr\u00f3leo de BP en el Golfo de M\u00e9xico. Se analiza el alcance, las causas, las medidas que se est\u00e1n tomando, las responsabilidades. Es la noticia del d\u00eda, un desastre que puede afectar a miles de personas, y la informaci\u00f3n se pone al servicio del ciudadano. Pensaba en algo similar en Espa\u00f1a a prop\u00f3sito de los incendios en Valencia, 50.000 hect\u00e1reas calcinadas, cientos de habitantes pendientes de un fuego desbocado. Imaginar algo parecido es una utop\u00eda. S\u00f3lo se hacen especiales as\u00ed si gana la Roja.<\/span><\/p>\n<p><span style=\"font-size: medium;\">Es la segunda vez en unos d\u00edas que recuerdo la nueva serie de Aaron Sorkin sobre periodistas, que ha estrenado en EE. UU. la cadena HBO y que se ver\u00e1 en Espa\u00f1a en septiembre por Canal +.\u00a0La primera fue con los relevos en TVE.\u00a0<\/span><\/p>\n<p><span class=\"Apple-style-span\" style=\"font-size: medium;\">Se inicia una nueva etapa en los informativos del ente p\u00fablico. Mejor o peor, est\u00e1 por ver. No leo el futuro. Para eso ya est\u00e1 Esperanza Gracia, ah\u00ed sigue, ella se mantiene gobierne Zapatero o Rajoy. El que ya se ha ido es Fran Llorente, el hombre que ha comandado en los \u00faltimos a\u00f1os los telediarios en la emisora p\u00fablica. Se va con m\u00e1s de 200 premios, ninguna demanda por manipulaci\u00f3n informativa (como aquella del Ce Ce O O de Urdaci) y con el aplauso de sus compa\u00f1eros. Guste m\u00e1s o menos estos son datos incontestables.<\/span><\/p>\n<p><span style=\"font-size: medium;\">La etapa de Julio Somoano habr\u00e1 que juzgarla cuando suceda. No antes. Cierto es que su nombramiento ha despertado todo tipo de recelos porque llega de Telemadrid, una cadena que, para qu\u00e9 enga\u00f1arnos, no se caracteriza por la informaci\u00f3n independiente. Veremos. D<\/span><span class=\"Apple-style-span\" style=\"font-size: medium;\">e entrada quiero pedirle al reci\u00e9n nombrado que eche un vistazo a \u2018<a href=\"http:\/\/www.hbo.com\/the-newsroom\/index.html\" target=\"_blank\" rel=\"external nofollow\">The newsroom<\/a>\u2019.<\/span><\/p>\n<p style=\"text-align: center;\"><a href=\"\/elsindromededarrin\/wp-content\/uploads\/sites\/21\/2012\/07\/thenewsroom.jpg\"><img loading=\"lazy\" class=\"aligncenter size-large wp-image-238\" title=\"thenewsroom\" src=\"\/elsindromededarrin\/wp-content\/uploads\/sites\/21\/2012\/07\/thenewsroom.jpg\" alt=\"\" width=\"590\" height=\"374\" srcset=\"https:\/\/static-blogs.lasprovincias.es\/wp-content\/uploads\/sites\/21\/2012\/07\/thenewsroom.jpg 2277w, https:\/\/static-blogs.lasprovincias.es\/wp-content\/uploads\/sites\/21\/2012\/07\/thenewsroom-300x190.jpg 300w, https:\/\/static-blogs.lasprovincias.es\/wp-content\/uploads\/sites\/21\/2012\/07\/thenewsroom-768x487.jpg 768w, https:\/\/static-blogs.lasprovincias.es\/wp-content\/uploads\/sites\/21\/2012\/07\/thenewsroom-1024x650.jpg 1024w\" sizes=\"(max-width: 590px) 100vw, 590px\" \/><\/a><\/p>\n<p><span style=\"font-size: medium;\">Cuando uno dice Aaron Sorkin el resto de la humanidad se levanta. Es el creador de \u2018<a href=\"http:\/\/www.tv.com\/shows\/the-west-wing\/\" target=\"_blank\" rel=\"external nofollow\">El ala oeste de la Casa Blanca<\/a>\u2019 y \u2018<a href=\"http:\/\/www.tv.com\/shows\/studio-60-on-the-sunset-strip\/\" target=\"_blank\" rel=\"external nofollow\">Studio 60<\/a>\u2019, y eso son palabras mayores. Aunque tampoco deber\u00edamos pasarnos. Al esperar tanto, tanto de una persona, las posibilidades de que no se cumplan nuestras expectativas se ampl\u00edan. Y nadie es infalible.<\/span><\/p>\n<p><span style=\"font-size: medium;\">Sorkin se ha metido esta vez en la redacci\u00f3n de un informativo de una televisi\u00f3n por cable. Se escuda detr\u00e1s de Will McAvoy, un presentador popular gracias a su imparcialidad a la hora de narrar las informaciones (una especie de Ana Blanco pero en hombre). Pero todo cambia cuando en una charla ante universitarios se deja llevar, se moja demasiado y suelta un discurso poco autocomplaciente, antipatri\u00f3tico y reivindicativo. Permite que su careta caiga. Y aquello le va a suponer un antes y despu\u00e9s en su carrera.<\/span><\/p>\n<p><span style=\"font-size: medium;\">De \u2018<a href=\"http:\/\/www.hbo.com\/the-newsroom\/index.html\" target=\"_blank\" rel=\"external nofollow\">The newsroom<\/a>\u2019 hemos visto ya dos cap\u00edtulos, lo cual nos permite adivinar que esta ficci\u00f3n pretende poner en valor el periodismo, el de siempre, el de las fuentes, el anti-Google, el de las noticias importantes, el puro, sin interferencias econ\u00f3micas ni pol\u00edticas.\u00a0<\/span><\/p>\n<p><span class=\"Apple-style-span\" style=\"font-size: medium;\">\u201cDebemos reivindicar el periodismo como una profesi\u00f3n honrada\u201d, le dice al periodista la nueva productora de su programa, una corresponsal de guerra idealista, que ha regresado dispuesta a pasar de las audiencias (&#8220;no hacemos buena televisi\u00f3n, hacemos noticias&#8221;), de los chismorreos y de los ganchos f\u00e1ciles (cualquier discurso de Sarah Palin). Cuando McAvoy le contesta que nadie querr\u00e1 ver este tipo de informativo, ella le cita al Quijote.<\/span><\/p>\n<p><span class=\"Apple-style-span\" style=\"font-size: medium;\">En el primer cap\u00edtulo ambos deciden ofrecer una amplia cobertura sobre la explosi\u00f3n de la plataforma petrol\u00edfera, a pesar de que hay noticias que previsiblemente atraer\u00e1n a m\u00e1s espectadores. Pero este espacio apuesta por ser diferente. &#8220;Quiero que el contenido condicione las audiencias, no al rev\u00e9s&#8221;, asegura el jefe de la cadena. Y con ese esp\u00edritu<\/span><span class=\"Apple-style-span\" style=\"font-size: medium;\">\u00a0realizan un noticiero vivo, sincero e \u00edntegro. Cargado de exclusivas, de invitados, de entrevistas que meten el dado en la yaga, de responsables dispuestos a explicarse. Ciencia ficci\u00f3n.<\/span><\/p>\n<p><span class=\"Apple-style-span\" style=\"font-size: medium;\">Surgen un mont\u00f3n de datos desconocidos y s\u00faper importantes, que logra la que parec\u00eda la m\u00e1s pardilla de la redacci\u00f3n. Y es que unas palabras de la productora han supuesto un revulsivo para esta joven apocada. En el segundo episodio las cosas se tuercen y mete la pata. Pero incluso de los errores se aprende, no hay gritos, no hay represalias. Esto es un equipo en la salud y en la adversidad.\u00a0<\/span><\/p>\n<p><span class=\"Apple-style-span\" style=\"font-size: medium;\">Como no s\u00f3lo de teletipos vive el hombre la pardilla mantiene una relaci\u00f3n con un compa\u00f1ero de oficina, que no se lo pone f\u00e1cil. No valora suficientemente su trabajo, no quiere conocer a sus padres&#8230; Menudo drama. Menos mal que el chico nuevo le mira. \u00bfHabr\u00e1 tri\u00e1ngulo? No, hombre no. Qu\u00e9 evidente. Ni tampoco se liar\u00e1n el presentador y la productora, que hace a\u00f1os fueron novios, se hicieron mucho da\u00f1o y ahora se odian. Qu\u00e9 mente retorcida ten\u00e9is.\u00a0<\/span><span class=\"Apple-style-span\" style=\"font-size: medium;\">Por cierto, \u00bfd\u00f3nde est\u00e1 Holly Hunter? No, que esto no es \u2018Al filo de la noticia\u2019. \u00bfY Glenn Close? No, que esto no es \u2018The paper\u2019. Ah, pues me lo parec\u00eda.<\/span><\/p>\n<p>&nbsp;<\/p>\n<p><iframe loading=\"lazy\" src=\"\/\/www.youtube.com\/embed\/q5TxEix6mdU\" frameborder=\"0\" width=\"560\" height=\"315\"><\/iframe><\/p>\n<p>&nbsp;<\/p>\n<p><span class=\"Apple-style-span\" style=\"font-size: medium;\">Cualquier director de informativos, cualquier periodista, cualquier estudiante que ans\u00ede dedicarse a esto deber\u00eda ver \u2018<a href=\"http:\/\/www.hbo.com\/the-newsroom\/index.html\" target=\"_blank\" rel=\"external nofollow\">The newsroom<\/a>\u2019 y quedarse con el serm\u00f3n (s\u00ed, he dicho serm\u00f3n) que nos suelta Sorkin sobre el periodismo, sobre las buenas pr\u00e1cticas y las malas, sobre la integridad en esta profesi\u00f3n. Lo hace a trav\u00e9s de di\u00e1logos muy bien escritos y un ritmo estupendo.<\/span><\/p>\n<p><span style=\"font-size: medium;\">Nos narra la teor\u00eda de lo que debe ser un buen periodista, de raza, de los que siguen su instinto, sin servilismos. Como libro te\u00f3rico es imprescindible.<\/span><\/p>\n<p><span style=\"font-size: medium;\">Ahora s\u00f3lo falta que Sorkin haga una serie sobre el mundo real.<\/span><\/p>\n<p>&nbsp;<\/p>\n<p>&nbsp;<\/p>\n<p>&nbsp;<\/p>\n<p><span style=\"font-size: small;\"><em>T\u00edtulos de cr\u00e9dito: Si pulsas la pesta\u00f1a \u2018Almac\u00e9n de series\u2019 encontrar\u00e1s informaci\u00f3n de todos los t\u00edtulos de los que se habla en este blog, as\u00ed como la forma de adquirirlos. Para quejas, sugerencias y otras necesidades humanas mi correo es mlabastida@lasprovincias.es<\/em><br \/>\n<\/span><\/p>\n<!-- AddThis Advanced Settings generic via filter on the_content --><!-- AddThis Share Buttons generic via filter on the_content -->","protected":false},"excerpt":{"rendered":"<p>&#8220;La gente querr\u00e1 las noticias si se las das con integridad&#8221; MacKenzie McHale &nbsp; &nbsp; &nbsp; En el primer cap\u00edtulo de la serie &#8216;The newsroom&#8216; el informativo dedica una hora a informar sobre el derrame de petr\u00f3leo de BP en el Golfo de M\u00e9xico. Se analiza el alcance, las causas, las medidas que se est\u00e1n [&hellip;]<!-- AddThis Advanced Settings generic via filter on get_the_excerpt --><!-- AddThis Share Buttons generic via filter on get_the_excerpt --><\/p>\n","protected":false},"author":29,"featured_media":0,"comment_status":"open","ping_status":"closed","sticky":false,"template":"","format":"standard","meta":[],"categories":[2],"tags":[],"_links":{"self":[{"href":"https:\/\/blogs.lasprovincias.es\/elsindromededarrin\/wp-json\/wp\/v2\/posts\/237"}],"collection":[{"href":"https:\/\/blogs.lasprovincias.es\/elsindromededarrin\/wp-json\/wp\/v2\/posts"}],"about":[{"href":"https:\/\/blogs.lasprovincias.es\/elsindromededarrin\/wp-json\/wp\/v2\/types\/post"}],"author":[{"embeddable":true,"href":"https:\/\/blogs.lasprovincias.es\/elsindromededarrin\/wp-json\/wp\/v2\/users\/29"}],"replies":[{"embeddable":true,"href":"https:\/\/blogs.lasprovincias.es\/elsindromededarrin\/wp-json\/wp\/v2\/comments?post=237"}],"version-history":[{"count":0,"href":"https:\/\/blogs.lasprovincias.es\/elsindromededarrin\/wp-json\/wp\/v2\/posts\/237\/revisions"}],"wp:attachment":[{"href":"https:\/\/blogs.lasprovincias.es\/elsindromededarrin\/wp-json\/wp\/v2\/media?parent=237"}],"wp:term":[{"taxonomy":"category","embeddable":true,"href":"https:\/\/blogs.lasprovincias.es\/elsindromededarrin\/wp-json\/wp\/v2\/categories?post=237"},{"taxonomy":"post_tag","embeddable":true,"href":"https:\/\/blogs.lasprovincias.es\/elsindromededarrin\/wp-json\/wp\/v2\/tags?post=237"}],"curies":[{"name":"wp","href":"https:\/\/api.w.org\/{rel}","templated":true}]}}