{"id":239,"date":"2012-07-12T09:18:13","date_gmt":"2012-07-12T09:18:13","guid":{"rendered":"http:\/\/blogs.lasprovincias.es\/elsindromededarrin\/?p=239"},"modified":"2012-07-12T09:18:13","modified_gmt":"2012-07-12T09:18:13","slug":"del-culo-de-mercedes-mila-al-gafe-de-pilar-rubio","status":"publish","type":"post","link":"https:\/\/blogs.lasprovincias.es\/elsindromededarrin\/2012\/07\/12\/del-culo-de-mercedes-mila-al-gafe-de-pilar-rubio\/","title":{"rendered":"Del culo de Mercedes Mil\u00e1 al gafe de Pilar Rubio"},"content":{"rendered":"<p style=\"text-align: right;\"><strong>&#8220;Busque, compare y si encuentra algo mejor, c\u00f3mprelo&#8221;<\/strong><\/p>\n<p style=\"text-align: right;\">Manuel Luque<\/p>\n<p style=\"text-align: right;\">\n<p style=\"text-align: right;\">\n<p><span style=\"font-size: medium;\"><a href=\"\/elsindromededarrin\/wp-content\/uploads\/sites\/21\/2012\/07\/zapping161_13415431641.jpg\"><img loading=\"lazy\" class=\"alignleft size-medium wp-image-248\" title=\"zapping16[1]_13415431641\" src=\"\/elsindromededarrin\/wp-content\/uploads\/sites\/21\/2012\/07\/zapping161_13415431641.jpg\" alt=\"\" width=\"207\" height=\"300\" srcset=\"https:\/\/static-blogs.lasprovincias.es\/wp-content\/uploads\/sites\/21\/2012\/07\/zapping161_13415431641.jpg 600w, https:\/\/static-blogs.lasprovincias.es\/wp-content\/uploads\/sites\/21\/2012\/07\/zapping161_13415431641-207x300.jpg 207w\" sizes=\"(max-width: 207px) 100vw, 207px\" \/><\/a>El curso televisivo ha terminado. Ha llegado el calor y las vacaciones&#8230; Las estrellas de las cadenas (Ana Rosa, Susanna Griso, Pablo Motos&#8230;) ya est\u00e1n con la toalla en la playa. Es hora de repasar la temporada 2011-2012 en la televisi\u00f3n nacional, diez meses de programas de \u00e9xito (&#8216;<a href=\"http:\/\/www.antena3.com\/programas\/tu-cara-me-suena\/\" target=\"_blank\" rel=\"external nofollow\">Tu cara me suena<\/a>&#8216;, &#8216;<a href=\"http:\/\/www.telecinco.es\/hayunacosaquetequierodecir\/\" target=\"_blank\" rel=\"external nofollow\">Hay una cosa que te quiero decir<\/a>&#8216;),\u00a0sonoros fracasos (&#8216;<a href=\"http:\/\/www.antena3.com\/programas\/buenas-noches-buenafuente\/\" target=\"_blank\" rel=\"external nofollow\">Buenas noches y Buenafuente<\/a>&#8216;, &#8216;<a href=\"http:\/\/www.cuatro.com\/no-le-digas-a-mama-que-trabajo-en-la-tele\/\" target=\"_blank\" rel=\"external nofollow\">No le digas a mam\u00e1&#8230;<\/a>&#8216;), series que calaron en la audiencia (&#8216;<a href=\"http:\/\/www.antena3.com\/series\/gran-hotel\/\" target=\"_blank\" rel=\"external nofollow\">Gran Hotel<\/a>&#8216;, &#8216;<a href=\"http:\/\/www.antena3.com\/series\/con-el-culo-al-aire\/\" target=\"_blank\" rel=\"external nofollow\">Con el culo al aire<\/a>&#8216;) y otras de las que nadie quiera acordarse (&#8216;<a href=\"http:\/\/www.telecinco.es\/cheers\/\" target=\"_blank\" rel=\"external nofollow\">Cheers<\/a>&#8216;). Tomemos el mando y zapeemos entre los momentos m\u00e1s comentados de la temporada, esos que los espectadores no olvidan, aquellos que se convirtieron en Trending Topic y que resumen lo que ha dado de s\u00ed la peque\u00f1a pantalla. Vamos all\u00e1.<\/span><\/p>\n<p>&nbsp;<\/p>\n<p><strong><span style=\"font-size: medium;\">1. El culo de la Mil\u00e1<\/span><\/strong><\/p>\n<p><span style=\"font-size: medium;\">Si Terelu ha hecho un &#8216;Intervi\u00fa&#8217; Mercedes Mil\u00e1 tambi\u00e9n puede. No hay duda. Arrestos no le faltan. La hab\u00edamos visto vestida de g\u00f3tica, con un tocado de frutas en la cabeza o con el pelo como si hubiese metido los dedos en un enchufe. Cuando cre\u00edamos que no le faltaba nada por ense\u00f1arnos, va ella se levanta la falda y nos hace un calvo. Y volvi\u00f3 a dejarnos sin habla. Tiene esa facilidad y quiz\u00e1 esa sea la clave para entender las estupendas cifras que ha vuelto a cosechar el <em>reality<\/em> por excelencia de Telecinco, &#8216;<a href=\"http:\/\/www.telecinco.es\/granhermano\/\" target=\"_blank\" rel=\"external nofollow\">Gran Hermano<\/a>&#8216;, en su edici\u00f3n 12+1.<\/span><\/p>\n<p>&nbsp;<\/p>\n<p><object id=\"flashObj\" width=\"640\" height=\"360\" classid=\"clsid:d27cdb6e-ae6d-11cf-96b8-444553540000\" codebase=\"http:\/\/download.macromedia.com\/pub\/shockwave\/cabs\/flash\/swflash.cab#version=6,0,40,0\"><param name=\"flashVars\" value=\"web=externos&#038;videoId=1525295170001&#038;playerID=308992236001&#038;playerKey=AQ%2E%2E,AAAAFDJ-UQk%2E,KupD199djw-xYR35536jwpBkXnPJoc_9&#038;domain=embed&#038;dynamicStreaming=true\" \/><param name=\"base\" value=\"http:\/\/admin.brightcove.com\" \/><param name=\"wmode\" value=\"transparent\" \/><param name=\"seamlesstabbing\" value=\"false\" \/><param name=\"allowFullScreen\" value=\"true\" \/><param name=\"swLiveConnect\" value=\"true\" \/><param name=\"allowScriptAccess\" value=\"always\" \/><param name=\"src\" value=\"http:\/\/c.brightcove.com\/services\/viewer\/federated_f9?isVid=1&#038;isUI=1\" \/><param name=\"flashvars\" value=\"web=externos&#038;videoId=1525295170001&#038;playerID=308992236001&#038;playerKey=AQ%2E%2E,AAAAFDJ-UQk%2E,KupD199djw-xYR35536jwpBkXnPJoc_9&#038;domain=embed&#038;dynamicStreaming=true\" \/><param name=\"allowfullscreen\" value=\"true\" \/><param name=\"allowscriptaccess\" value=\"always\" \/><param name=\"swliveconnect\" value=\"true\" \/><param name=\"pluginspage\" value=\"http:\/\/www.macromedia.com\/shockwave\/download\/index.cgi?P1_Prod_Version=ShockwaveFlash\" \/><embed id=\"flashObj\" width=\"640\" height=\"360\" type=\"application\/x-shockwave-flash\" src=\"\/\/c.brightcove.com\/services\/viewer\/federated_f9?isVid=1&#038;isUI=1\" flashVars=\"web=externos&#038;videoId=1525295170001&#038;playerID=308992236001&#038;playerKey=AQ%2E%2E,AAAAFDJ-UQk%2E,KupD199djw-xYR35536jwpBkXnPJoc_9&#038;domain=embed&#038;dynamicStreaming=true\" base=\"http:\/\/admin.brightcove.com\" wmode=\"transparent\" seamlesstabbing=\"false\" allowFullScreen=\"true\" swLiveConnect=\"true\" allowScriptAccess=\"always\" flashvars=\"web=externos&#038;videoId=1525295170001&#038;playerID=308992236001&#038;playerKey=AQ%2E%2E,AAAAFDJ-UQk%2E,KupD199djw-xYR35536jwpBkXnPJoc_9&#038;domain=embed&#038;dynamicStreaming=true\" allowfullscreen=\"true\" allowscriptaccess=\"always\" swliveconnect=\"true\" pluginspage=\"http:\/\/www.macromedia.com\/shockwave\/download\/index.cgi?P1_Prod_Version=ShockwaveFlash\" \/><\/object><\/p>\n<p>&nbsp;<\/p>\n<p><strong><span style=\"font-size: medium;\">2. Dani Mart\u00edn pierde la cabeza<\/span><\/strong><\/p>\n<p><span style=\"font-size: medium;\">El l\u00edder de El Canto del Loco perdi\u00f3 la cabeza literalmente en su visita al programa de Trancas y Barrancas. Y los espectadores se quedaron m\u00e1s at\u00f3nitos que cuando Uri Geller doblaba cucharas en el &#8216;Direct\u00edsimo&#8221; de Jos\u00e9 Mar\u00eda \u00cd\u00f1igo. Han pasado casi 40 a\u00f1os entre ambos momentos, as\u00ed que igual algo podr\u00edamos haber aprendido. Pues parece ser que no. Fue tal el revuelo que se arm\u00f3 que Pablo Motos tuvo que salir al d\u00eda siguiente a aclarar que s\u00f3lo hab\u00eda sido un truco de magia y que Dani Mart\u00edn estaba vivito y coleando para cantar aquello de &#8220;Eres tonto&#8230;&#8221;. Que, la verdad, deber\u00eda enton\u00e1rselo a unos cuantos con m\u00e1s raz\u00f3n que nunca. Fue uno de los temas m\u00e1s comentados de la nueva etapa de &#8216;<a href=\"http:\/\/www.antena3.com\/programas\/el-hormiguero\/\" target=\"_blank\" rel=\"external nofollow\">El hormiguero<\/a>&#8216; en Antena 3, tras abandonar Cuatro.<\/span><\/p>\n<p>&nbsp;<\/p>\n<p><iframe loading=\"lazy\" src=\"\/\/www.youtube.com\/embed\/NjVSdWZ2T8Q\" frameborder=\"0\" width=\"560\" height=\"315\"><\/iframe><\/p>\n<p>&nbsp;<\/p>\n<p><strong><span style=\"font-size: medium;\">3. El az\u00facar de Remedios Cervantes<\/span><\/strong><\/p>\n<p><span style=\"font-size: medium;\">\u00bfQu\u00e9 elemento act\u00faa mejor como conductor de la electricidad diluido en agua? \u00bfEl az\u00facar o la sal? A la modelo y actriz Remedios Cervantes no se le olvidar\u00e1 despu\u00e9s de acudir al concurso &#8216;<a href=\"http:\/\/www.antena3.com\/programas\/millon\/\" target=\"_blank\" rel=\"external nofollow\">Atrapa un mill\u00f3n<\/a>&#8216;. Fue una de las lecciones que aprendi\u00f3 en aquella visita. La otra, que debe llevar un Valium siempre en el bolsillo, para tom\u00e1rselo cuando le d\u00e9 por reaccionar por impulsos. Y m\u00e1s si se juega 5.000 euros que no son suyos. Estas cosas en &#8216;<a href=\"http:\/\/www.rtve.es\/television\/saber-y-ganar\/\" target=\"_blank\" rel=\"external nofollow\">Saber y ganar<\/a>&#8216; no pasan.\u00a0<\/span><br \/>\n<iframe loading=\"lazy\" src=\"\/\/www.youtube.com\/embed\/R6E77EGBUbg\" frameborder=\"0\" width=\"560\" height=\"315\"><\/iframe><\/p>\n<p><strong><span style=\"font-size: medium;\">4. Mam\u00e1 b\u00fascame novia, novio o lo que sea<\/span><\/strong><\/p>\n<p><span style=\"font-size: medium;\">Lo de ligar se ha puesto muy dif\u00edcil. Ya no funciona lo de \u00bfestudias o trabajas? y con tanta restricci\u00f3n con el tabaco pedir fuego no se lleva tampoco. As\u00ed que hay que agudizar el ingenio para terminar acompa\u00f1ado en la cama. Cuatro puso remedio a este problema de Estado y mont\u00f3 una casa de citas a la que estaban invitados casamenteros, pretendientes y madres. Y de esa combinaci\u00f3n surgieron los tr\u00f3spidos (o c\u00f3mo no poner l\u00edmites al rid\u00edculo).<\/span><\/p>\n<p><span style=\"font-size: medium;\">\u00a0<\/span><br \/>\n<iframe loading=\"lazy\" src=\"\/\/www.cuatro.com\/video\/video-embed.html?contentId=CUAVID20120215_0047&#038;width=450&#038;height=253\" frameborder=\"0\" width=\"475\" height=\"273\"><\/iframe><br \/>\n<strong><\/strong><\/p>\n<p><strong><span style=\"font-size: medium;\">5. Argui\u00f1ano reivindicativo<\/span><\/strong><\/p>\n<p><span style=\"font-size: medium;\">Lo que no se atreven a decir muchos comentaristas y tertulianos lo solt\u00f3 el cocinero m\u00e1s popular de la gran pantalla. Tenemos debates hasta en la sopa con los mismos periodistas opinando de todo. Pero ninguno ha sido tan claro como Argui\u00f1ano en su espacio culinario de Antena 3. No se sabe a\u00fan si aquel d\u00eda en lugar de perejil hab\u00eda consumido otra hierba pero el caso es que expres\u00f3 en alto lo que la mayor\u00eda pensamos sobre los banqueros. Rico, rico.<\/span><br \/>\n<iframe loading=\"lazy\" src=\"\/\/www.youtube.com\/embed\/0EW4h99m0GE\" frameborder=\"0\" width=\"560\" height=\"315\"><\/iframe><\/p>\n<p>&nbsp;<\/p>\n<p><strong><span style=\"font-size: medium;\">6. &#8216;La noria&#8217; se queda sin publicidad<\/span><\/strong><\/p>\n<p><span style=\"font-size: medium;\">Ni al ba\u00f1o pod\u00eda ir\u00a0Jordi Gonz\u00e1lez cuando los anunciantes se retiraron del programa del s\u00e1bado y el magac\u00edn se emit\u00eda sin pausas. El contenedor de Telecinco en el que todo cab\u00eda calent\u00f3 las redes sociales con una entrevista a la madre de El Cuco, que acudi\u00f3 a contar su\u00a0historia previo paso por caja. El revuelo fue tal que los anunciantes huyeron despavoridos y Jordi se qued\u00f3 tan s\u00f3lo en compa\u00f1\u00eda de Esperanza Gracia, que ajena a la pol\u00e9mica segu\u00eda animando a sus querid\u00edsimos piscis. Al final Vasile cerr\u00f3 &#8216;La noria&#8217; y envi\u00f3 a los presentadores a los autos de choque.<\/span><span style=\"font-size: medium;\">\u00a0Y ah\u00ed siguen.<\/span><br \/>\n<iframe loading=\"lazy\" src=\"\/\/www.dailymotion.com\/embed\/video\/xm61jc_jordi-gonzalez-responde-a-las-criticas-por-entrevistar-a-la-madre-del-cuco-en-la-noria_creation\" frameborder=\"0\" width=\"480\" height=\"360\"><\/iframe><\/p>\n<p>&nbsp;<\/p>\n<p><strong><span style=\"font-size: medium;\">7. El PER de Cayetano<\/span><\/strong><\/p>\n<p><span style=\"font-size: medium;\">Concede pocas entrevistas Cayetano Mart\u00ednez de Irujo. Y casi mejor as\u00ed. Porque si abre la boca para decir que los andaluces tienen pocas ganas de trabajar o de progresar es preferible que se quede haciendo sus labores en el palacio de las Due\u00f1as. Luego rectific\u00f3 y reconoci\u00f3 que no estaba bien informado. Es que hay que comprar m\u00e1s peri\u00f3dicos Cayetano. \u00bfO es que piensas tambi\u00e9n que los periodistas somos unos vagos? Las declaraciones se las arranc\u00f3 un Jordi \u00c9vole en estado de gracia en su excelente &#8216;<a href=\"http:\/\/www.lasexta.com\/salvados\/inicio\" target=\"_blank\" rel=\"external nofollow\">Salvados<\/a>&#8216;, que cada semana se ha encargado de sacar los colores a pol\u00edticos y empresarios de este pa\u00eds.<\/span><br \/>\n<iframe loading=\"lazy\" src=\"\/\/www.youtube.com\/embed\/E7kayrzHHRU\" frameborder=\"0\" width=\"560\" height=\"315\"><\/iframe><\/p>\n<p>&nbsp;<\/p>\n<p><strong><span style=\"font-size: medium;\">8. Ruiz Mateos pierde el norte<\/span><\/strong><\/p>\n<p><span style=\"font-size: medium;\">No se lo puso f\u00e1cil el empresario Ruiz Mateos a Susanna Griso en la entrevista que esta le hizo en &#8216;<a href=\"http:\/\/www.antena3.com\/programas\/espejo-publico\/\" target=\"_blank\" rel=\"external nofollow\">Espejo p\u00fablico<\/a>&#8216;, el programa que le ha disputado el trono matinal a Ana Rosa. Del creador del &#8220;Que te pego leche&#8221; lleg\u00f3 el &#8220;\u00bfEst\u00e1 usted sorda? No me hable de chorradas&#8221;. La Griso le preguntaba por sus negocios y \u00e9l le contestaba que hab\u00eda subido el pan, que la presentadora quer\u00eda saber c\u00f3mo estaban sus problemas legales, \u00e9l le contaba que parec\u00eda que hac\u00eda buen tiempo. Y uno no sab\u00eda si en realidad todo era una parodia de Martes y 13.\u00a0&#8220;No me haga preguntas de quinta, pongan ah\u00ed a una profesional buena&#8221;, dec\u00eda el propietario de Rumasa ante la periodista de Antena 3 que no sab\u00eda hacia d\u00f3nde mirar.<\/span><br \/>\n<iframe loading=\"lazy\" src=\"\/\/www.youtube.com\/embed\/EQichtRnNt4\" frameborder=\"0\" width=\"560\" height=\"315\"><\/iframe><\/p>\n<p>&nbsp;<\/p>\n<p><strong><span style=\"font-size: medium;\">9. El velo de Ana Pastor<\/span><\/strong><\/p>\n<p><span style=\"font-size: medium;\">Se\u00f1orita Rottenmeier le llam\u00f3 Bon\u00f3. Y con Dolores de Cospedal tuvo dos o tres rifirrafes. Gallard\u00f3n le pidi\u00f3 permiso para criticar al PSOE y Barreda soport\u00f3 como pudo la bronca por comparar a su oponente pol\u00edtica en Castilla La Mancha con Sarah Palin. Ana Pastor, haciendo amigos. La popular periodista sac\u00f3 su lado incisivo incluso con el\u00a0dictador iran\u00ed Mahmud Ahmadineyad. La conversaci\u00f3n fue tan tensa que la presentadora perdi\u00f3 poco a poco el velo isl\u00e1mico que llevaba puesto\u00a0para no ofender las costumbres de su entrevistado. Valiente. Qu\u00e9 escasos estamos de esto.<\/span><br \/>\n<iframe loading=\"lazy\" src=\"\/\/www.youtube.com\/embed\/hkrmTx7BOWU\" frameborder=\"0\" width=\"420\" height=\"315\"><\/iframe><\/p>\n<p>&nbsp;<\/p>\n<p><strong><span style=\"font-size: medium;\">10. Gracias Sara<\/span><\/strong><\/p>\n<p><span style=\"font-size: medium;\">Pobre Sara. La han tomado con ella los del twitter en esta pasada Eurocopa. Si es que no todo son ventajas en lo de ser tan guapa. Y encima su novio es el portero m\u00e1s famoso de la naci\u00f3n. Para qu\u00e9 quieres m\u00e1s. Ya te vale Sara. Claro que hab\u00eda veces que lo pon\u00edas tan f\u00e1cil&#8230; Todos tenemos un mal d\u00eda. O varios, Sara. Todos.\u00a0<\/span><br \/>\n<iframe loading=\"lazy\" id=\"zappinternet_iframe\" src=\"\/\/zappinternet.com\/embed\/zibDvoJvaZ\" frameborder=\"0\" scrolling=\"no\" width=\"655\" height=\"368\"><\/iframe><\/p>\n<p>&nbsp;<\/p>\n<p><strong><span style=\"font-size: medium;\">Bonus: El gafe de Pilar Rubio<\/span><\/strong><\/p>\n<p><span style=\"font-size: medium;\">Sara ya tiene con quien consolarse. Con Pilar. La Pili, que le llamaban en &#8216;<a href=\"http:\/\/www.lasexta.com\/seloquehicisteis\/inicio\" target=\"_blank\" rel=\"external nofollow\">S\u00e9 lo que hicisteis<\/a>&#8216;. A ella tampoco le quieren mucho por la red social del pajarito. Anda que no se echaron pocas risas con &#8216;<a href=\"http:\/\/www.telecinco.es\/operaciontriunfo\/\" target=\"_blank\" rel=\"external nofollow\">Operaci\u00f3n Triunfo<\/a>&#8216;. O con &#8216;Piratas&#8217;. Y este a\u00f1o no ha estado muy atinada, ciertamente. Ni con &#8216;<a href=\"http:\/\/www.cuatro.com\/XXS\/\" target=\"_blank\" rel=\"external nofollow\">XXS<\/a>&#8216; ni con &#8216;<a href=\"http:\/\/www.telecinco.es\/todoelmundoesbueno\/\" target=\"_blank\" rel=\"external nofollow\">Todo el mundo es bueno<\/a>&#8216;. Va a ser que no, que no todo el mundo es bueno. O quiz\u00e1 es verdad que Pilar es gafe. Lagarto, lagarto. Si lo s\u00e9 no la nombro.<\/span><\/p>\n<p>&nbsp;<\/p>\n<p><iframe loading=\"lazy\" src=\"\/\/www.telecinco.es\/video\/video-embed.html?contentId=TL5VID20120614_0135&#038;showTitle=1&#038;showSummary=1&#038;width=711&#038;height=400\" frameborder=\"0\" width=\"736\" height=\"420\"><\/iframe><\/p>\n<!-- AddThis Advanced Settings generic via filter on the_content --><!-- AddThis Share Buttons generic via filter on the_content -->","protected":false},"excerpt":{"rendered":"<p>&#8220;Busque, compare y si encuentra algo mejor, c\u00f3mprelo&#8221; Manuel Luque El curso televisivo ha terminado. Ha llegado el calor y las vacaciones&#8230; Las estrellas de las cadenas (Ana Rosa, Susanna Griso, Pablo Motos&#8230;) ya est\u00e1n con la toalla en la playa. Es hora de repasar la temporada 2011-2012 en la televisi\u00f3n nacional, diez meses de [&hellip;]<!-- AddThis Advanced Settings generic via filter on get_the_excerpt --><!-- AddThis Share Buttons generic via filter on get_the_excerpt --><\/p>\n","protected":false},"author":29,"featured_media":0,"comment_status":"open","ping_status":"closed","sticky":false,"template":"","format":"standard","meta":[],"categories":[2],"tags":[],"_links":{"self":[{"href":"https:\/\/blogs.lasprovincias.es\/elsindromededarrin\/wp-json\/wp\/v2\/posts\/239"}],"collection":[{"href":"https:\/\/blogs.lasprovincias.es\/elsindromededarrin\/wp-json\/wp\/v2\/posts"}],"about":[{"href":"https:\/\/blogs.lasprovincias.es\/elsindromededarrin\/wp-json\/wp\/v2\/types\/post"}],"author":[{"embeddable":true,"href":"https:\/\/blogs.lasprovincias.es\/elsindromededarrin\/wp-json\/wp\/v2\/users\/29"}],"replies":[{"embeddable":true,"href":"https:\/\/blogs.lasprovincias.es\/elsindromededarrin\/wp-json\/wp\/v2\/comments?post=239"}],"version-history":[{"count":0,"href":"https:\/\/blogs.lasprovincias.es\/elsindromededarrin\/wp-json\/wp\/v2\/posts\/239\/revisions"}],"wp:attachment":[{"href":"https:\/\/blogs.lasprovincias.es\/elsindromededarrin\/wp-json\/wp\/v2\/media?parent=239"}],"wp:term":[{"taxonomy":"category","embeddable":true,"href":"https:\/\/blogs.lasprovincias.es\/elsindromededarrin\/wp-json\/wp\/v2\/categories?post=239"},{"taxonomy":"post_tag","embeddable":true,"href":"https:\/\/blogs.lasprovincias.es\/elsindromededarrin\/wp-json\/wp\/v2\/tags?post=239"}],"curies":[{"name":"wp","href":"https:\/\/api.w.org\/{rel}","templated":true}]}}