{"id":267,"date":"2012-07-23T10:52:19","date_gmt":"2012-07-23T10:52:19","guid":{"rendered":"http:\/\/blogs.lasprovincias.es\/elsindromededarrin\/?p=267"},"modified":"2012-07-23T10:52:19","modified_gmt":"2012-07-23T10:52:19","slug":"la-casa-de-la-pradera-era-una-estafa","status":"publish","type":"post","link":"https:\/\/blogs.lasprovincias.es\/elsindromededarrin\/2012\/07\/23\/la-casa-de-la-pradera-era-una-estafa\/","title":{"rendered":"La casa de la pradera era una estafa"},"content":{"rendered":"<p style=\"text-align: right;\">\u00a0<strong><span style=\"font-size: small;\">&#8220;No se caga donde se come. Y mucho menos se caga donde como yo&#8221;<\/span><\/strong><\/p>\n<p style=\"text-align: right;\"><span style=\"font-size: medium;\"><span style=\"font-size: small;\">Tony Soprano<\/span><\/span><\/p>\n<p>&nbsp;<\/p>\n<p style=\"text-align: left;\"><span style=\"font-size: medium;\"><br \/>\n<a href=\"\/elsindromededarrin\/wp-content\/uploads\/sites\/21\/2012\/07\/casapradera-2.jpg\"><img loading=\"lazy\" class=\"alignleft size-medium wp-image-268\" title=\"casapradera-2\" src=\"\/elsindromededarrin\/wp-content\/uploads\/sites\/21\/2012\/07\/casapradera-2.jpg\" alt=\"\" width=\"207\" height=\"300\" srcset=\"https:\/\/static-blogs.lasprovincias.es\/wp-content\/uploads\/sites\/21\/2012\/07\/casapradera-2.jpg 600w, https:\/\/static-blogs.lasprovincias.es\/wp-content\/uploads\/sites\/21\/2012\/07\/casapradera-2-207x300.jpg 207w\" sizes=\"(max-width: 207px) 100vw, 207px\" \/><\/a>Cuando era peque\u00f1o e iba a casa de alg\u00fan amigo con una familia id\u00edlica siempre volv\u00eda a la m\u00eda sinti\u00e9ndome raro, porque pensaba que la \u00fanica familia imperfecta era la m\u00eda. A medida que fui haci\u00e9ndome mayor me di cuenta de que los hogares aparentemente id\u00edlicos son, en el fondo, los m\u00e1s peligrosos, los que m\u00e1s tienen que esconder, los que m\u00e1s se esfuerzan para tapar su mierda.<\/span><\/p>\n<p><span style=\"font-size: medium;\">Los clanes impecables no existen. Las casas en las que todo es paz y armon\u00eda son una estafa. Las personas que rebosan bondad por los cuatro costados me aterrorizan.<\/span><\/p>\n<p><span style=\"font-size: medium;\">&#8216;<a href=\"http:\/\/www.tv.com\/shows\/little-house-on-the-prairie\/\" target=\"_blank\" rel=\"external nofollow\">La casa de la pradera<\/a>&#8216; fue una gran mentira. La m\u00e1s burda. Charles Ingalls era el padre perfecto, honesto y completamente entregado a los suyos. Caroline representaba a la esposa sensata y equilibrada. Mary era la hija encantadora e imperturbable, pese a los problemas que le ocasionaba su ceguera. La alegr\u00eda y la generosidad caracterizaban a Laura. Los otros doscientos hijos (naturales y adoptados) resultaban misericordiosos y tiernos. \u00a1\u00a1Anda ya!!<\/span><\/p>\n<p><span style=\"font-size: medium;\">Durante a\u00f1os la televisi\u00f3n nos castig\u00f3 con estas familias de cuento. Y, nosotros, nos martiriz\u00e1bamos en el sof\u00e1 pensando en la mala suerte que nos hab\u00eda tocado. Hasta que un buen d\u00eda la peque\u00f1a pantalla decidi\u00f3 explorar la realidad y presentarnos a padres que se comportan como adolescentes, a madres que no saben c\u00f3mo tratar a sus hijos y a hijos que se enganchan al crack para soportar a sus padres. Y fue entonces cuando respir\u00e9 tranquilo.<\/span><\/p>\n<p><span style=\"font-size: medium;\">\u201cSoy normal\u201d, me dije.<\/span><\/p>\n<p><span style=\"font-size: medium;\">He aqu\u00ed mis cinco familias disfuncionales favoritas de la tele:<\/span><\/p>\n<p>&nbsp;<\/p>\n<p><strong><span style=\"font-size: medium;\">Los Gallagher: <a href=\"http:\/\/www.channel4.com\/programmes\/shameless\/\" target=\"_blank\" rel=\"external nofollow\">Shameless<\/a><\/span><\/strong><\/p>\n<p><span style=\"font-size: medium;\"><a href=\"\/elsindromededarrin\/wp-content\/uploads\/sites\/21\/2012\/07\/2-es-aa7adcc46037564b171d2e76e0887403.ip_84.126.119.249.jpg\"><br \/>\n<\/a><a href=\"\/elsindromededarrin\/wp-content\/uploads\/sites\/21\/2012\/07\/shameless-framed1.jpg\"><img loading=\"lazy\" class=\"alignleft size-medium wp-image-275\" title=\"shameless-framed\" src=\"\/elsindromededarrin\/wp-content\/uploads\/sites\/21\/2012\/07\/shameless-framed1.jpg\" alt=\"\" width=\"300\" height=\"260\" srcset=\"https:\/\/static-blogs.lasprovincias.es\/wp-content\/uploads\/sites\/21\/2012\/07\/shameless-framed1.jpg 1232w, https:\/\/static-blogs.lasprovincias.es\/wp-content\/uploads\/sites\/21\/2012\/07\/shameless-framed1-300x260.jpg 300w, https:\/\/static-blogs.lasprovincias.es\/wp-content\/uploads\/sites\/21\/2012\/07\/shameless-framed1-768x666.jpg 768w, https:\/\/static-blogs.lasprovincias.es\/wp-content\/uploads\/sites\/21\/2012\/07\/shameless-framed1-1024x888.jpg 1024w\" sizes=\"(max-width: 300px) 100vw, 300px\" \/><\/a>Existen dos versiones. La original, que lleva ocho a\u00f1os emiti\u00e9ndose en Gran Breta\u00f1a, y la adaptaci\u00f3n americana, que comenz\u00f3 en 2011. Una se desarrolla en Manchester, la otra en Chicago. La primera es excepcional, la segunda est\u00e1 muy bien, pero parece menos real. T\u00e9 o coca cola a gusto del consumidor.<\/span><\/p>\n<p><span style=\"font-size: medium;\">Los Gallagher ser\u00edan la t\u00edpica tribu numerosa que intenta defenderse como puede de los problemas cotidianos de la vida si no fuese porque\u00a0su principal escollo es su padre, Frank, que no deja de entorpecerles\u00a0el camino, meterse en chanchullos al borde de la legalidad y gastar hasta el \u00faltimo euro en alcohol. \u00bfY la madre? Les abandon\u00f3 y aparece cuando menos se la espera.<\/span><\/p>\n<p><span style=\"font-size: medium;\"><strong>\u00bfLo mejor?<\/strong> Lo natural que resulta vivir rodeado de tanta porquer\u00eda.<\/span><\/p>\n<p><span style=\"font-size: medium;\"><strong>\u00bfLo peor?<\/strong> Que la versi\u00f3n americana no herede el esp\u00edritu pesimista de la inglesa.<\/span><\/p>\n<p>&nbsp;<\/p>\n<p><strong><span style=\"font-size: medium;\">Los Gregson: <a href=\"http:\/\/www.sho.com\/sho\/united-states-of-tara\/home\" target=\"_blank\" rel=\"external nofollow\">United States of Tara<\/a><\/span><\/strong><\/p>\n<p><span style=\"font-size: medium;\"><a href=\"\/elsindromededarrin\/wp-content\/uploads\/sites\/21\/2012\/07\/11-es-769a9482f2eb4217416901498e0d3297.ip_84.126.119.249.jpg\"><br \/>\n<\/a><a href=\"\/elsindromededarrin\/wp-content\/uploads\/sites\/21\/2012\/07\/tara-2-ok1_13429528481.jpg\"><img loading=\"lazy\" class=\"alignleft size-medium wp-image-276\" title=\"tara-2-ok[1]_13429528481\" src=\"\/elsindromededarrin\/wp-content\/uploads\/sites\/21\/2012\/07\/tara-2-ok1_13429528481.jpg\" alt=\"\" width=\"239\" height=\"300\" srcset=\"https:\/\/static-blogs.lasprovincias.es\/wp-content\/uploads\/sites\/21\/2012\/07\/tara-2-ok1_13429528481.jpg 466w, https:\/\/static-blogs.lasprovincias.es\/wp-content\/uploads\/sites\/21\/2012\/07\/tara-2-ok1_13429528481-240x300.jpg 240w\" sizes=\"(max-width: 239px) 100vw, 239px\" \/><\/a>Eso de que madre no hay m\u00e1s que una no se cumple en el caso de los Gregson. Para ellos cada jornada es una sorpresa, dependiendo del rol que la matriarca de la familia haya adoptado ese d\u00eda. Y, teniendo en cuenta, que Tara padece trastorno disociativo de la personalidad, lo mismo puede presentarse una ma\u00f1ana como una ama de casa chapada a la antigua que como un camionero dispuesto a buscar camorra.<\/span><\/p>\n<p><span style=\"font-size: medium;\"><strong>\u00bfLo mejor?<\/strong>\u00a0Que la creadora de la serie sea Diablo Cody (&#8216;Juno&#8217;) y la protagonista, Toni Colette (eres mala Muriel&#8230;)<\/span><\/p>\n<p><span style=\"font-size: medium;\"><strong>\u00bfLo peor?<\/strong> Que la serie terminara precipitadamente tras la tercera temporada.<\/span><\/p>\n<p>&nbsp;<\/p>\n<p><strong><span style=\"font-size: medium;\">Los Henrickson: <a href=\"http:\/\/www.hbo.com\/big-love\/index.html\" target=\"_blank\" rel=\"external nofollow\">Big Love<\/a><\/span><\/strong><\/p>\n<p><span style=\"font-size: medium;\"><a href=\"\/elsindromededarrin\/wp-content\/uploads\/sites\/21\/2012\/07\/Big-Love-HBO-TV-Series-Polygamy-framed.jpg\"><img loading=\"lazy\" class=\"alignleft size-medium wp-image-280\" title=\"Big-Love-HBO-TV-Series-Polygamy-framed\" src=\"\/elsindromededarrin\/wp-content\/uploads\/sites\/21\/2012\/07\/Big-Love-HBO-TV-Series-Polygamy-framed.jpg\" alt=\"\" width=\"300\" height=\"270\" srcset=\"https:\/\/static-blogs.lasprovincias.es\/wp-content\/uploads\/sites\/21\/2012\/07\/Big-Love-HBO-TV-Series-Polygamy-framed.jpg 768w, https:\/\/static-blogs.lasprovincias.es\/wp-content\/uploads\/sites\/21\/2012\/07\/Big-Love-HBO-TV-Series-Polygamy-framed-300x271.jpg 300w\" sizes=\"(max-width: 300px) 100vw, 300px\" \/><\/a>De puertas para fuera los Henrickson son una t\u00edpica familia americana formada por Bill, Barbara y sus tres hijos. En su vecindario viven Nicki y Margene, dos madres solteras. Pero si uno entra en su hogar descubrir\u00e1 que hay un patio en com\u00fan que comunica todas sus casas. Porque, en realidad, Bill tiene tres esposas, que intentan llevar con armon\u00eda esta situaci\u00f3n. Para entender este planteamiento conviene conocer la vinculaci\u00f3n de los protagonistas con la Iglesia de Jesucristo de los Santos de los \u00daltimos D\u00edas, una congregaci\u00f3n mormoma en la que durante siglos se practicaba la poligamia.<\/span><\/p>\n<p><span style=\"font-size: medium;\"><strong>\u00bfLo mejor?<\/strong> Chloe Sevigny y Jeanne Tripplehorn, dos de las esposas.<\/span><\/p>\n<p><span style=\"font-size: medium;\"><strong>\u00bfLo peor?<\/strong> En ocasiones cuesta seguirla si no se conocen bien las costumbres e historia de los mormones.<\/span><\/p>\n<h3><\/h3>\n<p><strong><span style=\"font-size: medium;\">Los Malloy: <a href=\"http:\/\/www.tv.com\/shows\/the-riches\/\" target=\"_blank\" rel=\"external nofollow\">Los Riches<\/a><\/span><\/strong><\/p>\n<p><span style=\"font-size: medium;\"><a href=\"\/elsindromededarrin\/wp-content\/uploads\/sites\/21\/2012\/07\/the-riches-cast-708349-framed.jpg\"><img loading=\"lazy\" class=\"alignleft size-medium wp-image-281\" title=\"the-riches-cast-708349-framed\" src=\"\/elsindromededarrin\/wp-content\/uploads\/sites\/21\/2012\/07\/the-riches-cast-708349-framed.jpg\" alt=\"\" width=\"300\" height=\"212\" srcset=\"https:\/\/static-blogs.lasprovincias.es\/wp-content\/uploads\/sites\/21\/2012\/07\/the-riches-cast-708349-framed.jpg 1137w, https:\/\/static-blogs.lasprovincias.es\/wp-content\/uploads\/sites\/21\/2012\/07\/the-riches-cast-708349-framed-300x212.jpg 300w, https:\/\/static-blogs.lasprovincias.es\/wp-content\/uploads\/sites\/21\/2012\/07\/the-riches-cast-708349-framed-768x543.jpg 768w, https:\/\/static-blogs.lasprovincias.es\/wp-content\/uploads\/sites\/21\/2012\/07\/the-riches-cast-708349-framed-1024x724.jpg 1024w\" sizes=\"(max-width: 300px) 100vw, 300px\" \/><\/a>Estamos ante una de las \u00faltimas estirpes de gitanos que quedan en la Am\u00e9rica profunda, que mantiene una vida n\u00f3mada en su vieja y destartalada caravana, sobreviviendo a base de peque\u00f1os robos. Su existencia cambia cuando, tras un accidente, suplantan la personalidad de los Riches, un acaudalado clan. Ante ellos se presenta el reto de escapar de su verdadero yo e inventarse un nuevo personaje.<\/span><\/p>\n<p>&nbsp;<\/p>\n<p><span style=\"font-size: medium;\"><strong>\u00bfLo mejor?<\/strong> \u00bfQui\u00e9n dijo que para ser feliz hay que decir siempre la verdad?<\/span><\/p>\n<p><span style=\"font-size: medium;\"><strong>\u00bfLo peor?<\/strong> Que se volviese algo repetitiva a medida que avanzaba la trama.<\/span><\/p>\n<p>&nbsp;<\/p>\n<p><strong><span style=\"font-size: medium;\">Los Griffin: <a href=\"http:\/\/www.fox.com\/familyguy\/\" target=\"_blank\" rel=\"external nofollow\">Padre de familia<\/a><\/span><\/strong><\/p>\n<p><span style=\"font-size: medium;\"><a href=\"\/elsindromededarrin\/wp-content\/uploads\/sites\/21\/2012\/07\/ScHU9CNZGpcGfaQ.jpg\"><img loading=\"lazy\" class=\"alignleft size-medium wp-image-279\" title=\"ScHU9CNZGpcGfaQ\" src=\"\/elsindromededarrin\/wp-content\/uploads\/sites\/21\/2012\/07\/ScHU9CNZGpcGfaQ.jpg\" alt=\"\" width=\"239\" height=\"300\" srcset=\"https:\/\/static-blogs.lasprovincias.es\/wp-content\/uploads\/sites\/21\/2012\/07\/ScHU9CNZGpcGfaQ.jpg 331w, https:\/\/static-blogs.lasprovincias.es\/wp-content\/uploads\/sites\/21\/2012\/07\/ScHU9CNZGpcGfaQ-239x300.jpg 239w\" sizes=\"(max-width: 239px) 100vw, 239px\" \/><\/a>\u00bfQu\u00e9 se puede esperar de una familia en el que el m\u00e1s normal es un perro que habla? Peter es estramb\u00f3tico y absurdo (en un episodio llegan a declararle retrasado mental). Lois renunci\u00f3 a sus ra\u00edces aristocr\u00e1cticas para casarse. Megan lucha por ser aceptada socialmente. Chris es poco espabilado y torpe con todo lo que est\u00e1 a su alrededor. Y Stewie, a pesar de su gran capacidad mental, vive obsesionado por aquello que tiene que ver con la violencia. Recomendable para todos los espectadores que un d\u00eda se dieron cuenta de que &#8216;<a href=\"http:\/\/www.thesimpsons.com\/\" target=\"_blank\" rel=\"external nofollow\">Los Simpson<\/a>&#8216; se hab\u00eda convertido en una serie demasiado light.<\/span><\/p>\n<p>&nbsp;<\/p>\n<p><span style=\"font-size: medium;\"><strong>\u00bfLo mejor?<\/strong>\u00a0Querido McGiver: adjunto te env\u00edo una goma, un clip y una paja para beber\u2026 por favor, salva a mi perro.<\/span><\/p>\n<p><span style=\"font-size: medium;\"><strong>\u00bfLo peor?<\/strong> Zas, \u00a1en toda la boca!<\/span><\/p>\n<p>&nbsp;<\/p>\n<p><span style=\"font-size: medium;\">PDT: Si t\u00fa concepto de prole disfuncional es &#8216;<a href=\"http:\/\/abc.go.com\/shows\/modern-family\/\" target=\"_blank\" rel=\"external nofollow\">Modern family<\/a>&#8216; te recomiendo que no veas ninguna de estas series. Tal vez deber\u00edas echar un vistazo a &#8216;<a href=\"http:\/\/abc.go.com\/shows\/the-middle\/\" target=\"_blank\" rel=\"external nofollow\">The Middle<\/a>&#8216;, que es m\u00e1s convencional y no te llevar\u00e1s ning\u00fan susto.<\/span><\/p>\n<p>&nbsp;<\/p>\n<p><em>T\u00edtulos de cr\u00e9dito: Puedes opinar sobre tu familia disfuncional favorita. Por cierto, en la pesta\u00f1a \u2018Almac\u00e9n de series\u2019 encontrar\u00e1s informaci\u00f3n de todos los t\u00edtulos de los que se habla en este blog, as\u00ed como la forma de adquirirlos. Para quejas, sugerencias y otras necesidades humanas mi correo es mlabastida@lasprovincias.es<\/em><\/p>\n<!-- AddThis Advanced Settings generic via filter on the_content --><!-- AddThis Share Buttons generic via filter on the_content -->","protected":false},"excerpt":{"rendered":"<p>\u00a0&#8220;No se caga donde se come. Y mucho menos se caga donde como yo&#8221; Tony Soprano &nbsp; Cuando era peque\u00f1o e iba a casa de alg\u00fan amigo con una familia id\u00edlica siempre volv\u00eda a la m\u00eda sinti\u00e9ndome raro, porque pensaba que la \u00fanica familia imperfecta era la m\u00eda. A medida que fui haci\u00e9ndome mayor me [&hellip;]<!-- AddThis Advanced Settings generic via filter on get_the_excerpt --><!-- AddThis Share Buttons generic via filter on get_the_excerpt --><\/p>\n","protected":false},"author":29,"featured_media":0,"comment_status":"open","ping_status":"closed","sticky":false,"template":"","format":"standard","meta":[],"categories":[2],"tags":[95,145,586,696,742,750,864],"_links":{"self":[{"href":"https:\/\/blogs.lasprovincias.es\/elsindromededarrin\/wp-json\/wp\/v2\/posts\/267"}],"collection":[{"href":"https:\/\/blogs.lasprovincias.es\/elsindromededarrin\/wp-json\/wp\/v2\/posts"}],"about":[{"href":"https:\/\/blogs.lasprovincias.es\/elsindromededarrin\/wp-json\/wp\/v2\/types\/post"}],"author":[{"embeddable":true,"href":"https:\/\/blogs.lasprovincias.es\/elsindromededarrin\/wp-json\/wp\/v2\/users\/29"}],"replies":[{"embeddable":true,"href":"https:\/\/blogs.lasprovincias.es\/elsindromededarrin\/wp-json\/wp\/v2\/comments?post=267"}],"version-history":[{"count":0,"href":"https:\/\/blogs.lasprovincias.es\/elsindromededarrin\/wp-json\/wp\/v2\/posts\/267\/revisions"}],"wp:attachment":[{"href":"https:\/\/blogs.lasprovincias.es\/elsindromededarrin\/wp-json\/wp\/v2\/media?parent=267"}],"wp:term":[{"taxonomy":"category","embeddable":true,"href":"https:\/\/blogs.lasprovincias.es\/elsindromededarrin\/wp-json\/wp\/v2\/categories?post=267"},{"taxonomy":"post_tag","embeddable":true,"href":"https:\/\/blogs.lasprovincias.es\/elsindromededarrin\/wp-json\/wp\/v2\/tags?post=267"}],"curies":[{"name":"wp","href":"https:\/\/api.w.org\/{rel}","templated":true}]}}