{"id":298,"date":"2012-07-31T07:12:40","date_gmt":"2012-07-31T07:12:40","guid":{"rendered":"http:\/\/blogs.lasprovincias.es\/elsindromededarrin\/?p=298"},"modified":"2012-07-31T07:12:40","modified_gmt":"2012-07-31T07:12:40","slug":"la-tecnologia-es-el-enemigo","status":"publish","type":"post","link":"https:\/\/blogs.lasprovincias.es\/elsindromededarrin\/2012\/07\/31\/la-tecnologia-es-el-enemigo\/","title":{"rendered":"La tecnolog\u00eda es el enemigo"},"content":{"rendered":"<p style=\"text-align: right;\"><strong><span style=\"font-size: small;\">&#8220;Estoy demasiado evolucionado para conducir&#8221;<\/span><\/strong><\/p>\n<p style=\"text-align: right;\"><span style=\"font-size: medium;\"><span style=\"font-size: small;\">Sheldon Cooper<\/span><\/span><\/p>\n<p style=\"text-align: left;\"><span style=\"font-size: medium;\"><br \/>\n<a href=\"\/elsindromededarrin\/wp-content\/uploads\/sites\/21\/2012\/07\/black-mirror-ep_13431772801-1.jpg\"><img loading=\"lazy\" class=\"alignleft size-medium wp-image-299\" title=\"black-mirror-ep_13431772801-1\" src=\"\/elsindromededarrin\/wp-content\/uploads\/sites\/21\/2012\/07\/black-mirror-ep_13431772801-1.jpg\" alt=\"\" width=\"207\" height=\"300\" srcset=\"https:\/\/static-blogs.lasprovincias.es\/wp-content\/uploads\/sites\/21\/2012\/07\/black-mirror-ep_13431772801-1.jpg 600w, https:\/\/static-blogs.lasprovincias.es\/wp-content\/uploads\/sites\/21\/2012\/07\/black-mirror-ep_13431772801-1-207x300.jpg 207w\" sizes=\"(max-width: 207px) 100vw, 207px\" \/><\/a>Imaginen que un miembro de la Casa Real es secuestrado. Echen mucha imaginaci\u00f3n y supongan que es una figura muy querida por la sociedad civil. Imaginen que los captores env\u00edan un v\u00eddeo al presidente del Gobierno en el que explican las condiciones para que sea liberado. E imaginen que su \u00fanica exigencia es que el mandatario mantenga sexo con un cerdo y que dicho acto sea transmitido en directo por televisi\u00f3n.<\/span><\/p>\n<p style=\"text-align: left;\"><span style=\"font-size: medium;\">Dejen de imaginar. La serie \u2018<a href=\"http:\/\/www.channel4.com\/programmes\/black-mirror\/\" target=\"_blank\" rel=\"external nofollow\">Black mirror<\/a>\u2019 comienza as\u00ed. La princesa Sussanah de Inglaterra ha sido raptada y el primer ministro brit\u00e1nico se enfrenta al dilema de si ceder o no al chantaje de sus secuestradores.<\/span><\/p>\n<p><span style=\"font-size: medium;\">Ya no deben suponer o elucubrar. La televisi\u00f3n brit\u00e1nica (que para nosotros la quisi\u00e9ramos) ha parido una serie que comienza con este sugerente y atrevido punto de partida. Cuatro lleva anunci\u00e1ndola desde hace semanas, as\u00ed que, presumiblemente, no tardar\u00e1 en emitirla.<\/span><\/p>\n<p><span style=\"font-size: medium;\">Lo que sucede con la princesa, el pol\u00edtico y el cerdo tendr\u00e1n que verlo.<\/span><\/p>\n<p>&nbsp;<\/p>\n<p style=\"text-align: center;\"><a href=\"\/elsindromededarrin\/wp-content\/uploads\/sites\/21\/2012\/07\/d16ef15a-d4ab-4e40-939c-d76a57fa232fwallpaper1.jpg\"><img loading=\"lazy\" class=\"aligncenter  wp-image-304\" title=\"d16ef15a-d4ab-4e40-939c-d76a57fa232fwallpaper\" src=\"\/elsindromededarrin\/wp-content\/uploads\/sites\/21\/2012\/07\/d16ef15a-d4ab-4e40-939c-d76a57fa232fwallpaper1.jpg\" alt=\"\" width=\"574\" height=\"255\" srcset=\"https:\/\/static-blogs.lasprovincias.es\/wp-content\/uploads\/sites\/21\/2012\/07\/d16ef15a-d4ab-4e40-939c-d76a57fa232fwallpaper1.jpg 1024w, https:\/\/static-blogs.lasprovincias.es\/wp-content\/uploads\/sites\/21\/2012\/07\/d16ef15a-d4ab-4e40-939c-d76a57fa232fwallpaper1-300x134.jpg 300w, https:\/\/static-blogs.lasprovincias.es\/wp-content\/uploads\/sites\/21\/2012\/07\/d16ef15a-d4ab-4e40-939c-d76a57fa232fwallpaper1-768x342.jpg 768w\" sizes=\"(max-width: 574px) 100vw, 574px\" \/><\/a><\/p>\n<p>&nbsp;<\/p>\n<p>&nbsp;<\/p>\n<p><span style=\"font-size: medium;\">Cuando era un cr\u00edo me parec\u00eda incre\u00edble que llegase un d\u00eda en que pudiese ir por la calle con un tel\u00e9fono port\u00e1til, que pulsando una tecla me apareciese la pel\u00edcula que quisiera en una pantalla m\u00f3vil, o que desde mi casa fuese posible mantener una conversaci\u00f3n cara a cara con alguien que estuviese en Pek\u00edn. Cuidado con lo que deseas porque tal vez se haga realidad. Y as\u00ed ha sido. La tecnolog\u00eda se ha desarrollado a un ritmo tan r\u00e1pido que es inevitable que todav\u00eda nos causen sorpresa las facilidades que nos proporciona. La velocidad con la que avanzamos da v\u00e9rtigo.<\/span><\/p>\n<p><span style=\"font-size: medium;\">\u00bfLlegar\u00e1 el d\u00eda en que la tecnolog\u00eda nacida para hacernos m\u00e1s sencilla la vida se vuelva en nuestra contra y nos convierta en sus esclavos? No es descabellado. Ya hace tiempo que surgen voces de alarma por la adicci\u00f3n que causan ciertos gadgets, por la ansiedad que nos provoca estar incomunicados, por el tiempo que dedicamos a interactuar con el ordenador o por la influencia que ejercen las redes sociales en nuestra sociedad.<\/span><\/p>\n<p><span style=\"font-size: medium;\">\u2018<a href=\"http:\/\/www.channel4.com\/programmes\/black-mirror\/\" target=\"_blank\" rel=\"external nofollow\">Black mirror<\/a>\u2019 va m\u00e1s all\u00e1 de esos temores y nos presenta una sociedad en la que la tecnolog\u00eda domina nuestras vidas, nos somete y en la que tanto avance nos pasa factura. La serie inglesa plasma una realidad futura que, sin embargo, no nos cuesta creer, pese a la exageraci\u00f3n de algunos de sus planteamientos.<\/span><\/p>\n<p><iframe loading=\"lazy\" src=\"\/\/www.youtube.com\/embed\/pimqGkBT6Ek\" frameborder=\"0\" width=\"560\" height=\"315\"><\/iframe><\/p>\n<p><span style=\"font-size: medium;\">\u2018<a href=\"http:\/\/www.channel4.com\/programmes\/black-mirror\/\" target=\"_blank\" rel=\"external nofollow\">Black mirror<\/a>\u2019 cuestiona. Pone en tela de juicio tesis con las que hoy en d\u00eda se defienden algunos avances. Pongamos un ejemplo. Todo son alabanzas hacia las redes sociales por su capacidad y rapidez para transmitir la informaci\u00f3n y por su poder para testar la opini\u00f3n p\u00fablica. Estas cualidades son irrebatibles.<\/span><\/p>\n<p><span style=\"font-size: medium;\">Pero deteng\u00e1monos un momento a pensar en cu\u00e1nto tiempo dedicamos a hacer un retweet a una informaci\u00f3n que nos llega por twitter. \u00bfEl suficiente como para leer lo que se incluye y contrastar lo que en \u00e9l se comunica?<\/span><\/p>\n<p><span style=\"font-size: medium;\">Vayamos m\u00e1s all\u00e1 y planteemos otra cuesti\u00f3n: \u00bfqu\u00e9 es m\u00e1s importante, que la informaci\u00f3n se nos transmita r\u00e1pidamente o adecuadamente?<\/span><\/p>\n<p><span style=\"font-size: medium;\">Pongamos un ejemplo. La primera reacci\u00f3n del primer ministro al ver el v\u00eddeo de los secuestradores de la princesa Sussanah es pedir que la sociedad no acceda a \u00e9l. Demasiado tarde, el v\u00eddeo hace horas que circula por Youtube y Twitter. \u00bfEn qu\u00e9 medida puede la opini\u00f3n p\u00fablica forzar o variar una decisi\u00f3n?<\/span><\/p>\n<p><span style=\"font-size: medium;\">Este es uno de los interrogantes que nos propone \u2018<a href=\"http:\/\/www.channel4.com\/programmes\/black-mirror\/\" target=\"_blank\" rel=\"external nofollow\">Black mirror<\/a>\u2019, serie compuesta por tres cap\u00edtulos autoconclusivos, con historias independientes, pero con un hilo conductor: el alcance que pueden tener las nuevas tecnolog\u00edas.<\/span><\/p>\n<p><span style=\"font-size: medium;\">Cuatro anuncia \u2018Black mirror\u2019 como la serie m\u00e1s provocadora de los \u00faltimos tiempos. Es un buen reclamo. Pero yo no ir\u00eda tan lejos. Tampoco creo que sea una ficci\u00f3n perfecta. Peca de exagerada y resuelve atropelladamente algunas tramas con fines efectistas. Pero merece la pena verla por su atractivo planteamiento y por los debates que surgen tras visionarla.<\/span><\/p>\n<p><span style=\"font-size: medium;\">Si alguien quiere comentar tras verla, que me llame. Por Skype, por Fring o por Tango.<\/span><\/p>\n<p><span style=\"font-size: medium;\">O casi mejor quedamos a tomar un caf\u00e9 y hablamos. En alg\u00fan lugar tranquilo, con buena m\u00fasica de fondo. Arcade Fire, por ejemplo. Yo elijo tema: &#8220;Black mirror&#8221;<\/span><\/p>\n<p><iframe loading=\"lazy\" src=\"\/\/www.youtube.com\/embed\/aXuymDSGCko\" frameborder=\"0\" width=\"560\" height=\"315\"><\/iframe><\/p>\n<!-- AddThis Advanced Settings generic via filter on the_content --><!-- AddThis Share Buttons generic via filter on the_content -->","protected":false},"excerpt":{"rendered":"<p>&#8220;Estoy demasiado evolucionado para conducir&#8221; Sheldon Cooper Imaginen que un miembro de la Casa Real es secuestrado. Echen mucha imaginaci\u00f3n y supongan que es una figura muy querida por la sociedad civil. Imaginen que los captores env\u00edan un v\u00eddeo al presidente del Gobierno en el que explican las condiciones para que sea liberado. E imaginen [&hellip;]<!-- AddThis Advanced Settings generic via filter on get_the_excerpt --><!-- AddThis Share Buttons generic via filter on get_the_excerpt --><\/p>\n","protected":false},"author":29,"featured_media":0,"comment_status":"open","ping_status":"closed","sticky":false,"template":"","format":"standard","meta":[],"categories":[2],"tags":[98,783],"_links":{"self":[{"href":"https:\/\/blogs.lasprovincias.es\/elsindromededarrin\/wp-json\/wp\/v2\/posts\/298"}],"collection":[{"href":"https:\/\/blogs.lasprovincias.es\/elsindromededarrin\/wp-json\/wp\/v2\/posts"}],"about":[{"href":"https:\/\/blogs.lasprovincias.es\/elsindromededarrin\/wp-json\/wp\/v2\/types\/post"}],"author":[{"embeddable":true,"href":"https:\/\/blogs.lasprovincias.es\/elsindromededarrin\/wp-json\/wp\/v2\/users\/29"}],"replies":[{"embeddable":true,"href":"https:\/\/blogs.lasprovincias.es\/elsindromededarrin\/wp-json\/wp\/v2\/comments?post=298"}],"version-history":[{"count":0,"href":"https:\/\/blogs.lasprovincias.es\/elsindromededarrin\/wp-json\/wp\/v2\/posts\/298\/revisions"}],"wp:attachment":[{"href":"https:\/\/blogs.lasprovincias.es\/elsindromededarrin\/wp-json\/wp\/v2\/media?parent=298"}],"wp:term":[{"taxonomy":"category","embeddable":true,"href":"https:\/\/blogs.lasprovincias.es\/elsindromededarrin\/wp-json\/wp\/v2\/categories?post=298"},{"taxonomy":"post_tag","embeddable":true,"href":"https:\/\/blogs.lasprovincias.es\/elsindromededarrin\/wp-json\/wp\/v2\/tags?post=298"}],"curies":[{"name":"wp","href":"https:\/\/api.w.org\/{rel}","templated":true}]}}