{"id":331,"date":"2012-09-03T09:06:02","date_gmt":"2012-09-03T09:06:02","guid":{"rendered":"http:\/\/blogs.lasprovincias.es\/elsindromededarrin\/?p=331"},"modified":"2012-09-03T09:06:02","modified_gmt":"2012-09-03T09:06:02","slug":"politicos-en-busca-del-oscar","status":"publish","type":"post","link":"https:\/\/blogs.lasprovincias.es\/elsindromededarrin\/2012\/09\/03\/politicos-en-busca-del-oscar\/","title":{"rendered":"Pol\u00edticos en busca del Oscar"},"content":{"rendered":"<p style=\"text-align: right;\"><strong><span style=\"font-size: small;\">&#8220;Ser\u00e1 dif\u00edcil la intervenci\u00f3n, lo s\u00e9, porque los pol\u00edticos no tienen costumbre<\/span><\/strong><\/p>\n<p style=\"text-align: right;\"><strong><span style=\"font-size: small;\">\u00a0<\/span><\/strong><strong><span style=\"font-size: small;\">de llevar el cerebro puesto&#8221;<\/span><\/strong><\/p>\n<p style=\"text-align: right;\"><span style=\"font-size: small;\">Doctor House<\/span><\/p>\n<p>&nbsp;<\/p>\n<p><span style=\"font-size: medium;\"><a href=\"\/elsindromededarrin\/wp-content\/uploads\/sites\/21\/2012\/09\/gallardon_garci.jpg\"><img loading=\"lazy\" class=\"alignleft  wp-image-332\" title=\"gallardon_garci\" src=\"\/elsindromededarrin\/wp-content\/uploads\/sites\/21\/2012\/09\/gallardon_garci.jpg\" alt=\"\" width=\"350\" height=\"233\" srcset=\"https:\/\/static-blogs.lasprovincias.es\/wp-content\/uploads\/sites\/21\/2012\/09\/gallardon_garci.jpg 500w, https:\/\/static-blogs.lasprovincias.es\/wp-content\/uploads\/sites\/21\/2012\/09\/gallardon_garci-300x200.jpg 300w\" sizes=\"(max-width: 350px) 100vw, 350px\" \/><\/a>Entre anuncio y anuncio de reformas de la ley del aborto el ministro Gallard\u00f3n ha encontrado tiempo para probar profesionalmente en el mundo de la interpretaci\u00f3n. En su gusto por viajar al pasado ha aceptado el reto de transformarse en Isaac Alb\u00e9niz en la nueva pel\u00edcula de Garci, \u2018Holmes &#038; Watson\u2019, que se estrena este viernes, 7 de septiembre.<\/span><\/p>\n<p>&nbsp;<\/p>\n<p><span style=\"font-size: medium;\">No necesit\u00f3 barbas postizas ni atrezzo Clint Eastwood para intervenir la semana pasada en la Convenci\u00f3n Republicana e improvisar una ocurrente charla con un invisible Barack Obama. El coqueteo entre pol\u00edtica y espect\u00e1culo viene de largo, lo cual invita a reflexionar sobre los puntos en com\u00fan que ambas profesiones mantienen. Y es que, seamos sinceros, \u00bfcu\u00e1ntas veces hemos visto a pol\u00edticos realizar actuaciones dignas de un Oscar y otras tantas merecedoras de un Razzie?<\/span><\/p>\n<p><span style=\"font-size: medium;\">Muchos son los dirigentes que han decidido aceptar peque\u00f1os papeles ficticios con el fin de acercarse al gran p\u00fablico y mostrar su faceta m\u00e1s divertida. Y muchas han sido las series que han invitado a pol\u00edticos a que recreasen por unas horas personajes diversos.<\/span><\/p>\n<p><span style=\"font-size: medium;\">Muy populares fueron las apariciones del ex presidente de EE. UU. Gerald Ford y del ex secretario de Estado Henry Kissinger en \u2018<a href=\"http:\/\/www.tv.com\/shows\/dynasty\/\" target=\"_blank\" rel=\"external nofollow\">Dinast\u00eda<\/a>\u2019 interpretando a miembros del consejo de administraci\u00f3n de la Twenty Century Fox en una fiesta en la que saludaban al todopoderoso Blake Carrington. \u00a0Nixon no tuvo reparo en participar en el show de humor \u2018<a href=\"http:\/\/www.imdb.com\/title\/tt0062601\/\" target=\"_blank\" rel=\"external nofollow\">Laugh in<\/a>\u2019, el senador Gary Hart se dej\u00f3 caer por el bar de \u2018<a href=\"http:\/\/www.tv.com\/shows\/cheers\/\" target=\"_blank\" rel=\"external nofollow\">Cheers<\/a>\u2019 y Michelle Obama quiso agradecer a las familias de los militares por su sacrificio patri\u00f3tico participando en la serie infantil \u2018<a href=\"http:\/\/www.tv.com\/shows\/icarly\/\" target=\"_blank\" rel=\"external nofollow\">I Carly<\/a>\u2019. Los gobernantes americanos son conscientes de los r\u00e9ditos que este tipo de apariciones les proporcionan. Sabiendo esto, en 2011 en plena campa\u00f1a electoral, George W. Bush intent\u00f3 participar en la influyente \u2018<a href=\"http:\/\/www.tv.com\/shows\/the-west-wing\/\" target=\"_blank\" rel=\"external nofollow\">El ala oeste de la Casa Blanca<\/a>\u2019. No lo consigui\u00f3.<\/span><\/p>\n<p><span style=\"font-size: medium;\">En Espa\u00f1a la pr\u00e1ctica no es tan habitual. Los mandatarios siguen temiendo que estos cameos malogren su imagen. Pese a esta m\u00e1xima ha habido excepciones notables en la televisi\u00f3n nacional. Una de las m\u00e1s recordadas fue la del actual presidente Mariano Rajoy, cuando era ministro de Educaci\u00f3n y Cultura,\u00a0 en la serie \u2018<a href=\"http:\/\/www.imdb.es\/title\/tt0231030\/\" target=\"_blank\" rel=\"external nofollow\">Jacinto Durante representante<\/a>\u2019 compartiendo plano con Juan Luis Galiardo. No opt\u00f3 al Goya por aquel papel, desde luego.<\/span><br \/>\n<iframe loading=\"lazy\" src=\"\/\/www.youtube.com\/embed\/juocWmLaF0o\" frameborder=\"0\" width=\"420\" height=\"315\"><\/iframe><br \/>\n<span style=\"font-size: medium;\">La legendaria \u2018<a href=\"http:\/\/www.telecinco.es\/factoriadeficcion\/vidas_5_709179079.html\" target=\"_blank\" rel=\"external nofollow\">Siete vidas<\/a>\u2019 fue la m\u00e1s proclive a la hora de incorporar a sus tramas colaboraciones pol\u00edticas. Alfonso Guerra, Javier Arenas o Carod Rovira, entre otros, dieron vida a profesores universitarios de Sole, el personaje que interpretaba Amparo Bar\u00f3.<\/span><\/p>\n<p><span style=\"font-size: medium;\">La serie de Telecinco se empe\u00f1\u00f3 siempre en convencer a todo tipo de dirigentes para que compartiesen plano con Sole, Paco o Carlota. Y cuando no lo consegu\u00edan no se rend\u00edan. Si los protagonistas no aceptaban el reto se invitaba a sus r\u00e9plicas. Fue as\u00ed como Aznar y Zapatero pasaron por la popular telecomedia.<\/span><br \/>\n<iframe loading=\"lazy\" src=\"\/\/www.youtube.com\/embed\/fbJYSUSFjgM\" frameborder=\"0\" width=\"420\" height=\"315\"><\/iframe><br \/>\n<span style=\"font-size: medium;\">No siempre son los gobernantes los que quieren aparecer en la peque\u00f1a pantalla. A veces el salto es justo el opuesto. Los int\u00e9rpretes aprovechan su popularidad para hacer carrera pol\u00edtica. El caso m\u00e1s conocido en Espa\u00f1a es el de Toni Cant\u00f3. El que en \u2018<a href=\"http:\/\/www.telecinco.es\/factoriadeficcion\/vidas_5_709179079.html\" target=\"_blank\" rel=\"external nofollow\">Siete vidas<\/a>\u2019 fue un joven que despierta despu\u00e9s de dieciocho a\u00f1os en coma es ahora diputado del Congreso por UPyD. La actriz Carla Antonelli, que particip\u00f3 en &#8216;<a href=\"http:\/\/www.antena3.com\/series\/el-sindrome-de-ulises\/\" target=\"_blank\" rel=\"external nofollow\">El s\u00edndrome de Ulises<\/a>&#8216; o &#8216;<a href=\"http:\/\/www.mitele.es\/series-online\/el-comisario\/\" target=\"_blank\" rel=\"external nofollow\">El comisario<\/a>&#8216;, tambi\u00e9n decidi\u00f3 dejar de lado los guiones por un tiempo y aceptar el acta de diputada de la Asamblea de Madrid por el Partido Socialista.<\/span><\/p>\n<p>&nbsp;<\/p>\n<p><span style=\"font-size: medium;\"><a href=\"\/elsindromededarrin\/wp-content\/uploads\/sites\/21\/2012\/09\/pictures_20100529_1021434953.jpg\"><img loading=\"lazy\" class=\"alignleft size-medium wp-image-333\" title=\"pictures_20100529_1021434953\" src=\"\/elsindromededarrin\/wp-content\/uploads\/sites\/21\/2012\/09\/pictures_20100529_1021434953.jpg\" alt=\"\" width=\"234\" height=\"300\" srcset=\"https:\/\/static-blogs.lasprovincias.es\/wp-content\/uploads\/sites\/21\/2012\/09\/pictures_20100529_1021434953.jpg 1200w, https:\/\/static-blogs.lasprovincias.es\/wp-content\/uploads\/sites\/21\/2012\/09\/pictures_20100529_1021434953-234x300.jpg 234w, https:\/\/static-blogs.lasprovincias.es\/wp-content\/uploads\/sites\/21\/2012\/09\/pictures_20100529_1021434953-768x983.jpg 768w, https:\/\/static-blogs.lasprovincias.es\/wp-content\/uploads\/sites\/21\/2012\/09\/pictures_20100529_1021434953-800x1024.jpg 800w\" sizes=\"(max-width: 234px) 100vw, 234px\" \/><\/a>En Estados Unidos el actor de \u2018<a href=\"http:\/\/www.tv.com\/shows\/law-order-criminal-intent\/\" target=\"_blank\" rel=\"external nofollow\">Ley y orden<\/a>\u2019 Fred Thompson lleg\u00f3 a ser senador por Tennessee y aspir\u00f3 a la presidencia del pa\u00eds en 2008. El doctor Lawrence de &#8216;<a href=\"http:\/\/www.tv.com\/shows\/house\/\" target=\"_blank\" rel=\"external nofollow\">House<\/a>&#8216; (Kal Penn) abandon\u00f3 su papel para incorporarse al gabinete de Obama. El popular <a href=\"http:\/\/www.tv.com\/shows\/diffrent-strokes\/\" target=\"_blank\" rel=\"external nofollow\">Arnold<\/a> (Gary Coleman) fue candidato a gobernador de California, pero se retir\u00f3 cuando se present\u00f3 el tambi\u00e9n actor Arnold Schwarzenegger, al que apoy\u00f3.<\/span><\/p>\n<p><span style=\"font-size: medium;\">Reagan lleg\u00f3 a ser presidente americano a\u00f1os tras haber participado en series de \u00e9xito como \u2018<a href=\"http:\/\/www.tv.com\/shows\/death-valley-days\/\" target=\"_blank\" rel=\"external nofollow\">Death Valley Days<\/a>\u2019 o \u2018<a href=\"http:\/\/www.tv.com\/shows\/wagon-train\/\" target=\"_blank\" rel=\"external nofollow\">Caravana<\/a>\u2019 y Clint Eastwood, antes de apoyar a Romney, logr\u00f3 la alcald\u00eda de Carmel (su localidad natal), tiempo despu\u00e9s de debutar en la peque\u00f1a pantalla con t\u00edtulos como \u2018<a href=\"http:\/\/www.tv.com\/shows\/highway-patrol\/\" target=\"_blank\" rel=\"external nofollow\">Patrulla de tr\u00e1fico<\/a>\u2019, \u2018<a href=\"http:\/\/www.tv.com\/shows\/maverick\/\" target=\"_blank\" rel=\"external nofollow\">Maverick<\/a>\u2019 o <a href=\"http:\/\/www.tv.com\/shows\/rawhide\/\" target=\"_blank\" rel=\"external nofollow\">Rawhide<\/a>\u2019.<\/span><\/p>\n<p>&nbsp;<\/p>\n<p><em>T\u00edtulos de cr\u00e9dito: Para quejas, sugerencias y otras necesidades humanas mi correo es mlabastida@lasprovincias.es<\/em><\/p>\n<!-- AddThis Advanced Settings generic via filter on the_content --><!-- AddThis Share Buttons generic via filter on the_content -->","protected":false},"excerpt":{"rendered":"<p>&#8220;Ser\u00e1 dif\u00edcil la intervenci\u00f3n, lo s\u00e9, porque los pol\u00edticos no tienen costumbre \u00a0de llevar el cerebro puesto&#8221; Doctor House &nbsp; Entre anuncio y anuncio de reformas de la ley del aborto el ministro Gallard\u00f3n ha encontrado tiempo para probar profesionalmente en el mundo de la interpretaci\u00f3n. En su gusto por viajar al pasado ha aceptado [&hellip;]<!-- AddThis Advanced Settings generic via filter on get_the_excerpt --><!-- AddThis Share Buttons generic via filter on get_the_excerpt --><\/p>\n","protected":false},"author":29,"featured_media":0,"comment_status":"open","ping_status":"closed","sticky":false,"template":"","format":"standard","meta":[],"categories":[2],"tags":[19,61,175,330,629,672,701,748,838],"_links":{"self":[{"href":"https:\/\/blogs.lasprovincias.es\/elsindromededarrin\/wp-json\/wp\/v2\/posts\/331"}],"collection":[{"href":"https:\/\/blogs.lasprovincias.es\/elsindromededarrin\/wp-json\/wp\/v2\/posts"}],"about":[{"href":"https:\/\/blogs.lasprovincias.es\/elsindromededarrin\/wp-json\/wp\/v2\/types\/post"}],"author":[{"embeddable":true,"href":"https:\/\/blogs.lasprovincias.es\/elsindromededarrin\/wp-json\/wp\/v2\/users\/29"}],"replies":[{"embeddable":true,"href":"https:\/\/blogs.lasprovincias.es\/elsindromededarrin\/wp-json\/wp\/v2\/comments?post=331"}],"version-history":[{"count":0,"href":"https:\/\/blogs.lasprovincias.es\/elsindromededarrin\/wp-json\/wp\/v2\/posts\/331\/revisions"}],"wp:attachment":[{"href":"https:\/\/blogs.lasprovincias.es\/elsindromededarrin\/wp-json\/wp\/v2\/media?parent=331"}],"wp:term":[{"taxonomy":"category","embeddable":true,"href":"https:\/\/blogs.lasprovincias.es\/elsindromededarrin\/wp-json\/wp\/v2\/categories?post=331"},{"taxonomy":"post_tag","embeddable":true,"href":"https:\/\/blogs.lasprovincias.es\/elsindromededarrin\/wp-json\/wp\/v2\/tags?post=331"}],"curies":[{"name":"wp","href":"https:\/\/api.w.org\/{rel}","templated":true}]}}