{"id":343,"date":"2012-09-10T04:37:40","date_gmt":"2012-09-10T04:37:40","guid":{"rendered":"http:\/\/blogs.lasprovincias.es\/elsindromededarrin\/?p=343"},"modified":"2012-09-10T04:37:40","modified_gmt":"2012-09-10T04:37:40","slug":"educacion-para-la-ciudadania-con-la-bruja-averia","status":"publish","type":"post","link":"https:\/\/blogs.lasprovincias.es\/elsindromededarrin\/2012\/09\/10\/educacion-para-la-ciudadania-con-la-bruja-averia\/","title":{"rendered":"Educaci\u00f3n para la Ciudadan\u00eda con la Bruja Aver\u00eda"},"content":{"rendered":"<p style=\"text-align: right;\"><strong><span style=\"font-size: small;\">&#8220;Soy Aver\u00eda y aspiro a una alcald\u00eda&#8221;<\/span><\/strong><\/p>\n<p style=\"text-align: right;\"><span style=\"font-size: small;\">Bruja Aver\u00eda<\/span><\/p>\n<p>&nbsp;<\/p>\n<p><span style=\"font-size: medium;\"><a href=\"\/elsindromededarrin\/wp-content\/uploads\/sites\/21\/2012\/09\/bruja_averia5.jpg\"><img loading=\"lazy\" class=\"alignleft  wp-image-344\" title=\"bruja_averia[5]\" src=\"\/elsindromededarrin\/wp-content\/uploads\/sites\/21\/2012\/09\/bruja_averia5.jpg\" alt=\"\" width=\"361\" height=\"307\" srcset=\"https:\/\/static-blogs.lasprovincias.es\/wp-content\/uploads\/sites\/21\/2012\/09\/bruja_averia5.jpg 564w, https:\/\/static-blogs.lasprovincias.es\/wp-content\/uploads\/sites\/21\/2012\/09\/bruja_averia5-300x255.jpg 300w\" sizes=\"(max-width: 361px) 100vw, 361px\" \/><\/a>Tienes quince segundos para imaginar; si no se te ha ocurrido nada, a lo mejor deber\u00edas leer menos blogs.<\/span><\/p>\n<p><span style=\"font-size: medium;\">Yo soy de los que de vez en cuando piden que no me molesten, que estoy imaginando. Y as\u00ed me va. Cu\u00e1nto da\u00f1o nos hicieron los 80, cu\u00e1ntas falsas ideas se encargaron de meternos en la cabeza en la venerada d\u00e9cada, esa que nunca pasa de moda, esa que todo el mundo rememora, esa en la que se hac\u00eda tele para ni\u00f1os y j\u00f3venes en la que se invitaba a pensar.<\/span><\/p>\n<p>&nbsp;<\/p>\n<p><span style=\"font-size: medium;\">\u00bfPensar, qu\u00e9 es eso? Maldita nostalgia a la que nos aferramos de vez en cuando los treinta\u00f1eros y cuarentones.<\/span><\/p>\n<p><span style=\"font-size: medium;\">Mira que nadie reconoce que le gusta Karina y, sin embargo, siempre hay alguna ocasi\u00f3n en que alguien sale con aquello de cualquier tiempo pasado fue mejor. \u00bfEchar la vista atr\u00e1s es bueno a veces? No creo.<\/span><\/p>\n<p><span style=\"font-size: medium;\">\u00bfDe qu\u00e9 nos sirvi\u00f3 todo lo que nos ense\u00f1aron en la tele en esa \u00e9poca? S\u00ed, en la caja tonta, que por aquel entonces iba de lista e\u00a0intentaba instruir a los ni\u00f1os y j\u00f3venes en asuntos de inter\u00e9s. Si no quieres ser como ellos, lee, dec\u00edan. A ver si se atreven ahora a solt\u00e1rselo al Ministerio de Incultura e Inmundicias.<\/span><\/p>\n<p><span style=\"font-size: medium;\">(Leer es eso que se hac\u00eda antes de que existiese \u2018Mujeres, hombres y viceversa\u2019)<\/span><\/p>\n<p><span style=\"font-size: medium;\">Pero que nadie se extra\u00f1e de nada, dejaron nuestra educaci\u00f3n en manos de brujas y monstruos. Y ahora pagamos las consecuencias.<\/span><\/p>\n<p><span style=\"font-size: medium;\">Nos inculcaron el gusto por la ciencia, nos convencieron de que ah\u00ed estaba el futuro. \u00bfPara qu\u00e9? Para llegar hasta nuestros d\u00edas y que los investigadores anden pidiendo limosna con el fin de continuar con sus estudios. Maldita la hora en que nos tragamos \u20183,2,1 contacto\u2019, nos quedamos hipnotizados por los experimentos y emulamos a los Bloodhound Gang. Menuda broma de mal gusto.<\/span><\/p>\n<p><span style=\"font-size: medium;\">\u00a0<\/span><\/p>\n<p><iframe loading=\"lazy\" src=\"\/\/www.youtube.com\/embed\/tHLfFWaaPlQ\" frameborder=\"0\" width=\"420\" height=\"315\"><\/iframe><br \/>\n<span style=\"font-size: medium;\">Y qu\u00e9 decir de los traumas que algunos a\u00fan padecemos por culpa de \u2018<a href=\"http:\/\/www.rtve.es\/alacarta\/videos\/programas-y-concursos-en-el-archivo-de-rtve\/planeta-imaginario-isla-cuadrados-magicos-1986\/1234559\/\" rel=\"external nofollow\">El planeta imaginario<\/a>\u2019. Qu\u00e9 se pod\u00eda esperar de un programa que comandaba un personaje llamado Flip (\u00bfFlip? \u00bfDe flipe?). Viv\u00eda en su propio mundo con otro ser que se identificaba como Muc.\u00a0Pura paranoia. Si hasta sus integrantes cayeron rendidos al lado oscurso. Que se lo pregunten a Galindo, que termin\u00f3 en &#8216;Cr\u00f3nicas marcianas&#8217;. A saber qu\u00e9 quer\u00edan hacernos. Nos narcotizaron de mala manera con t\u00e9cnicas peligros\u00edsimas. S\u00f3lo as\u00ed se entiende que la sinton\u00eda del programa fuese una versi\u00f3n del &#8216;Arabesque n\u00ba1&#8217; de Debussy. A qui\u00e9n se le ocurre. Es que no hab\u00eda por entonces un Carlos Baute o una Nena Daconte que compusiesen una buena canci\u00f3n.\u00a0Qu\u00e9 malas son las drogas\u2026<\/span><\/p>\n<p><span style=\"font-size: medium;\">\u00a0<\/span><\/p>\n<p><iframe loading=\"lazy\" src=\"\/\/www.youtube.com\/embed\/fidflWuokLs\" frameborder=\"0\" width=\"420\" height=\"315\"><\/iframe><br \/>\n<span style=\"font-size: medium;\">Nos maleducaron. Nos convencieron de que tipos como Faemino y Cansado eran graciosos. Y ahora no tenemos desarrollado el sentido del humor. Vemos programas como las matrimoniadas y no les encontramos la chispa. La culpa es de Faemino y Cansado, sin duda, que lo mismo hac\u00edan un di\u00e1logo absurdo sobre la seguridad social que sobre la legi\u00f3n y nos aseguraban que eso era c\u00f3mico. Mala hora en que los contrataron en Caj\u00f3n desastre. Subi dubi dubi, subi dub\u00e1\u2026<\/span><\/p>\n<p><span style=\"font-size: medium;\">\u00a0<\/span><\/p>\n<p><iframe loading=\"lazy\" src=\"\/\/www.youtube.com\/embed\/dR2gTSJ3YVo\" frameborder=\"0\" width=\"420\" height=\"315\"><\/iframe><br \/>\n<span style=\"font-size: medium;\">Utilizaban\u00a0maniobras variopintas de sedaci\u00f3n. Encend\u00edas la tele y te hablaban de libros, de filosof\u00eda, de cine y de historia. Aquello debi\u00f3 de afectar a nuestras neuronas. Estoy seguro. Qu\u00e9 importa lo que pas\u00f3 en la Edad Media. \u00bfAcaso pretend\u00edan que aprendi\u00e9semos de los errores del pasado para no volver a cometerlos? Valiente tonter\u00eda.<\/span><\/p>\n<p><span style=\"font-size: medium;\">\u00a0<\/span><br \/>\n<iframe loading=\"lazy\" src=\"\/\/www.youtube.com\/embed\/WhgDZJYDdV8\" frameborder=\"0\" width=\"560\" height=\"315\"><\/iframe><br \/>\n<span style=\"font-size: medium;\">Y luego estaba la m\u00fasica\u2026 \u201cCanto a la verdadera libertad, canto a los verdes prados, canto al aire, canto al sol, canto al azul del cielo y al amor, canto a la gente humilde que me mira sin rencor, canto a la paz del mundo\u2026\u201d. No eran canciones, eran soflamas, cargadas de mensajes subliminales. Aquello era peor que Educaci\u00f3n para la Ciudadan\u00eda. Nos incitaban hasta a vagabundear. \u201cEl se\u00f1or dire, menudo progre, nos tiene que fastidiar, con sus dictados y sus deberes, ni con mis chicas puedo andar\u2026\u201d.<\/span><\/p>\n<p><span style=\"font-size: medium;\">\u00a0<\/span><\/p>\n<p><iframe loading=\"lazy\" src=\"\/\/www.youtube.com\/embed\/JI4O8ddNmgs\" frameborder=\"0\" width=\"420\" height=\"315\"><\/iframe><br \/>\n<span style=\"font-size: medium;\">Incluso se atrevieron a darnos nociones de econom\u00eda. La econom\u00eda exist\u00eda antes de que empezase la crisis. \u00bfSe lo pueden creer? Intentaron advertirnos de los peligros del capitalismo. \u00a1Por Ortic\u00f3n, Satic\u00f3n y Vidic\u00f3n! \u00a1Nadie sabe c\u00f3mo detener la inflaci\u00f3n!<\/span><\/p>\n<p><span style=\"font-size: medium;\">\u00a0<\/span><br \/>\n<iframe loading=\"lazy\" src=\"\/\/www.youtube.com\/embed\/jF8WpORaJvw\" frameborder=\"0\" width=\"420\" height=\"315\"><\/iframe><br \/>\n<span style=\"font-size: medium;\">Yo todo aquello prefiero olvidarlo, desterrarlo de mi mente. C\u00f3mo envidio a los ni\u00f1os actuales que llegan a sus casas y nadie les dice bobadas como \u201cS\u00f3lo no puedes, con amigos s\u00ed\u201d. Claro que pod\u00e9is, estamos preparados para todo, ser\u00e9is invencibles, os comer\u00e9is el mundo. Qu\u00e9\u00a0gozada sentarse en el sof\u00e1, conectar la tele p\u00fablica y ver una telenovela\u00a0intrascendental\u00a0o cap\u00edtulos repetidos de \u2018<a href=\"http:\/\/www.rtve.es\/alacarta\/videos\/ana-y-los-siete\/ana-7-capitulo-30\/1508841\/\" target=\"_blank\" rel=\"external nofollow\">Ana y los 7<\/a>\u2019. S\u00ed, eso s\u00ed. Y esta semana ha empezado un nuevo programa de Anne Igartiburu en pleno horario infantil con colaboradoras como Carmen Lomana. Seguro que ellas s\u00ed dir\u00e1n cosas interesantes. Lo tengo claro, voy a aplicar el \u00fanico consejo bueno de esos a\u00f1os que recuerdo. Desense\u00f1ar a desaprender c\u00f3mo se deshacen las cosas.<\/span><\/p>\n<p>&nbsp;<\/p>\n<p><span style=\"font-size: small;\"><em>T\u00edtulos de cr\u00e9dito: Para quejas, sugerencias y otras necesidades humanas mi correo es mlabastida@lasprovincias.es<\/em><\/span><\/p>\n<!-- AddThis Advanced Settings generic via filter on the_content --><!-- AddThis Share Buttons generic via filter on the_content -->","protected":false},"excerpt":{"rendered":"<p>&#8220;Soy Aver\u00eda y aspiro a una alcald\u00eda&#8221; Bruja Aver\u00eda &nbsp; Tienes quince segundos para imaginar; si no se te ha ocurrido nada, a lo mejor deber\u00edas leer menos blogs. Yo soy de los que de vez en cuando piden que no me molesten, que estoy imaginando. Y as\u00ed me va. Cu\u00e1nto da\u00f1o nos hicieron los [&hellip;]<!-- AddThis Advanced Settings generic via filter on get_the_excerpt --><!-- AddThis Share Buttons generic via filter on get_the_excerpt --><\/p>\n","protected":false},"author":29,"featured_media":0,"comment_status":"open","ping_status":"closed","sticky":false,"template":"","format":"standard","meta":[],"categories":[2],"tags":[105,256,371,556,793],"_links":{"self":[{"href":"https:\/\/blogs.lasprovincias.es\/elsindromededarrin\/wp-json\/wp\/v2\/posts\/343"}],"collection":[{"href":"https:\/\/blogs.lasprovincias.es\/elsindromededarrin\/wp-json\/wp\/v2\/posts"}],"about":[{"href":"https:\/\/blogs.lasprovincias.es\/elsindromededarrin\/wp-json\/wp\/v2\/types\/post"}],"author":[{"embeddable":true,"href":"https:\/\/blogs.lasprovincias.es\/elsindromededarrin\/wp-json\/wp\/v2\/users\/29"}],"replies":[{"embeddable":true,"href":"https:\/\/blogs.lasprovincias.es\/elsindromededarrin\/wp-json\/wp\/v2\/comments?post=343"}],"version-history":[{"count":0,"href":"https:\/\/blogs.lasprovincias.es\/elsindromededarrin\/wp-json\/wp\/v2\/posts\/343\/revisions"}],"wp:attachment":[{"href":"https:\/\/blogs.lasprovincias.es\/elsindromededarrin\/wp-json\/wp\/v2\/media?parent=343"}],"wp:term":[{"taxonomy":"category","embeddable":true,"href":"https:\/\/blogs.lasprovincias.es\/elsindromededarrin\/wp-json\/wp\/v2\/categories?post=343"},{"taxonomy":"post_tag","embeddable":true,"href":"https:\/\/blogs.lasprovincias.es\/elsindromededarrin\/wp-json\/wp\/v2\/tags?post=343"}],"curies":[{"name":"wp","href":"https:\/\/api.w.org\/{rel}","templated":true}]}}