{"id":364,"date":"2012-09-17T00:29:38","date_gmt":"2012-09-17T00:29:38","guid":{"rendered":"http:\/\/blogs.lasprovincias.es\/elsindromededarrin\/?p=364"},"modified":"2012-09-17T00:29:38","modified_gmt":"2012-09-17T00:29:38","slug":"vuelven-los-recortables","status":"publish","type":"post","link":"https:\/\/blogs.lasprovincias.es\/elsindromededarrin\/2012\/09\/17\/vuelven-los-recortables\/","title":{"rendered":"Vuelven los recortables"},"content":{"rendered":"<p style=\"text-align: right;\"><span style=\"font-size: small;\"><strong>Monica Geller: &#8220;Oh, no puedo creer que te hayan nominado para un Emmy\u2026&#8221;<\/strong><\/span><\/p>\n<p style=\"text-align: right;\"><span style=\"font-size: small;\"><strong>Joey Tribbiani: &#8220;No, no&#8221;.<\/strong><\/span><\/p>\n<p style=\"text-align: right;\"><span style=\"font-size: small;\"><strong>Monica: &#8220;\u00bfEl Premio Telenovela?&#8221;<\/strong><\/span><\/p>\n<p style=\"text-align: right;\"><span style=\"font-size: small;\"><strong>Joey: &#8220;No. \u00a1Podr\u00eda ganar un Culebroni!&#8221;<\/strong><\/span><\/p>\n<p style=\"text-align: right;\">Friends<\/p>\n<div><\/div>\n<p>&nbsp;<\/p>\n<p>&nbsp;<\/p>\n<p style=\"text-align: center;\"><a href=\"\/elsindromededarrin\/wp-content\/uploads\/sites\/21\/2012\/09\/peggyImage.png\"><img loading=\"lazy\" class=\"wp-image-373 aligncenter\" title=\"peggyImage\" src=\"\/elsindromededarrin\/wp-content\/uploads\/sites\/21\/2012\/09\/peggyImage.png\" alt=\"\" width=\"407\" height=\"249\" srcset=\"https:\/\/static-blogs.lasprovincias.es\/wp-content\/uploads\/sites\/21\/2012\/09\/peggyImage.png 1024w, https:\/\/static-blogs.lasprovincias.es\/wp-content\/uploads\/sites\/21\/2012\/09\/peggyImage-300x184.png 300w, https:\/\/static-blogs.lasprovincias.es\/wp-content\/uploads\/sites\/21\/2012\/09\/peggyImage-768x471.png 768w\" sizes=\"(max-width: 407px) 100vw, 407px\" \/>\u00a0<\/a>\u00a0<a href=\"\/elsindromededarrin\/wp-content\/uploads\/sites\/21\/2012\/09\/tumblr_lk8swaQi9Y1qaps3fo1_r14_12801.jpg\"><img loading=\"lazy\" class=\"aligncenter  wp-image-367\" title=\"tumblr_lk8swaQi9Y1qaps3fo1_r14_1280\" src=\"\/elsindromededarrin\/wp-content\/uploads\/sites\/21\/2012\/09\/tumblr_lk8swaQi9Y1qaps3fo1_r14_12801.jpg\" alt=\"\" width=\"392\" height=\"300\" srcset=\"https:\/\/static-blogs.lasprovincias.es\/wp-content\/uploads\/sites\/21\/2012\/09\/tumblr_lk8swaQi9Y1qaps3fo1_r14_12801.jpg 1000w, https:\/\/static-blogs.lasprovincias.es\/wp-content\/uploads\/sites\/21\/2012\/09\/tumblr_lk8swaQi9Y1qaps3fo1_r14_12801-300x230.jpg 300w, https:\/\/static-blogs.lasprovincias.es\/wp-content\/uploads\/sites\/21\/2012\/09\/tumblr_lk8swaQi9Y1qaps3fo1_r14_12801-768x588.jpg 768w\" sizes=\"(max-width: 392px) 100vw, 392px\" \/><\/a><\/p>\n<p>&nbsp;<\/p>\n<p><span style=\"font-size: medium;\">Junto al Cinexin, el tragabolas, la peonza y el fuerte de Famobil uno de los juguetes de nuestra infancia m\u00e1s populares fueron los recortables. Sobre todo, entre las chicas. Mi hermana peque\u00f1a se convirti\u00f3 en todo una dise\u00f1adora enfrascada d\u00eda y noche con las tijeras y los vestidos de papel. Despu\u00e9s opt\u00f3 por dejar la moda y dedicarse a otros menesteres. Si llega a seguir con eso r\u00edete t\u00fa de Donatella Versace\u2026<\/span><\/p>\n<p><span style=\"font-size: medium;\">El caso es que he decidido rescatar los recortables ahora a mis 36 a\u00f1os y ponerme a jugar con ellos mientras veo las ceremonias de premios televisivos. As\u00ed lo har\u00e9 el pr\u00f3ximo domingo a prop\u00f3sito de los Emmy (en la gala de las categor\u00edas principales, ya que los galardones t\u00e9cnicos se resolvieron el pasado fin de semana con \u2018<a href=\"http:\/\/www.hbo.com\/game-of-thrones\/index.html\" target=\"_blank\" rel=\"external nofollow\">Juego de Tronos<\/a>\u2019 como principal vencedora).<\/span><\/p>\n<p><span style=\"font-size: medium;\">El domingo 23 ser\u00e1 la jornada de la alfombra roja, cuando las estrellas de la tele se vistan de tiros largos y se re\u00fanan para ver qui\u00e9n sale triunfador de la batalla cat\u00f3dica.<\/span><\/p>\n<p><span style=\"font-size: medium;\">Yo mientras estar\u00e9 en mi casa, con mi pantal\u00f3n corto, la \u00faltima camiseta que me compr\u00e9 en la tienda HBO y las zapatillas. Y una buena raci\u00f3n de figuras de papel con distintos atuendos que ir\u00e9 recortando seg\u00fan vayan anunciado los ganadores.<\/span><\/p>\n<p><span style=\"font-size: medium;\">Repasemos las principales categor\u00edas para que ustedes se hagan una idea de cu\u00e1l ser\u00e1 mi plan el pr\u00f3ximo domingo.<\/span><\/p>\n<p>&nbsp;<\/p>\n<p><span style=\"font-size: medium;\"><a href=\"\/elsindromededarrin\/wp-content\/uploads\/sites\/21\/2012\/09\/tumblr_lzjnegqkSk1qaps3fo1_1280.jpg\"><img loading=\"lazy\" class=\"alignleft size-medium wp-image-371\" title=\"tumblr_lzjnegqkSk1qaps3fo1_1280\" src=\"\/elsindromededarrin\/wp-content\/uploads\/sites\/21\/2012\/09\/tumblr_lzjnegqkSk1qaps3fo1_1280.jpg\" alt=\"\" width=\"300\" height=\"241\" srcset=\"https:\/\/static-blogs.lasprovincias.es\/wp-content\/uploads\/sites\/21\/2012\/09\/tumblr_lzjnegqkSk1qaps3fo1_1280.jpg 1000w, https:\/\/static-blogs.lasprovincias.es\/wp-content\/uploads\/sites\/21\/2012\/09\/tumblr_lzjnegqkSk1qaps3fo1_1280-300x242.jpg 300w, https:\/\/static-blogs.lasprovincias.es\/wp-content\/uploads\/sites\/21\/2012\/09\/tumblr_lzjnegqkSk1qaps3fo1_1280-768x618.jpg 768w\" sizes=\"(max-width: 300px) 100vw, 300px\" \/><\/a>En el apartado dram\u00e1tico se juegan la estatuilla los g\u00e1ngsters de Atlantic City de \u2018<a href=\"http:\/\/www.hbo.com\/boardwalk-empire\/index.html\" target=\"_blank\" rel=\"external nofollow\">Boardwalk empire<\/a>\u2019 (cuya tercera temporada ha comenzado esta semana despu\u00e9s de una segunda tanda sublime), los Siete Reinos de \u2018<a href=\"http:\/\/www.hbo.com\/game-of-thrones\/index.html\" target=\"_blank\" rel=\"external nofollow\">Juego de tronos<\/a>\u2019, la elegante \u2018<a href=\"http:\/\/www.itv.com\/downtonabbey\/\" target=\"_blank\" rel=\"external nofollow\">Downton Abbey<\/a>\u2019, la sorpresa de la temporada \u2018<a href=\"http:\/\/www.sho.com\/sho\/homeland\/home\" target=\"_blank\" rel=\"external nofollow\">Homeland<\/a>\u2019, los ejecutivos de Madison Avenue de \u2018<a href=\"http:\/\/www.amctv.com\/shows\/mad-men\" target=\"_blank\" rel=\"external nofollow\">Mad Men<\/a>\u2019 (la esperada quinta temporada estuvo a la altura de sus antecesoras) y los narcos de Albuquerque de \u2018<a href=\"http:\/\/www.amctv.com\/shows\/breaking-bad\" target=\"_blank\" rel=\"external nofollow\">Breaking Bad<\/a>\u2019.<\/span><\/p>\n<p><span style=\"font-size: medium;\">Mi coraz\u00f3n est\u00e1 dividido entre la brillante \u2018<a href=\"http:\/\/www.amctv.com\/shows\/breaking-bad\" target=\"_blank\" rel=\"external nofollow\">Breaking Bad<\/a>\u2019 (quiz\u00e1 su a\u00f1o sea el pr\u00f3ximo con el adi\u00f3s definitivo), las intrigantes andanzas de la agente Carrie (\u2018<a href=\"http:\/\/www.sho.com\/sho\/homeland\/home\" target=\"_blank\" rel=\"external nofollow\">Homeland<\/a>\u2019 ser\u00eda una digna ganadora, pero a\u00fan debe convencernos de que es una buena serie y no s\u00f3lo un espejismo) y la llegada a los 60 de los \u2018<a href=\"http:\/\/www.amctv.com\/shows\/mad-men\" target=\"_blank\" rel=\"external nofollow\">Mad Men<\/a>\u2019 con un Draper transformado.<\/span><\/p>\n<p><span style=\"font-size: medium;\">Por si acaso dejar\u00e9 las tijeras junto a los publicistas por si repiten en el podio.<\/span><\/p>\n<p>&nbsp;<\/p>\n<p><span style=\"font-size: medium;\"><a href=\"\/elsindromededarrin\/wp-content\/uploads\/sites\/21\/2012\/09\/trimdoll_don-draper_mad-men_andres-martinez-ricci.jpg\"><img loading=\"lazy\" class=\"alignleft size-medium wp-image-368\" title=\"trimdoll_don-draper_mad-men_andres-martinez-ricci\" src=\"\/elsindromededarrin\/wp-content\/uploads\/sites\/21\/2012\/09\/trimdoll_don-draper_mad-men_andres-martinez-ricci.jpg\" alt=\"\" width=\"300\" height=\"221\" srcset=\"https:\/\/static-blogs.lasprovincias.es\/wp-content\/uploads\/sites\/21\/2012\/09\/trimdoll_don-draper_mad-men_andres-martinez-ricci.jpg 800w, https:\/\/static-blogs.lasprovincias.es\/wp-content\/uploads\/sites\/21\/2012\/09\/trimdoll_don-draper_mad-men_andres-martinez-ricci-300x222.jpg 300w, https:\/\/static-blogs.lasprovincias.es\/wp-content\/uploads\/sites\/21\/2012\/09\/trimdoll_don-draper_mad-men_andres-martinez-ricci-768x567.jpg 768w\" sizes=\"(max-width: 300px) 100vw, 300px\" \/><\/a>Draper compite adem\u00e1s en la categor\u00eda de mejor actor de drama con Nucky Thompson (\u2018<a href=\"http:\/\/www.hbo.com\/boardwalk-empire\/index.html\" target=\"_blank\" rel=\"external nofollow\">Boardwalk Empire<\/a>\u2019), <a href=\"http:\/\/www.sho.com\/sho\/dexter\/home\" target=\"_blank\" rel=\"external nofollow\">Dexter<\/a>, el conde de Grantham (\u2018<a href=\"http:\/\/www.itv.com\/downtonabbey\/\" target=\"_blank\" rel=\"external nofollow\">Downton Abbey<\/a>\u2019), el sargento Brody (\u2018<a href=\"http:\/\/www.sho.com\/sho\/homeland\/home\" target=\"_blank\" rel=\"external nofollow\">Homeland<\/a>\u2019) y, sobre todo, con el gran Walter White (\u2018<a href=\"http:\/\/www.amctv.com\/shows\/breaking-bad\" target=\"_blank\" rel=\"external nofollow\">Breaking bad<\/a>\u2019). Y derrotar a este \u00faltimo ser\u00e1 complicado, teniendo en cuenta que los Emmys valoran este a\u00f1o la cuarta temporada de \u2018<a href=\"http:\/\/www.amctv.com\/shows\/breaking-bad\" target=\"_blank\" rel=\"external nofollow\">Breaking Bad<\/a>\u2019, en la que Bryan Cranston estuvo terror\u00edficamente excepcional.<\/span><\/p>\n<p><span style=\"font-size: medium;\">Claire Danes (\u2018<a href=\"http:\/\/www.sho.com\/sho\/homeland\/home\" target=\"_blank\" rel=\"external nofollow\">Homeland<\/a>\u2019), Juliana Margulies (\u2018<a href=\"http:\/\/www.cbs.com\/shows\/the_good_wife\" target=\"_blank\" rel=\"external nofollow\">The Good Wife<\/a>\u2019), Michelle Dockery (\u2018<a href=\"http:\/\/www.itv.com\/downtonabbey\/\" target=\"_blank\" rel=\"external nofollow\">Downton Abbey<\/a>\u2019), Elisabeth Moss (\u2018<a href=\"http:\/\/www.amctv.com\/shows\/mad-men\" target=\"_blank\" rel=\"external nofollow\">Mad Men<\/a>\u2019), Kathy Bates (\u2018<a href=\"http:\/\/www.nbc.com\/harrys-law\/\" target=\"_blank\" rel=\"external nofollow\">Harry\u2019s Law<\/a>\u2019) y Glenn Close (\u2018<a href=\"http:\/\/www.directv.com\/DTVAPP\/content\/damages\" target=\"_blank\" rel=\"external nofollow\">Damages<\/a>\u2019) se disputar\u00e1n el t\u00edtulo de mejor actriz principal de drama.<\/span><\/p>\n<p>&nbsp;<\/p>\n<p><span style=\"font-size: medium;\"><a href=\"\/elsindromededarrin\/wp-content\/uploads\/sites\/21\/2012\/09\/il_570xN.283640953.jpg\"><img loading=\"lazy\" class=\"alignleft size-medium wp-image-372\" title=\"il_570xN.283640953\" src=\"\/elsindromededarrin\/wp-content\/uploads\/sites\/21\/2012\/09\/il_570xN.283640953.jpg\" alt=\"\" width=\"300\" height=\"214\" srcset=\"https:\/\/static-blogs.lasprovincias.es\/wp-content\/uploads\/sites\/21\/2012\/09\/il_570xN.283640953.jpg 570w, https:\/\/static-blogs.lasprovincias.es\/wp-content\/uploads\/sites\/21\/2012\/09\/il_570xN.283640953-300x215.jpg 300w\" sizes=\"(max-width: 300px) 100vw, 300px\" \/><\/a>Las comedias que aspiran a galard\u00f3n este a\u00f1o son \u2018<a href=\"http:\/\/www.hbo.com\/veep\/index.html\" target=\"_blank\" rel=\"external nofollow\">Veep<\/a>\u2019 (el intento fallido de la HBO por hacer una serie pol\u00edtica de humor), \u2018<a href=\"http:\/\/abc.go.com\/shows\/modern-family\" target=\"_blank\" rel=\"external nofollow\">Modern family<\/a>\u2019 (la gran familia de la ABC, que como los vinos mejora con los a\u00f1os), \u2018<a href=\"http:\/\/www.nbc.com\/30-rock\/\" target=\"_blank\" rel=\"external nofollow\">30 Rock<\/a>\u2019 (las repetitivas tonter\u00edas de Tina Fey), el actualizado \u2018<a href=\"http:\/\/www.tv.com\/shows\/seinfeld\/\" target=\"_blank\" rel=\"external nofollow\">Seinfeld<\/a>\u2019 que es \u2018<a href=\"http:\/\/www.hbo.com\/curb-your-enthusiasm\/index.html\" target=\"_blank\" rel=\"external nofollow\">Curb your enthusiasm<\/a>\u2019, los freaks de \u2018<a href=\"http:\/\/www.cbs.com\/shows\/big_bang_theory\/\" target=\"_blank\" rel=\"external nofollow\">The big bang theory<\/a>\u2019, y ese soplo de aire fresco que ha representado \u2018<a href=\"http:\/\/www.hbo.com\/girls\/index.html\" target=\"_blank\" rel=\"external nofollow\">Girls<\/a>\u2019.<\/span><\/p>\n<p>&nbsp;<\/p>\n<p><span style=\"font-size: medium;\"><a href=\"\/elsindromededarrin\/wp-content\/uploads\/sites\/21\/2012\/09\/tumblr_m57hozEp3e1qaps3fo1_1280.jpg\"><img loading=\"lazy\" class=\"alignleft size-medium wp-image-365\" title=\"tumblr_m57hozEp3e1qaps3fo1_1280\" src=\"\/elsindromededarrin\/wp-content\/uploads\/sites\/21\/2012\/09\/tumblr_m57hozEp3e1qaps3fo1_1280.jpg\" alt=\"\" width=\"300\" height=\"238\" srcset=\"https:\/\/static-blogs.lasprovincias.es\/wp-content\/uploads\/sites\/21\/2012\/09\/tumblr_m57hozEp3e1qaps3fo1_1280.jpg 1280w, https:\/\/static-blogs.lasprovincias.es\/wp-content\/uploads\/sites\/21\/2012\/09\/tumblr_m57hozEp3e1qaps3fo1_1280-300x238.jpg 300w, https:\/\/static-blogs.lasprovincias.es\/wp-content\/uploads\/sites\/21\/2012\/09\/tumblr_m57hozEp3e1qaps3fo1_1280-768x610.jpg 768w, https:\/\/static-blogs.lasprovincias.es\/wp-content\/uploads\/sites\/21\/2012\/09\/tumblr_m57hozEp3e1qaps3fo1_1280-1024x813.jpg 1024w\" sizes=\"(max-width: 300px) 100vw, 300px\" \/><\/a>Parece dif\u00edcil que las chicas de Brooklyn arrebaten el Emmy a los Pritchett. Donde alguna opci\u00f3n puede encontrar Hannah (que es directora, guionista, protagonista y algo m\u00e1s de \u2018<a href=\"http:\/\/www.hbo.com\/girls\/index.html\" target=\"_blank\" rel=\"external nofollow\">Girls<\/a>\u2019) es en el apartado de actriz c\u00f3mica, en el que tambi\u00e9n se hallan la enfermera Jackie (\u2018<a href=\"http:\/\/www.sho.com\/sho\/nurse-jackie\/home\" target=\"_blank\" rel=\"external nofollow\">Nurse Jackie<\/a>\u2019), la inefable guionista Liz (\u2019<a href=\"http:\/\/www.nbc.com\/30-rock\/\" target=\"_blank\" rel=\"external nofollow\">30 rock<\/a>\u2019), la exc\u00e9ntrica Jessica Day (\u2018<a href=\"http:\/\/www.fox.com\/new-girl\/\" target=\"_blank\" rel=\"external nofollow\">New girl<\/a>\u2019), la surrealista Leslie Knope (\u2018<a href=\"http:\/\/www.nbc.com\/parks-and-recreation\/\" target=\"_blank\" rel=\"external nofollow\">Parks &#038; recreation<\/a>\u2019), la vicepresidenta Selina Meyer (\u2018<a href=\"http:\/\/www.hbo.com\/veep\/index.html\" target=\"_blank\" rel=\"external nofollow\">Veep<\/a>\u2019) y la maestra Molly Flynn (\u2018<a href=\"http:\/\/www.cbs.com\/shows\/mike_and_molly\/\" target=\"_blank\" rel=\"external nofollow\">Mike and Molly<\/a>&#8216;).<\/span><\/p>\n<p><span style=\"font-size: medium;\">Hannah t\u00fa puedes.<\/span><\/p>\n<p><span style=\"font-size: medium;\">Larry David (\u2018<a href=\"http:\/\/www.hbo.com\/curb-your-enthusiasm\/index.html\" target=\"_blank\" rel=\"external nofollow\">Curb your Enthusiasm<\/a>\u2019), Jon Cryer (\u2018<a href=\"http:\/\/www.cbs.com\/shows\/two_and_a_half_men\/\" target=\"_blank\" rel=\"external nofollow\">Dos hombres y medio<\/a>\u2019), Louis C.K. (\u2018<a href=\"http:\/\/www.fxnetworks.com\/louie\/\" target=\"_blank\" rel=\"external nofollow\">Louie<\/a>\u2019), Jim Parsons (\u2018<a href=\"http:\/\/www.cbs.com\/shows\/big_bang_theory\/\" target=\"_blank\" rel=\"external nofollow\">The Big Bang Theory<\/a>\u2019), Don Cheadle (\u2018<a href=\"http:\/\/www.sho.com\/sho\/house-of-lies\/home\" target=\"_blank\" rel=\"external nofollow\">House of Lies<\/a>\u2019) y Alec Baldwin (\u2018<a href=\"http:\/\/www.nbc.com\/30-rock\/\" target=\"_blank\" rel=\"external nofollow\">30 Rock<\/a>\u2019) se juegan el galard\u00f3n al mejor int\u00e9rprete de comedia.<\/span><\/p>\n<p><span style=\"font-size: medium;\">El listado completo de todos los candidatos a los Emmy se puede consultar en esta <a href=\"http:\/\/www.emmys.com\/nominations\" target=\"_blank\" rel=\"external nofollow\">web<\/a>. Yo ya lo tengo impreso, junto a todos mis recortables con los que, para no variar, volver\u00e9 a comportarme como un ni\u00f1o.<\/span><\/p>\n<p><span style=\"font-size: medium;\">Por cierto los creadores de las curradas figuras de papel son\u00a0<a href=\"http:\/\/society6.com\/KyleHilton\" target=\"_blank\" rel=\"external nofollow\">Kyle Hilton<\/a>,\u00a0<a href=\"http:\/\/www.jrsmithdesign.com\/madmen\/madmenindex.html\" target=\"_blank\" rel=\"external nofollow\">J. R. Smith Design<\/a>\u00a0y\u00a0<a href=\"http:\/\/www.martinezricci.com.ar\/spa\/editorial\/editorial.htm\" target=\"_blank\" rel=\"external nofollow\">Andr\u00e9s Mart\u00ednez Ricci<\/a>.<\/span><\/p>\n<p>&nbsp;<\/p>\n<p><em>T\u00edtulos de cr\u00e9dito: Para quejas, sugerencias y otras necesidades humanas mi correo es mlabastida@lasprovincias.es<\/em><\/p>\n<!-- AddThis Advanced Settings generic via filter on the_content --><!-- AddThis Share Buttons generic via filter on the_content -->","protected":false},"excerpt":{"rendered":"<p>Monica Geller: &#8220;Oh, no puedo creer que te hayan nominado para un Emmy\u2026&#8221; Joey Tribbiani: &#8220;No, no&#8221;. Monica: &#8220;\u00bfEl Premio Telenovela?&#8221; Joey: &#8220;No. \u00a1Podr\u00eda ganar un Culebroni!&#8221; Friends &nbsp; &nbsp; \u00a0\u00a0 &nbsp; Junto al Cinexin, el tragabolas, la peonza y el fuerte de Famobil uno de los juguetes de nuestra infancia m\u00e1s populares fueron los [&hellip;]<!-- AddThis Advanced Settings generic via filter on get_the_excerpt --><!-- AddThis Share Buttons generic via filter on get_the_excerpt --><\/p>\n","protected":false},"author":29,"featured_media":0,"comment_status":"open","ping_status":"closed","sticky":false,"template":"","format":"standard","meta":[],"categories":[2],"tags":[103,114,250,278,333,478,526,678],"_links":{"self":[{"href":"https:\/\/blogs.lasprovincias.es\/elsindromededarrin\/wp-json\/wp\/v2\/posts\/364"}],"collection":[{"href":"https:\/\/blogs.lasprovincias.es\/elsindromededarrin\/wp-json\/wp\/v2\/posts"}],"about":[{"href":"https:\/\/blogs.lasprovincias.es\/elsindromededarrin\/wp-json\/wp\/v2\/types\/post"}],"author":[{"embeddable":true,"href":"https:\/\/blogs.lasprovincias.es\/elsindromededarrin\/wp-json\/wp\/v2\/users\/29"}],"replies":[{"embeddable":true,"href":"https:\/\/blogs.lasprovincias.es\/elsindromededarrin\/wp-json\/wp\/v2\/comments?post=364"}],"version-history":[{"count":0,"href":"https:\/\/blogs.lasprovincias.es\/elsindromededarrin\/wp-json\/wp\/v2\/posts\/364\/revisions"}],"wp:attachment":[{"href":"https:\/\/blogs.lasprovincias.es\/elsindromededarrin\/wp-json\/wp\/v2\/media?parent=364"}],"wp:term":[{"taxonomy":"category","embeddable":true,"href":"https:\/\/blogs.lasprovincias.es\/elsindromededarrin\/wp-json\/wp\/v2\/categories?post=364"},{"taxonomy":"post_tag","embeddable":true,"href":"https:\/\/blogs.lasprovincias.es\/elsindromededarrin\/wp-json\/wp\/v2\/tags?post=364"}],"curies":[{"name":"wp","href":"https:\/\/api.w.org\/{rel}","templated":true}]}}